{"id":34193,"date":"2011-06-09T10:56:00","date_gmt":"2011-06-09T07:56:00","guid":{"rendered":"http:\/\/www.korhanyilmaz.com\/?p=34193"},"modified":"2011-06-09T10:56:00","modified_gmt":"2011-06-09T07:56:00","slug":"mehmet-agar-oyunun-rengini-acikladi","status":"publish","type":"post","link":"http:\/\/www.korhanyilmaz.com\/?p=34193","title":{"rendered":"Mehmet A\u011far oyunun rengini a\u00e7\u0131klad\u0131"},"content":{"rendered":"<p style=\"text-align: justify;\"><a rel=\"attachment wp-att-34194\" href=\"http:\/\/www.korhanyilmaz.com\/?attachment_id=34194\"><img loading=\"lazy\" decoding=\"async\" class=\"aligncenter size-full wp-image-34194\" src=\"http:\/\/www.korhanyilmaz.com\/wp-content\/uploads\/2011\/06\/031.jpg\" alt=\"\" width=\"462\" height=\"210\" \/ class=\"lightview\"><\/a><\/p>\n<p style=\"text-align: justify;\">Eski \u00d6zel Harekat\u00e7\u0131 Ayhan \u00c7ark\u0131n&#8217;\u0131n faili me\u00e7hul cinayetlerle ilgili a\u00e7\u0131klamalar\u0131 sonras\u0131 g\u00f6zlerin \u00e7evrildi\u011fi Mehmet A\u011far, se\u00e7imlerde s\u00fcrpriz bir bi\u00e7imde AK Parti&#8217;ye destek verece\u011fini a\u00e7\u0131klad\u0131.<!--more--><\/p>\n<p style=\"text-align: justify;\">ELAZI\u011e- Eski \u00d6zel Harek\u00e2t\u00e7\u0131  Ayhan \u00c7ark\u0131n&#8217;\u0131n &#8220;vicdan\u0131m\u0131 dindirmek, konu\u015fmak istiyorum&#8221; s\u00f6zleriyle ba\u015flayan ve \u00c7ark\u0131n&#8217;\u0131n gazetelere verdi\u011fi deme\u00e7ler sonras\u0131 faili me\u00e7hul cinayetlerle ilgili a\u00e7\u0131lan soru\u015fturma kapsam\u0131nda tutuklanmas\u0131n\u0131n ard\u0131ndan g\u00f6zler  Mehmet A\u011far&#8217;\u0131n da aralar\u0131nda bulundu\u011fu d\u00f6nemin \u00f6nemli isimlerine \u00e7evrildi.<\/p>\n<p style=\"text-align: justify;\">\u00c7ark\u0131n&#8217;\u0131n savc\u0131l\u0131\u011fa verdi\u011fi ifadede 1990\u2019l\u0131 y\u0131llarda i\u015flenen cinayetlerden \u0130brahim \u015eahin,  Mehmet A\u011far ve  Tansu \u00c7illerin \u2018haberdar\u2019 oldu\u011funu s\u00f6ylemesi \u00fczerine Zaman ve Taraf gibi gazetelerde s\u0131ran\u0131n bu ki\u015filerde oldu\u011funa dair haberler yap\u0131ld\u0131. Uzun s\u00fcredir sesi solu\u011fu \u00e7\u0131kmayan  Mehmet A\u011far bu olaylar\u0131n hemen ard\u0131ndan Elaz\u0131\u011f&#8217;da yay\u0131n yapan bir radyoya ba\u011flanarak, s\u00fcrpriz bir bi\u00e7imde se\u00e7imlerde AK Parti&#8217;yi destekleyece\u011fini a\u00e7\u0131klad\u0131.<\/p>\n<p style=\"text-align: justify;\">Halk\u0131n kendisini y\u0131llarca onurland\u0131rd\u0131\u011f\u0131n\u0131 ve &#8216;\u015feref madalyas\u0131&#8217; takt\u0131\u011f\u0131n\u0131 s\u00f6yleyen  A\u011far, &#8220;Elaz\u0131\u011f halk\u0131 y\u0131llarca g\u00f6\u011fs\u00fcm\u00fczden eksik olmayacak \u015feref madalyas\u0131n\u0131 takt\u0131. Bir gururla ta\u015f\u0131yaca\u011f\u0131m\u0131z bir madalyad\u0131r. 2007 y\u0131l\u0131ndan itibaren ben siyasetten uzak kald\u0131m. Hep onlar\u0131n sayesinde bu \u00fclkede hep onurla gururla rahat gezdik \u015f\u00fckranlar\u0131m\u0131 sunuyorum Allah her zaman onlar\u0131n yan\u0131nda olsun&#8221; diye konu\u015ftu. Elaz\u0131\u011f Belediye Ba\u015fkan\u0131 S\u00fcleyman Selmano\u011flu&#8217;nun Demokrat Parti\u2019den, Ak Parti\u2019ye ge\u00e7i\u015fini anlatan A\u011far \u015f\u00f6yle dedi:<\/p>\n<p style=\"text-align: justify;\">&#8220;Bu d\u00f6nem siyasetin tamamen d\u0131\u015f\u0131ndayd\u0131m. \u015e\u00f6yle bir siyasi geli\u015fme oldu; bu s\u00fcre\u00e7 i\u00e7ersinde Belediye ba\u015fkan\u0131m\u0131z S\u00fcleyman Selmano\u011flu se\u00e7imlerden \u00f6nce bana geldi. B\u00fcy\u00fck bir nezaket g\u00f6sterdi. 1995 y\u0131l\u0131ndan 2007 y\u0131l\u0131na kadar birlikte oldu\u011fumuz bir dost, bir evlat, bir karde\u015f gibi yeri geldi benim i\u00e7in adayl\u0131ktan feragat etti. AK Parti&#8217;ye ge\u00e7ece\u011fi zaman bir ba\u015fka nezaketi de say\u0131n ba\u015fbakan g\u00f6sterdi. S\u00fcleyman beyden \u00f6nce bize teklif getirdiler, bizden m\u00fcsaade istediler. Biz de &#8216;Esta\u011ffurullah&#8217; dedik. Ben bunu \u015f\u00fckranla ifade ediyorum. S\u00fcleyman beyin iktidar partisinden belediye ba\u015fkan\u0131 olmas\u0131 \u00e7ok \u00f6nemliydi. \u0130mk\u00e2nlar bak\u0131m\u0131ndan b\u00fcy\u00fck bir memnuniyetle buna &#8216;Evet\u2019 dedik.&#8221;<\/p>\n<p style=\"text-align: justify;\"><strong>&#8220;B\u0130R TEK OYUM VAR&#8221;<\/strong><\/p>\n<p style=\"text-align: justify;\">Mehmet  A\u011far, &#8220;Siyasi geli\u015fmeleri nas\u0131l de\u011ferlendiriyorsunuz?&#8221; sorusu \u00fczerine, geleneksel siyasi \u00e7izgisinin merkez sa\u011f oldu\u011funu, merkez sa\u011f\u0131n geleneksel normlar\u0131n\u0131 i\u00e7inde var eden partinin g\u00fcn\u00fcm\u00fczde AK Parti oldu\u011funu belirterek, &#8220;Se\u00e7men olarak Elaz\u0131\u011f&#8217;da bir tek oyum oldu\u011fu i\u00e7in yan\u0131nda tercihimi kullan\u0131rd\u0131m diye d\u00fc\u015f\u00fcyordum&#8221; yan\u0131t\u0131n\u0131 verdi.<\/p>\n<p style=\"text-align: justify;\">AK Parti&#8217;nin, Adnan Menderes ve Turgut \u00d6zal \u00e7izgisinde gelen tek parti oldu\u011funu savunan  Mehmet  A\u011far, &#8220;Merkez sa\u011f iktidarlar\u0131n tamam\u0131 kalk\u0131nmac\u0131, b\u00fcy\u00fcmeci, altyap\u0131 hizmetlerine \u00f6nem veren bununla birlikte ekonomiyi b\u00fcy\u00fcten, geli\u015ftiren, i\u015f alanlar\u0131n\u0131 a\u00e7an, bu \u00e7izgide say\u0131n Ba\u015fbakan\u0131n \u00e7ok dirayetle irdeledi\u011fini g\u00f6r\u00fcyorum. Bundan da b\u00fcy\u00fck memnuniyet duyuyorum&#8221; dedi.Elaz\u0131\u011f&#8217;daki her aday\u0131n hem\u015ferisi oldu\u011funu anlatan  A\u011far, bug\u00fcn bir tercih yapmak zorunda kalmas\u0131 halinde Ak Parti&#8217;yi se\u00e7ece\u011fini anlat\u0131rken, &#8220;S\u00fcleyman beyin (Elaz\u0131\u011f Belediye Ba\u015fkan\u0131 S\u00fcleyman Salmano\u011flu) oldu\u011fu bir parti ve dolay\u0131s\u0131yla s\u00f6yledi\u011fim \u00e7izgiler i\u00e7ersinde hizmet eten bir parti. Herkesin bir tercihi var. Herkes herkesin tercihine sayg\u0131 g\u00f6sterir, bu y\u00f6nde kullan\u0131rd\u0131m diye d\u00fc\u015f\u00fcn\u00fcrd\u00fcm&#8221; diye konu\u015ftu.<\/p>\n<p style=\"text-align: justify;\"><a href=\"http:\/\/www.gazeteport.com.tr\/haber\/36693\/mehmet_agar_oyunun_rengini_acikladi\" target=\"_blank\">Kaynak : GAZETEPORT<\/a><\/p>\n","protected":false},"excerpt":{"rendered":"<p style=\"text-align: justify;\">\n<p style=\"text-align: justify;\">Eski \u00d6zel Harekat\u00e7\u0131 Ayhan \u00c7ark\u0131n&#8217;\u0131n faili me\u00e7hul cinayetlerle ilgili a\u00e7\u0131klamalar\u0131 sonras\u0131 g\u00f6zlerin \u00e7evrildi\u011fi Mehmet A\u011far, se\u00e7imlerde s\u00fcrpriz bir bi\u00e7imde AK Parti&#8217;ye destek verece\u011fini a\u00e7\u0131klad\u0131.<\/p>\n","protected":false},"author":1,"featured_media":0,"comment_status":"open","ping_status":"closed","sticky":false,"template":"","format":"standard","meta":{"footnotes":""},"categories":[105],"tags":[],"class_list":["post-34193","post","type-post","status-publish","format-standard","hentry","category-gundem","odd"],"_links":{"self":[{"href":"http:\/\/www.korhanyilmaz.com\/index.php?rest_route=\/wp\/v2\/posts\/34193","targetHints":{"allow":["GET"]}}],"collection":[{"href":"http:\/\/www.korhanyilmaz.com\/index.php?rest_route=\/wp\/v2\/posts"}],"about":[{"href":"http:\/\/www.korhanyilmaz.com\/index.php?rest_route=\/wp\/v2\/types\/post"}],"author":[{"embeddable":true,"href":"http:\/\/www.korhanyilmaz.com\/index.php?rest_route=\/wp\/v2\/users\/1"}],"replies":[{"embeddable":true,"href":"http:\/\/www.korhanyilmaz.com\/index.php?rest_route=%2Fwp%2Fv2%2Fcomments&post=34193"}],"version-history":[{"count":0,"href":"http:\/\/www.korhanyilmaz.com\/index.php?rest_route=\/wp\/v2\/posts\/34193\/revisions"}],"wp:attachment":[{"href":"http:\/\/www.korhanyilmaz.com\/index.php?rest_route=%2Fwp%2Fv2%2Fmedia&parent=34193"}],"wp:term":[{"taxonomy":"category","embeddable":true,"href":"http:\/\/www.korhanyilmaz.com\/index.php?rest_route=%2Fwp%2Fv2%2Fcategories&post=34193"},{"taxonomy":"post_tag","embeddable":true,"href":"http:\/\/www.korhanyilmaz.com\/index.php?rest_route=%2Fwp%2Fv2%2Ftags&post=34193"}],"curies":[{"name":"wp","href":"https:\/\/api.w.org\/{rel}","templated":true}]}}