{"id":3419,"date":"2009-02-21T11:05:51","date_gmt":"2009-02-21T09:05:51","guid":{"rendered":"http:\/\/www.korhanyilmaz.com\/?p=3419"},"modified":"2009-02-21T11:05:51","modified_gmt":"2009-02-21T09:05:51","slug":"yurutme-yargiyi-kusatti","status":"publish","type":"post","link":"http:\/\/www.korhanyilmaz.com\/?p=3419","title":{"rendered":"&#039;Y\u00fcr\u00fctme yarg\u0131y\u0131 ku\u015fatt\u0131&#039;"},"content":{"rendered":"<p style=\"text-align: center;\"><img loading=\"lazy\" decoding=\"async\" class=\"aligncenter size-full wp-image-3420\" title=\"'Y\u00fcr\u00fctme yarg\u0131y\u0131 ku\u015fatt\u0131' \" src=\"http:\/\/www.korhanyilmaz.com\/wp-content\/uploads\/2009\/02\/210220091141221264551.jpg\" alt=\"'Y\u00fcr\u00fctme yarg\u0131y\u0131 ku\u015fatt\u0131' \" width=\"376\" height=\"240\" \/><\/p>\n<p style=\"text-align: justify;\"><strong>Sami Sel\u00e7uk, yarg\u0131ya m\u00fcdahale eden adalet bakanlar\u0131n\u0131n koltu\u011funu yitirmeyi g\u00f6ze almas\u0131 gerekti\u011fini s\u00f6yledi<\/strong><\/p>\n<p style=\"text-align: justify;\">Yarg\u0131tay Onursal Ba\u015fkan\u0131 ve Bilkent \u00dcniversitesi Hukuk Fak\u00fcltesi Ceza ve Ceza Usul Hukuku \u00d6\u011fretim \u00dcyesi Prof. Dr. Sami Sel\u00e7uk, &#8220;Tefti\u015f Kurulu, Adalet Bakanl\u0131\u011f\u0131&#8217;na ba\u011fl\u0131 oldu\u011fu, yarg\u0131\u00e7 ve savc\u0131lar\u0131 denetledi\u011fi s\u00fcrece siz oray\u0131 ba\u011f\u0131ms\u0131z yapamazs\u0131n\u0131z&#8221; dedi.<\/p>\n<p style=\"text-align: justify;\">Sami Sel\u00e7uk, Akdeniz \u00dcniversitesi Hukuk Fak\u00fcltesi taraf\u0131ndan d\u00fczenlenen &#8220;Hukukun \u00dcst\u00fcnl\u00fc\u011f\u00fc I\u015f\u0131\u011f\u0131nda Ceza Yarg\u0131lamas\u0131&#8221; konulu paneli y\u00f6netti.<\/p>\n<p style=\"text-align: justify;\">Sel\u00e7uk, paneldeki konu\u015fmas\u0131nda, T\u00fcrkiye&#8217;de y\u00fcr\u00fctmenin, yarg\u0131y\u0131 ku\u015fatt\u0131\u011f\u0131n\u0131 savundu ve Avrupa \u00fclkelerinde yarg\u0131ya m\u00fcdahale eden adalet bakanlar\u0131n\u0131n koltu\u011funu yitirmeyi g\u00f6ze almas\u0131 gerekti\u011fini savundu.<!--more--><\/p>\n<p style=\"text-align: justify;\">Sel\u00e7uk, &#8220;Tefti\u015f kurulu, Adalet Bakanl\u0131\u011f\u0131&#8217;na ba\u011fl\u0131 oldu\u011fu, yarg\u0131\u00e7 ve savc\u0131lar\u0131 denetledi\u011fi s\u00fcrece siz oray\u0131 ba\u011f\u0131ms\u0131z yapamazs\u0131n\u0131z. Yarg\u0131c\u0131n bir ba\u015fka yarg\u0131ca kar\u015f\u0131 ba\u011f\u0131ms\u0131zl\u0131\u011f\u0131 var m\u0131? Yarg\u0131\u00e7lar\u0131n Yarg\u0131tay yarg\u0131\u00e7lar\u0131na kar\u015f\u0131 ba\u011f\u0131ms\u0131zl\u0131\u011f\u0131 var m\u0131? Yok. \u00c7\u00fcnk\u00fc Yarg\u0131tay yarg\u0131\u00e7lar\u0131, yarg\u0131\u00e7lara not verir&#8221; dedi.<\/p>\n<p style=\"text-align: justify;\">Adalet Bakanl\u0131\u011f\u0131 m\u00fcfetti\u015flerinin de yarg\u0131\u00e7lar hakk\u0131nda hal ve gidi\u015f notu verdiklerini ifade eden Sel\u00e7uk, Yarg\u0131tay Ba\u015fkan\u0131 oldu\u011fu d\u00f6nemlerde g\u00f6rd\u00fc\u011f\u00fc o raporlar\u0131n t\u00fcylerini diken diken etti\u011fini belirterek, &#8220;Adalet Bakanl\u0131\u011f\u0131 m\u00fcfetti\u015flerinin raporlar\u0131nda yarg\u0131\u00e7lar\u0131n hangi siyasi g\u00f6r\u00fc\u015fte olduklar\u0131, Tanr\u0131&#8217;ya inan\u0131p inanmad\u0131klar\u0131, oru\u00e7 tutup tutmad\u0131klar\u0131 yaz\u0131yordu. Her yerde s\u00f6yl\u00fcyorum, hi\u00e7 kimsenin Tanr\u0131 ile ili\u015fkisini bilemezsiniz&#8221; diye konu\u015ftu.<\/p>\n<p style=\"text-align: justify;\">Yarg\u0131\u00e7lar hakk\u0131nda, siyasal g\u00f6r\u00fc\u015fleri ve dinsel inan\u00e7lar\u0131n\u0131 g\u00f6revleriyle kar\u0131\u015ft\u0131rmalar\u0131 durumunda ancak soru\u015fturma a\u00e7\u0131labilece\u011fini vurgulayan Sel\u00e7uk, &#8220;Kim bilir benim i\u00e7in neler yazd\u0131lar? Hi\u00e7 merak etmedim. Hi\u00e7 umurumda de\u011fil. Bu not sistemi kald\u0131r\u0131lmal\u0131d\u0131r&#8221; dedi.<\/p>\n<p style=\"text-align: justify;\"><span style=\"color: #888888;\">(CNN T\u00fcrk)<\/span><\/p>\n","protected":false},"excerpt":{"rendered":"<p style=\"text-align: center;\">\n<p style=\"text-align: justify;\">Sami Sel\u00e7uk, yarg\u0131ya m\u00fcdahale eden adalet bakanlar\u0131n\u0131n koltu\u011funu yitirmeyi g\u00f6ze almas\u0131 gerekti\u011fini s\u00f6yledi<\/p>\n<p style=\"text-align: justify;\">Yarg\u0131tay Onursal Ba\u015fkan\u0131 ve Bilkent \u00dcniversitesi Hukuk Fak\u00fcltesi Ceza ve Ceza Usul Hukuku \u00d6\u011fretim \u00dcyesi Prof. Dr. Sami Sel\u00e7uk, &#8220;Tefti\u015f Kurulu, Adalet Bakanl\u0131\u011f\u0131&#8217;na ba\u011fl\u0131 oldu\u011fu, yarg\u0131\u00e7 ve savc\u0131lar\u0131 denetledi\u011fi s\u00fcrece siz oray\u0131 ba\u011f\u0131ms\u0131z yapamazs\u0131n\u0131z&#8221; dedi.<\/p>\n","protected":false},"author":1,"featured_media":0,"comment_status":"open","ping_status":"closed","sticky":false,"template":"","format":"standard","meta":{"footnotes":""},"categories":[105],"tags":[],"class_list":["post-3419","post","type-post","status-publish","format-standard","hentry","category-gundem","odd"],"_links":{"self":[{"href":"http:\/\/www.korhanyilmaz.com\/index.php?rest_route=\/wp\/v2\/posts\/3419","targetHints":{"allow":["GET"]}}],"collection":[{"href":"http:\/\/www.korhanyilmaz.com\/index.php?rest_route=\/wp\/v2\/posts"}],"about":[{"href":"http:\/\/www.korhanyilmaz.com\/index.php?rest_route=\/wp\/v2\/types\/post"}],"author":[{"embeddable":true,"href":"http:\/\/www.korhanyilmaz.com\/index.php?rest_route=\/wp\/v2\/users\/1"}],"replies":[{"embeddable":true,"href":"http:\/\/www.korhanyilmaz.com\/index.php?rest_route=%2Fwp%2Fv2%2Fcomments&post=3419"}],"version-history":[{"count":0,"href":"http:\/\/www.korhanyilmaz.com\/index.php?rest_route=\/wp\/v2\/posts\/3419\/revisions"}],"wp:attachment":[{"href":"http:\/\/www.korhanyilmaz.com\/index.php?rest_route=%2Fwp%2Fv2%2Fmedia&parent=3419"}],"wp:term":[{"taxonomy":"category","embeddable":true,"href":"http:\/\/www.korhanyilmaz.com\/index.php?rest_route=%2Fwp%2Fv2%2Fcategories&post=3419"},{"taxonomy":"post_tag","embeddable":true,"href":"http:\/\/www.korhanyilmaz.com\/index.php?rest_route=%2Fwp%2Fv2%2Ftags&post=3419"}],"curies":[{"name":"wp","href":"https:\/\/api.w.org\/{rel}","templated":true}]}}