{"id":34179,"date":"2011-06-07T14:39:15","date_gmt":"2011-06-07T11:39:15","guid":{"rendered":"http:\/\/www.korhanyilmaz.com\/?p=34179"},"modified":"2011-07-10T21:35:44","modified_gmt":"2011-07-10T18:35:44","slug":"iste-o-belge-2","status":"publish","type":"post","link":"http:\/\/www.korhanyilmaz.com\/?p=34179","title":{"rendered":"\u0130\u015fte o belge"},"content":{"rendered":"<p style=\"text-align: center;\"><a href=\"http:\/\/www.korhanyilmaz.com\/wp-content\/uploads\/2011\/06\/0291.jpg\"  class=\"lightview\"><img loading=\"lazy\" decoding=\"async\" class=\"aligncenter\" src=\"http:\/\/www.korhanyilmaz.com\/wp-content\/uploads\/2011\/06\/0291.jpg\" alt=\"\" width=\"399\" height=\"182\" \/><\/a><\/p>\n<p style=\"text-align: justify;\">K\u0131l\u0131\u00e7daro\u011flu\u2019nun, \u2018\u2019Nev\u015fehir Valisinin AKP mitingi i\u00e7in resmi ara\u00e7 tahsis etti\u011fi\u2019\u2019 iddias\u0131n\u0131n belgesi ortaya \u00e7\u0131kt\u0131.<\/p>\n<p style=\"text-align: justify;\">ANKARA- CHP lideri Kemal K\u0131l\u0131\u00e7daro\u011flu\u2019nun, \u2018\u2019Nev\u015fehir Valisinin AKP mitingi i\u00e7in resmi ara\u00e7 tahsis etti\u011fi\u2019\u2019 iddias\u0131n\u0131n belgesi ortaya \u00e7\u0131kt\u0131. Belgede, Ba\u015fbakan Erdo\u011fan\u2019\u0131n 25 May\u0131s g\u00fcn\u00fc Nev\u015fehir\u2019i ziyareti nedeniyle resmi ara\u00e7lara sivil plaka tak\u0131larak haz\u0131r bekletilmesi ve resmi minib\u00fcslerin de arka koltuklar\u0131n\u0131n s\u00f6k\u00fclmesi isteniyor. <!--more--><\/p>\n<p style=\"text-align: justify;\">Nev\u015fehir Valisi Abdurrahman Sava\u015f ise, ara\u00e7 g\u00f6revlendirme i\u015fleminin Ba\u015fbakan ve bakanlar\u0131n resmi a\u00e7\u0131l\u0131\u015f program\u0131 i\u00e7in yap\u0131ld\u0131\u011f\u0131n\u0131 AKP mitingi i\u00e7in ara\u00e7 tahsis edilmedi\u011fini a\u00e7\u0131klad\u0131. Ancak Vali Savas, minib\u00fcslerin arka koltuklar\u0131n\u0131n neden s\u00f6k\u00fcld\u00fc\u011f\u00fcn\u00fc ve ara\u00e7lara sivil plaka tak\u0131ld\u0131\u011f\u0131 konusuna a\u00e7\u0131kl\u0131k getirmedi.<\/p>\n<p style=\"text-align: justify;\"><strong>\u2018\u2019EMN\u0130YETTE S\u0130V\u0130L PLAKA TAKTIRIN\u2019\u2019<\/strong><\/p>\n<p style=\"text-align: justify;\">K\u0131l\u0131\u00e7daro\u011flu, Ayd\u0131n mitinginde bu belgeyi k\u00fcrs\u00fcden g\u00f6stermi\u015f ve \u2018\u2019 Vali, resmi plakal\u0131 ara\u00e7lar\u0131 tahsis edeceksiniz, plakalar\u0131 s\u00f6kecek, yerine sivil plaka takacaks\u0131n\u0131z. Recep Bey\u2019in mitingine gideceksiniz\u2019 dedi.<\/p>\n<p style=\"text-align: justify;\">Ba\u015fbakan Erdo\u011fan\u2019\u0131n 25 May\u0131s\u2019ta Nev\u015fehir\u2019e gitmesinden bir ay \u00f6nce iki ayr\u0131 resmi yaz\u0131 imzalayan Vali Sava\u015f, toplam 13 kamu arac\u0131na sivil plaka tak\u0131lmas\u0131n\u0131 istedi. Vali Sava\u015f\u2019\u0131n, \u0130l Milli E\u011fitim M\u00fcd\u00fcrl\u00fc\u011f\u00fc ile \u0130l M\u00fcft\u00fcl\u00fc\u011f\u00fc minib\u00fcslerinin \u201carka koltuklar\u0131n\u0131n \u00e7\u0131kar\u0131lmas\u0131 i\u00e7in talimat vermesi de dikkat \u00e7ekti. Belgelerden biri 28 Nisan tarihini ta\u015f\u0131yor. Yaz\u0131da \u015f\u00f6yle deniyor:<\/p>\n<p style=\"text-align: justify;\">\u2018\u2019Say\u0131n Ba\u015fbakan\u0131m\u0131z\u0131n yard\u0131mc\u0131 hizmetlerinde kullan\u0131lmak \u00fczere, dairenize ait a\u015fa\u011f\u0131da plakas\u0131, markas\u0131, \u015fof\u00f6r ismi ve cep telefonlar\u0131 yaz\u0131l\u0131 minib\u00fcslerin 23 May\u0131s 2011 g\u00fcn\u00fc saat 16.00\u2019da Emniyet M\u00fcd\u00fcrl\u00fc\u011f\u00fc Trafik Tescil \u015eube M\u00fcd\u00fcrl\u00fc\u011f\u00fc\u2019ne ilgili \u015fof\u00f6rler m\u00fcracaat ederek sivil plaka tak\u0131lmak kayd\u0131yla (\u0130l milli e\u011fitim m\u00fcd\u00fcrl\u00fc\u011f\u00fc ile il m\u00fcft\u00fcl\u00fc\u011f\u00fc minib\u00fcslerinin arka koltuklar\u0131 \u00e7\u0131kar\u0131lm\u0131\u015f olarak) 24 May\u0131s 2011 Sal\u0131 g\u00fcn\u00fc saat 10.00\u2019da Valilik \u00f6n\u00fcnde ara\u00e7lar\u0131n her t\u00fcrl\u00fc ikmali yap\u0131lm\u0131\u015f olarak, k\u0131l\u0131k ve k\u0131yafeti d\u00fczg\u00fcn \u015fof\u00f6r\u00fc ile birlikte haz\u0131r bulunmalar\u0131 uygun g\u00f6r\u00fclm\u00fc\u015ft\u00fcr. Bilgi ve gere\u011fini \u00f6nemle rica ederim.\u201d<\/p>\n<p style=\"text-align: justify;\"><strong>\u0130K\u0130NC\u0130 YAZIDA MAKAM ARA\u00c7LARI<\/strong><\/p>\n<p style=\"text-align: justify;\">Vali, 29 Nisan\u2019da ikinci bir yaz\u0131 daha yazarak Erdo\u011fan\u2019\u0131n Nev\u015fehir\u2019e te\u015frif edece\u011fini belirtikten sonra \u201cmahiyetinde bulunan heyetin hizmetlerinde kullan\u0131lmak \u00fczere\u201d T\u00dc\u0130K, Defterdarl\u0131k, \u0130l Gen\u00e7lik ve Spor M\u00fcd\u00fcrl\u00fc\u011f\u00fc, \u0130l Milli E\u011fitim M\u00fcd\u00fcrl\u00fc\u011f\u00fc ve \u0130l M\u00fcft\u00fcl\u00fc\u011f\u00fcne ait biri Toyota 5\u2019i Renault marka olan makam ara\u00e7lar\u0131n\u0131n sivil plaka tak\u0131larak haz\u0131r edilmesi i\u00e7in talimat veriyor.<\/p>\n<p style=\"text-align: justify;\">Erdo\u011fan 25 May\u0131s g\u00fcn\u00fc Nev\u015fehir\u2019de baz\u0131 a\u00e7\u0131l\u0131\u015flara kat\u0131lm\u0131\u015f ve Atat\u00fcrk Bulvar\u0131nda d\u00fczenlenen mitinge kat\u0131lm\u0131\u015ft\u0131.<\/p>\n<p style=\"text-align: justify;\"><a href=\"http:\/\/korhanyilmaz.com\/dosyalar\/medya\/001.pdf\" target=\"_blank\"><span style=\"color: #993300; font-size: large;\"><strong>i\u015fte o belgeler &gt;&gt;<\/strong><\/span><\/a><\/p>\n<p style=\"text-align: justify;\"><a href=\"http:\/\/www.gazeteport.com.tr\/haber\/36363\/iste_o_belge\" target=\"_blank\">Kaynak : Yusuf Sahici &#8211; GAZETEPORT<\/a><\/p>\n","protected":false},"excerpt":{"rendered":"<p style=\"text-align: center;\">\n<p style=\"text-align: justify;\">K\u0131l\u0131\u00e7daro\u011flu\u2019nun, \u2018\u2019Nev\u015fehir Valisinin AKP mitingi i\u00e7in resmi ara\u00e7 tahsis etti\u011fi\u2019\u2019 iddias\u0131n\u0131n belgesi ortaya \u00e7\u0131kt\u0131.<\/p>\n<p style=\"text-align: justify;\">ANKARA- CHP lideri Kemal K\u0131l\u0131\u00e7daro\u011flu\u2019nun, \u2018\u2019Nev\u015fehir Valisinin AKP mitingi i\u00e7in resmi ara\u00e7 tahsis etti\u011fi\u2019\u2019 iddias\u0131n\u0131n belgesi ortaya \u00e7\u0131kt\u0131. Belgede, Ba\u015fbakan Erdo\u011fan\u2019\u0131n 25 May\u0131s g\u00fcn\u00fc Nev\u015fehir\u2019i ziyareti nedeniyle resmi ara\u00e7lara sivil plaka tak\u0131larak haz\u0131r bekletilmesi <\/p>\n","protected":false},"author":1,"featured_media":0,"comment_status":"open","ping_status":"closed","sticky":false,"template":"","format":"standard","meta":{"footnotes":""},"categories":[105],"tags":[],"class_list":["post-34179","post","type-post","status-publish","format-standard","hentry","category-gundem","odd"],"_links":{"self":[{"href":"http:\/\/www.korhanyilmaz.com\/index.php?rest_route=\/wp\/v2\/posts\/34179","targetHints":{"allow":["GET"]}}],"collection":[{"href":"http:\/\/www.korhanyilmaz.com\/index.php?rest_route=\/wp\/v2\/posts"}],"about":[{"href":"http:\/\/www.korhanyilmaz.com\/index.php?rest_route=\/wp\/v2\/types\/post"}],"author":[{"embeddable":true,"href":"http:\/\/www.korhanyilmaz.com\/index.php?rest_route=\/wp\/v2\/users\/1"}],"replies":[{"embeddable":true,"href":"http:\/\/www.korhanyilmaz.com\/index.php?rest_route=%2Fwp%2Fv2%2Fcomments&post=34179"}],"version-history":[{"count":0,"href":"http:\/\/www.korhanyilmaz.com\/index.php?rest_route=\/wp\/v2\/posts\/34179\/revisions"}],"wp:attachment":[{"href":"http:\/\/www.korhanyilmaz.com\/index.php?rest_route=%2Fwp%2Fv2%2Fmedia&parent=34179"}],"wp:term":[{"taxonomy":"category","embeddable":true,"href":"http:\/\/www.korhanyilmaz.com\/index.php?rest_route=%2Fwp%2Fv2%2Fcategories&post=34179"},{"taxonomy":"post_tag","embeddable":true,"href":"http:\/\/www.korhanyilmaz.com\/index.php?rest_route=%2Fwp%2Fv2%2Ftags&post=34179"}],"curies":[{"name":"wp","href":"https:\/\/api.w.org\/{rel}","templated":true}]}}