{"id":34172,"date":"2011-06-08T05:36:39","date_gmt":"2011-06-08T02:36:39","guid":{"rendered":"http:\/\/www.korhanyilmaz.com\/?p=34172"},"modified":"2022-02-26T00:30:32","modified_gmt":"2022-02-25T21:30:32","slug":"bakanlik-neden-bilgi-saklar","status":"publish","type":"post","link":"http:\/\/www.korhanyilmaz.com\/?p=34172","title":{"rendered":"Bakanl\u0131k neden bilgi saklar?"},"content":{"rendered":"<p style=\"text-align: center;\"><a href=\"http:\/\/www.korhanyilmaz.com\/wp-content\/uploads\/2011\/06\/028.jpg\"  class=\"lightview\"><img loading=\"lazy\" decoding=\"async\" class=\"aligncenter wp-image-34173 size-full\" src=\"http:\/\/www.korhanyilmaz.com\/wp-content\/uploads\/2011\/06\/028.jpg\" alt=\"\" width=\"396\" height=\"180\" \/><\/a><\/p>\n<p style=\"text-align: justify;\">4 Rus rehberin sahte i\u00e7ki nedeniyle ya\u015fam\u0131n\u0131 kaybetmesinin ard\u0131ndan T\u00fcrkiye&#8217;de sahte i\u00e7kiye ba\u011fl\u0131 \u00f6l\u00fcm istatistiklerine ula\u015fmak i\u00e7in Sa\u011fl\u0131k Bakanl\u0131\u011f\u0131&#8217;na arad\u0131\u011f\u0131m\u0131zda bir gazeteci olarak habere ula\u015fmakta ne kadar b\u00fcy\u00fck zorluk ya\u015fad\u0131\u011f\u0131m\u0131z\u0131 bir kez daha test etmi\u015f olduk.<!--more--><\/p>\n<p style=\"text-align: justify;\">2003 y\u0131l\u0131nda kabul edilen ve demokratik ve \u015feffaf y\u00f6netimin gere\u011fi olan e\u015fitlik, tarafs\u0131zl\u0131k ve a\u00e7\u0131kl\u0131k ilkelerine uygun olarak ki\u015filerin bilgi edinme hakk\u0131n\u0131 kullanma hakk\u0131n\u0131 i\u00e7eren Bilgi Edinme Kanunu&#8217;na ra\u011fmen kamu kurum ve kurulu\u015flar\u0131nda zihniyetin hala de\u011fi\u015fmedi\u011fini g\u00f6rd\u00fck.<\/p>\n<p style=\"text-align: justify;\"><strong>NEDEN &#8220;SAKINCALI&#8221;<\/strong><\/p>\n<p style=\"text-align: justify;\">\u00dclkede ya\u015fayan herkesin hayat\u0131n\u0131n beden ve ruh sa\u011fl\u0131\u011f\u0131 i\u00e7inde devam\u0131n\u0131 sa\u011flamak, \u00fclkenin sa\u011fl\u0131k \u015fartlar\u0131n\u0131 d\u00fczeltmek, fertlerin ve cemiyetin sa\u011fl\u0131\u011f\u0131na zarar veren sorunlarla m\u00fccadele etmek ve halka sa\u011fl\u0131k hizmetlerini ula\u015ft\u0131rmak, sa\u011fl\u0131k kurulu\u015flar\u0131n\u0131 tek elden planlay\u0131p hizmet vermelerini temin etmekle g\u00f6revlendirilen Sa\u011fl\u0131k Bakanl\u0131\u011f\u0131&#8217;n\u0131n hala bu bilince ula\u015famad\u0131\u011f\u0131n\u0131 talep etti\u011fimiz bir istatisti\u011fi kamuoyu ad\u0131na g\u00f6rev yapan bir bas\u0131n mensubundan sakl\u0131yor olmas\u0131ndan ve elindeki bilgiyi toplum ad\u0131na &#8220;Sak\u0131ncal\u0131&#8221; bulmas\u0131ndan anlad\u0131k.<\/p>\n<p style=\"text-align: justify;\">Bizden bu bilgiyi saklayan ve payla\u015fmayan Bakanl\u0131k acaba di\u011fer kamu kurum, kurulu\u015flar\u0131 ve sivil toplum \u00f6rg\u00fctlerinden de saklam\u0131\u015f m\u0131d\u0131r sorusu geldi akl\u0131m\u0131za. Asli g\u00f6revi \u00fclkenin sa\u011fl\u0131k hizmetlerini tek elden planlay\u0131p hizmet verme olan Bakanl\u0131k tespit etti\u011fi baz\u0131 konularda di\u011fer ilgili bakanl\u0131klar\u0131 bilgilendirmekten ka\u00e7\u0131nm\u0131\u015f olabilir mi?<\/p>\n<p style=\"text-align: justify;\"><strong>B\u0130LG\u0130YE ULA\u015eMAK DEVEYE HENDEK ATLATMAK!<\/strong><\/p>\n<p style=\"text-align: justify;\">T\u00fcrkiye&#8217;de sahte i\u00e7kiden kaynaklanan \u00f6l\u00fcmlerin ger\u00e7ek bilan\u00e7osunu \u00f6\u011frenmek amac\u0131yla ba\u015flatt\u0131\u011f\u0131m\u0131z \u00e7al\u0131\u015fma nas\u0131l bir maratona d\u00f6n\u00fc\u015ft\u00fc? Bakanl\u0131k \u00f6nce &#8220;var&#8221; dedi\u011fi istatistik i\u00e7in sonra neden &#8220;yok&#8221; oldu?Sa\u011fl\u0131k Bakanl\u0131\u011f\u0131 yapt\u0131\u011f\u0131 ara\u015ft\u0131rma ve istatistikler ile ilgili sonu\u00e7lar\u0131 neden kamuoyundan saklar? Neden bu bilgileri &#8220;Sak\u0131ncal\u0131&#8221; ilan eder?<\/p>\n<p style=\"text-align: justify;\"><strong>\u00d6NCE &#8221; VAR&#8221; SONRA &#8220;YOK&#8221;<\/strong><\/p>\n<p style=\"text-align: justify;\">Son 10 y\u0131lda sahte i\u00e7kiden \u00f6lenlerin say\u0131s\u0131n\u0131 \u00f6\u011frenmek i\u00e7in arad\u0131\u011f\u0131m\u0131z Sa\u011fl\u0131k Bakanl\u0131\u011f\u0131 bas\u0131n m\u00fc\u015favirli\u011fi \u00f6nce istati\u011fe y\u00f6nelik bilgileri toparlamak i\u00e7in zaman istedi.<\/p>\n<p style=\"text-align: justify;\">Daha sonra ise bas\u0131n m\u00fc\u015favirli\u011findeki ayn\u0131 yetkili b\u00f6yle bir istatistikleri oldu\u011funu ancak bas\u0131nla payla\u015famayacaklar\u0131n\u0131 Tar\u0131m Bakanl\u0131\u011f\u0131 ar\u015fivinden g\u0131daya ba\u011fl\u0131 \u00f6l\u00fcmlerin istatisti\u011fini bulabilece\u011fimizi s\u00f6yledi.<\/p>\n<p style=\"text-align: justify;\">Sa\u011fl\u0131kla ilgili her t\u00fcrl\u00fc bilgi ve d\u00f6k\u00fcman\u0131n topland\u0131\u011f\u0131n\u0131 d\u00fc\u015f\u00fcnd\u00fc\u011f\u00fcm\u00fcz Sa\u011fl\u0131k Bakanl\u0131\u011f\u0131&#8217;n\u0131n bu bilgiyi neden kamuoyuyla payla\u015fmakta sak\u0131ncal\u0131 buldu\u011fu sorusuna cevap ararken bu bilgiyi payla\u015fmamaktan \u00e7ok b\u00f6yle bir istatisti\u011fin tutulmam\u0131\u015f olabilece\u011fi akl\u0131m\u0131za geldi.<\/p>\n<p style=\"text-align: justify;\">Bakanl\u0131k bas\u0131n m\u00fc\u015faviri ile g\u00f6r\u00fc\u015fme iste\u011fimiz ve ona ula\u015fmam\u0131z ise ak\u015fam saatlerini buldu.<\/p>\n<p style=\"text-align: justify;\">G\u00f6revi bas\u0131nla ili\u015fkileri d\u00fczenlemek ve bas\u0131na bakanl\u0131\u011f\u0131n \u00e7al\u0131\u015fmalar\u0131 ile ilgili bilgileri aktarmak olan bas\u0131n dan\u0131\u015fmanlar\u0131n\u0131n gazetecilerle g\u00f6r\u00fc\u015fmekten ka\u00e7\u0131nd\u0131klar\u0131n\u0131 hatta ileti\u015fim bilgilerini gazetecilerle payla\u015fmamalar\u0131 konusunda alt kadrolar\u0131n\u0131 s\u0131k\u0131 s\u0131k\u0131 tembihlediklerini bilsek de aray\u0131\u015f\u0131m\u0131z\u0131 s\u00fcrd\u00fcrd\u00fck.<\/p>\n<p style=\"text-align: justify;\">B\u00f6yle bir al\u0131\u015fkanl\u0131\u011f\u0131n genel bir tav\u0131r oldu\u011funu bilerek \u0131srarla s\u00fcrd\u00fcrd\u00fc\u011f\u00fcm\u00fcz trafik trafi\u011finde &#8220;Bakan Bey&#8217;in ad\u0131na faks \u00e7ekin, biz hemen iletelim, daha h\u0131zl\u0131 olur&#8221; gibi bir s\u00f6zle kar\u015f\u0131 kar\u015f\u0131ya kal\u0131nca telefon ya da e-posta varken bakanl\u0131k hala neden faksta \u0131srar ediyor&#8221; diye d\u00fc\u015f\u00fcnmeden edemedik.<\/p>\n<p style=\"text-align: justify;\"><strong>SA\u011eLIK BAKANLI\u011eI NEDEN SESS\u0130Z KALDI?<\/strong><\/p>\n<p style=\"text-align: justify;\">Dikkatimizi \u00e7eken ba\u015fka bir konuda insan sa\u011fl\u0131\u011f\u0131 ile ilgili yak\u0131ndan ilgili iki bakanl\u0131ktan biri olan Tar\u0131m Bakanl\u0131\u011f\u0131&#8217;n\u0131n sahte i\u00e7ki olay\u0131n\u0131n hemen ard\u0131ndan bir a\u00e7\u0131klama ile kamuoyunu bilgilendirirken denetleme yetkisi olan Sa\u011fl\u0131k Bakanl\u0131\u011f\u0131&#8217;n\u0131n b\u0131rak\u0131n a\u00e7\u0131klamay\u0131 konu hakk\u0131nda tek bir sat\u0131r\u0131 bile sitesine koymamas\u0131n\u0131 anlaml\u0131 bulamad\u0131k.<\/p>\n<p style=\"text-align: justify;\">Ge\u00e7en haftan\u0131n g\u00fcndeminde yer alan EHEC vir\u00fcs\u00fc ile ilgili a\u00e7\u0131klama yapan Sa\u011fl\u0131k Bakanl\u0131\u011f\u0131 4 ki\u015finin \u00f6l\u00fcm\u00fcyle sonu\u00e7lanan bir olay kar\u015f\u0131s\u0131nda hala sessizli\u011fini koruyor.<\/p>\n<p style=\"text-align: justify;\">Gelelim sonuca, zor bela bakanl\u0131k bas\u0131n dan\u0131\u015fman\u0131 Mine Tuncel&#8217;in telefonuna ula\u015ft\u0131k ancak kendisine ula\u015fmak zaman ald\u0131. Mine Tuncel, \u0131srarl\u0131 aramalar\u0131m\u0131z sonunda talebimizi dinledi. Ve konu ile ilgili ellerinde bir istatistik olup olmad\u0131\u011f\u0131na bak\u0131p bilgilendirece\u011fini s\u00f6yledi.<\/p>\n<p style=\"text-align: justify;\"><strong>&#8220;BAKANLI\u011eIN B\u00d6YLE B\u0130R G\u00d6REV\u0130 YOKMU\u015e&#8221;<\/strong><\/p>\n<p style=\"text-align: justify;\">Mine Tuncel, bizi tekrar arad\u0131\u011f\u0131nda s\u00f6zlerinde biraz sitem,biraz \u015fikayet, biraz tavsiye ve bir par\u00e7a da ders vard\u0131.<\/p>\n<p style=\"text-align: justify;\">A\u00e7\u0131klamalar\u0131 bizi \u015fa\u015f\u0131rtt\u0131. Kendi c\u00fcmleleri ile payla\u015fal\u0131m.<\/p>\n<p style=\"text-align: justify;\">&#8221; Say\u0131n Akda\u011f d\u00f6neminden \u00f6nce ar\u015fiv diye bir \u015fey yok. \u00c7al\u0131\u015fmalar ve ara\u015ft\u0131rmalar ile ilgili hi\u00e7bir \u015fey kay\u0131t alt\u0131na al\u0131nmam\u0131\u015f, hakgetire. Dolay\u0131s\u0131yla b\u00f6yle bir istatistikte yok ge\u00e7mi\u015fe d\u00f6n\u00fck.Zaten Sa\u011fl\u0131k Bakanl\u0131\u011f\u0131&#8217;n\u0131nda istatistik tutmak gibi bir g\u00f6revi de yok. Bakanl\u0131k olay istatisti\u011fi de\u011fil, \u00f6l\u00fcmlerin hangi hastal\u0131k kaynakl\u0131 oldu\u011funun bilgisini tutar.Yani trafik kazas\u0131nda kafa travmas\u0131 ge\u00e7irerek ya\u015fam\u0131n\u0131 yitiren birinin sadece kafa travmas\u0131ndan \u00f6ld\u00fc\u011f\u00fc bilgisi Sa\u011fl\u0131k Bakanl\u0131\u011f\u0131 kay\u0131tlar\u0131na al\u0131n\u0131r, trafik kazas\u0131 notu al\u0131nmaz. Dolay\u0131s\u0131yla sahte i\u00e7kiye ba\u011fl\u0131 \u00f6l\u00fcmlerin kayd\u0131 bizde bulunmuyor. Ancak Tar\u0131m Bakanl\u0131\u011f\u0131&#8217;ndan ya da T\u00dc\u0130K&#8217;den bulabilirsiniz&#8221;<\/p>\n<p style=\"text-align: justify;\">A\u00e7\u0131klama bizi tatmin etmedi tabi. Sa\u011fl\u0131k Bakanl\u0131\u011f\u0131 ile ilgili geriye d\u00f6n\u00fck haf\u0131zam\u0131z\u0131 yoklad\u0131\u011f\u0131m\u0131zda yine bir gazeteci arkada\u015f\u0131m\u0131z\u0131n kansere ba\u011fl\u0131 \u00f6l\u00fcm istatistikleri talebinin bakanl\u0131k kay\u0131tlar\u0131nda olmas\u0131na ra\u011fmen &#8220;sak\u0131ncal\u0131&#8221; oldu\u011fu gerek\u00e7esi ile kar\u015f\u0131lanmad\u0131\u011f\u0131n\u0131 hemen hat\u0131rlad\u0131k.<\/p>\n<p style=\"text-align: justify;\">Oysa, Sa\u011fl\u0131k Bakanl\u0131\u011f\u0131&#8217;n\u0131n yetki, g\u00f6rev ve hizmet alan\u0131na giren konularda Milli Savunma Bakanl\u0131\u011f\u0131na ba\u011fl\u0131 kurum ve kurulu\u015flar hari\u00e7 olmak \u00fczere di\u011fer t\u00fcm resmi ve \u00f6zel sa\u011fl\u0131k kurum ve kurulu\u015flar\u0131ndan istatistiki bilgi toplamaya yetkili oldu\u011funu biliyoruz.<\/p>\n<p style=\"text-align: justify;\">Akl\u0131m\u0131za ilk gelen ya bakanl\u0131k bu g\u00f6revini yerine getirmekten ka\u00e7\u0131n\u0131yor ya da g\u00f6revini yerine getiriyor ama kanser istatistikleri \u00f6rne\u011findeki gibi &#8220;sak\u0131ncal\u0131&#8221; oldu\u011funu d\u00fc\u015f\u00fcnerek vermiyor ve bunun i\u00e7in mazaretler uyduruyor.<\/p>\n<p style=\"text-align: justify;\"><strong>SA\u011eLIK BAKANLI\u011eI&#8217;NIN DENETLEME YETK\u0130S\u0130 VAR<\/strong><\/p>\n<p style=\"text-align: justify;\">Sa\u011fl\u0131k Bakanl\u0131\u011f\u0131&#8217;na ba\u011fl\u0131 Kanserle Sava\u015f Dairesi Ba\u015fkanl\u0131\u011f\u0131 gibi S\u0131tma Sava\u015f\u0131 Dairesi Ba\u015fkanl\u0131\u011f\u0131 , Verem Sava\u015f\u0131 Dairesi Ba\u015fkanl\u0131\u011f\u0131 ve Aile,Kad\u0131n ve \u00c7ocuk Sa\u011fl\u0131\u011f\u0131 Merkezleri&#8217;nin te\u015fhis ve tedavi hizmetleri yan\u0131nda istatistiki bilgileri toplamak, ara\u015ft\u0131rma ve incelemeler yapma y\u00fck\u00fcml\u00fcl\u00fc\u011f\u00fc var.<\/p>\n<p style=\"text-align: justify;\"><strong>BASINA \u00c7\u0130FTE STANDART!<\/strong><\/p>\n<p style=\"text-align: justify;\">A\u00e7\u0131klamalar\u0131 yine yeterli ve ikna edici bulmad\u0131k. Sadece Sa\u011fl\u0131k Bakanl\u0131\u011f\u0131 de\u011fil pek \u00e7ok bakanl\u0131\u011f\u0131n, devlet kurum ve kurulu\u015fun bas\u0131n dan\u0131\u015fman\u0131nda da ayn\u0131 usl\u00fcp ve al\u0131\u015fkanl\u0131k mevcut maalesef.<\/p>\n<p style=\"text-align: justify;\">Ayn\u0131 g\u00fcn Tar\u0131m Bakanl\u0131\u011f\u0131 Bas\u0131n Dan\u0131\u015fman\u0131 Taceddin Ural&#8217;dan da EHEC vir\u00fcs\u00fc ile bir a\u00e7\u0131klama yap\u0131p yapmayacaklar\u0131n\u0131 sordu\u011fumuzda haz\u0131rlad\u0131klar\u0131 bilgi notunu g\u00f6ndereceklerini s\u00f6yledi. Bilgi bize ula\u015fmay\u0131p arad\u0131\u011f\u0131m\u0131zda ise ya telefonunu a\u00e7mad\u0131 ya da telefonuna ba\u015fka biri cevaplad\u0131.<\/p>\n<p style=\"text-align: justify;\">EHEC vir\u00fcs\u00fc ile ilgili a\u00e7\u0131klamay\u0131 ise ertesi g\u00fcn sadece bir yay\u0131n organ\u0131nda g\u00f6r\u00fcnce her zaman oldu\u011fu gibi baz\u0131 yay\u0131n organlar\u0131n\u0131n di\u011ferlerinden haber ve bilgide \u00f6ncelikli k\u0131l\u0131nd\u0131\u011f\u0131na, ayr\u0131cal\u0131kl\u0131 davran\u0131ld\u0131\u011f\u0131na bir kez daha \u015fahit olduk.<\/p>\n<p style=\"text-align: justify;\">\u00d6rneklerden yola \u00e7\u0131karak bakanl\u0131klarda, kamu kurum ve kurulu\u015flar\u0131nda bas\u0131n dan\u0131\u015fman\u0131 olarak \u00e7al\u0131\u015fan, medyaya h\u0131zl\u0131,do\u011fru haber aktarma ve bilgilendirmekle g\u00f6revli, pek \u00e7o\u011fu uzun y\u0131llar gazetecilik yapm\u0131\u015f meslekda\u015flar\u0131m\u0131z\u0131n art\u0131k &#8220;Bas\u0131n Dan\u0131\u015fman\u0131&#8221; de\u011filde &#8220;Bas\u0131n Dan\u0131\u015fmaman\u0131&#8221; olarak g\u00f6revlerini ba\u015far\u0131 ile yerine getirdiklerini d\u00fc\u015f\u00fcn\u00fcyoruz.<\/p>\n<p style=\"text-align: justify;\"><strong>BAKANLIKLAR NEDEN B\u0130LG\u0130 SAKLAR?<\/strong><\/p>\n<p style=\"text-align: justify;\">Devlet Bakan\u0131 ve Ba\u015fbakan Yard\u0131mc\u0131s\u0131 &#8221; Ali Babacan&#8217;\u0131n iktidar olduklar\u0131 9 y\u0131l boyunca 4-5 IMF raporunu bilin\u00e7li olarak a\u00e7\u0131klamad\u0131klar\u0131n\u0131 kendi a\u011fz\u0131yla itiraf etmesinden hareketle &#8220;Bakanl\u0131klar neden ara\u015ft\u0131rma, inceleme yaparlar da sonu\u00e7lar\u0131n\u0131 kamuoyundan saklarlar&#8221; sorusuna ise hen\u00fcz cevap bulmu\u015f de\u011filiz. &#8220;Cevaplamak isteyen olur belki&#8221; diye de bu sat\u0131rlara ta\u015f\u0131yoruz.<\/p>\n<p style=\"text-align: justify;\"><strong>2010&#8217;DA 60 K\u0130\u015e\u0130 ALKOLDEN \u00d6LD\u00dc<\/strong><\/p>\n<p style=\"text-align: justify;\">T\u00fcrkiye&#8217;de sahte i\u00e7ki nedeniyle \u00f6lenlerin kayd\u0131na Sa\u011fl\u0131k Bakanl\u0131\u011f\u0131 kanal\u0131yla ula\u015famad\u0131k.Ancak, Adalet Bakanl\u0131\u011f\u0131&#8217;na ba\u011fl\u0131 Adli T\u0131p Kurumu, 2010 y\u0131l\u0131nda alkole ba\u011fl\u0131 \u00f6l\u00fcm say\u0131s\u0131n\u0131 60 oldu\u011fu notunu alm\u0131\u015f.Bunlar\u0131n i\u00e7inde metil alkol yan\u0131nda etil alkol yani ger\u00e7ek i\u00e7kiden \u00f6lenlerin say\u0131s\u0131 da var. T\u00fcrkiye&#8217;de neredeyse her g\u00fcn sahte i\u00e7ki bask\u0131nlar\u0131 yap\u0131l\u0131p, korkun\u00e7 ger\u00e7ek g\u00f6zler \u00f6n\u00fcne serilirken sahte i\u00e7kiden ya\u015fam\u0131n\u0131 kaybedenlere y\u00f6nelik bir kayd\u0131n ilgili kurumlar taraf\u0131ndan tutulmas\u0131n\u0131 da anlay\u0131\u015fla kar\u015f\u0131layamad\u0131k. Yoksa biz do\u011fru bilgiyi yanl\u0131\u015f yerde mi arad\u0131k? Turizm Bakanl\u0131\u011f\u0131&#8217;na sorsak onlardan b\u00f6yle bir kay\u0131t var m\u0131d\u0131r acaba?<\/p>\n<p style=\"text-align: justify;\"><a href=\"http:\/\/www.gazeteport.com.tr\/haber\/36440\/bakanlik_neden_bilgi_saklar\" target=\"_blank\" rel=\"noopener\">Kaynak : HAT\u0130CE NAZLI AYDO\u011eAN &#8211; GAZETEPORT<\/a><\/p>\n","protected":false},"excerpt":{"rendered":"<p style=\"text-align: center;\">\n<p style=\"text-align: justify;\">4 Rus rehberin sahte i\u00e7ki nedeniyle ya\u015fam\u0131n\u0131 kaybetmesinin ard\u0131ndan T\u00fcrkiye&#8217;de sahte i\u00e7kiye ba\u011fl\u0131 \u00f6l\u00fcm istatistiklerine ula\u015fmak i\u00e7in Sa\u011fl\u0131k Bakanl\u0131\u011f\u0131&#8217;na arad\u0131\u011f\u0131m\u0131zda bir gazeteci olarak habere ula\u015fmakta ne kadar b\u00fcy\u00fck zorluk ya\u015fad\u0131\u011f\u0131m\u0131z\u0131 bir kez daha test etmi\u015f olduk.<\/p>\n","protected":false},"author":1,"featured_media":0,"comment_status":"open","ping_status":"closed","sticky":false,"template":"","format":"standard","meta":{"footnotes":""},"categories":[105],"tags":[],"class_list":["post-34172","post","type-post","status-publish","format-standard","hentry","category-gundem","odd"],"_links":{"self":[{"href":"http:\/\/www.korhanyilmaz.com\/index.php?rest_route=\/wp\/v2\/posts\/34172","targetHints":{"allow":["GET"]}}],"collection":[{"href":"http:\/\/www.korhanyilmaz.com\/index.php?rest_route=\/wp\/v2\/posts"}],"about":[{"href":"http:\/\/www.korhanyilmaz.com\/index.php?rest_route=\/wp\/v2\/types\/post"}],"author":[{"embeddable":true,"href":"http:\/\/www.korhanyilmaz.com\/index.php?rest_route=\/wp\/v2\/users\/1"}],"replies":[{"embeddable":true,"href":"http:\/\/www.korhanyilmaz.com\/index.php?rest_route=%2Fwp%2Fv2%2Fcomments&post=34172"}],"version-history":[{"count":0,"href":"http:\/\/www.korhanyilmaz.com\/index.php?rest_route=\/wp\/v2\/posts\/34172\/revisions"}],"wp:attachment":[{"href":"http:\/\/www.korhanyilmaz.com\/index.php?rest_route=%2Fwp%2Fv2%2Fmedia&parent=34172"}],"wp:term":[{"taxonomy":"category","embeddable":true,"href":"http:\/\/www.korhanyilmaz.com\/index.php?rest_route=%2Fwp%2Fv2%2Fcategories&post=34172"},{"taxonomy":"post_tag","embeddable":true,"href":"http:\/\/www.korhanyilmaz.com\/index.php?rest_route=%2Fwp%2Fv2%2Ftags&post=34172"}],"curies":[{"name":"wp","href":"https:\/\/api.w.org\/{rel}","templated":true}]}}