{"id":34167,"date":"2011-06-06T19:18:13","date_gmt":"2011-06-06T16:18:13","guid":{"rendered":"http:\/\/www.korhanyilmaz.com\/?p=34167"},"modified":"2011-06-06T19:18:13","modified_gmt":"2011-06-06T16:18:13","slug":"akp-valiligi-miting-icin-kullandi","status":"publish","type":"post","link":"http:\/\/www.korhanyilmaz.com\/?p=34167","title":{"rendered":"&#8216;AKP, valili\u011fi miting i\u00e7in kulland\u0131&#8217;"},"content":{"rendered":"<p style=\"text-align: center;\"><a rel=\"attachment wp-att-34168\" href=\"http:\/\/www.korhanyilmaz.com\/?attachment_id=34168\"><img loading=\"lazy\" decoding=\"async\" class=\"aligncenter size-full wp-image-34168\" src=\"http:\/\/www.korhanyilmaz.com\/wp-content\/uploads\/2011\/06\/027.jpeg\" alt=\"\" width=\"320\" height=\"214\" \/ class=\"lightview\"><\/a><\/p>\n<p style=\"text-align: justify;\">CHP Lideri K\u0131l\u0131\u00e7daro\u011flu, AK Parti&#8217;nin, kamu olanaklar\u0131n\u0131 miting i\u00e7in kulland\u0131\u011f\u0131n\u0131 iddia ederek bir belge g\u00f6sterdi. K\u0131l\u0131\u00e7daro\u011flu, belgede Nev\u015fehir Valili\u011fi&#8217;nin &#8220;Resmi plakal\u0131 ara\u00e7lar\u0131n plakalar\u0131n\u0131 s\u00f6keceksiniz, mitinge gideceksiniz&#8221; dedi\u011fini kaydetti.<!--more--><\/p>\n<p style=\"text-align: justify;\">AYDIN &#8211; CHP Genel Ba\u015fkan\u0131 Kemal K\u0131l\u0131\u00e7daro\u011flu, se\u00e7im \u00e7al\u0131\u015fmalar\u0131 kapsam\u0131nda Ayd\u0131n\u2019da halka seslendi.<\/p>\n<p style=\"text-align: justify;\">43 g\u00fcnde 78\u2019inci mitingini ger\u00e7ekle\u015ftiren K\u0131l\u0131\u00e7daro\u011flu \u015funlar\u0131 s\u00f6yledi: \u201cBiz halk\u0131n mitingini yap\u0131yoruz, devlet mitingini de\u011fil, halk\u0131n mitingini yap\u0131yoruz. 12 Haziran\u2019da in\u015fallah, halk\u0131n iktidar\u0131n\u0131 bulaca\u011f\u0131z. Ayd\u0131n\u2019\u0131n yi\u011fit insanlar\u0131, buras\u0131, bereketli topraklar\u0131 bulunan, da\u011flar\u0131ndan ya\u011f akan, ovalar\u0131ndan bal akan bir kentimiz. Mazotun litresini 1.5 lira yapaca\u011f\u0131z. \u00c7ift\u00e7inin faiz ve borcunu tamamen silece\u011fiz. TAR\u0130\u015e\u2019i eski g\u00f6rkemli g\u00fcnlerine kavu\u015fturaca\u011f\u0131z, \u00e7ift\u00e7inin dostu olacak. TAR\u0130\u015e\u2019i Ege\u2019de g\u00fc\u00e7l\u00fc k\u0131laca\u011f\u0131z.<\/p>\n<p style=\"text-align: justify;\">Biz cebimizi de\u011fil halk\u0131 d\u00fc\u015f\u00fcn\u00fcce\u011fiz, Siyaset\u00e7inin de\u011fil, halk\u0131n zengin olmas\u0131n\u0131 d\u00fc\u015f\u00fcnece\u011fiz. Devlet mitingini yapan AKP. B\u00fct\u00fcn resmi ara\u00e7lar\u0131 tahsis ediyor, belediye otob\u00fcsleriyle bedava ta\u015f\u0131yorlar, memurlar\u0131 zorla miting alan\u0131na g\u00f6t\u00fcr\u00fcyorlar. Bak\u0131n\u0131z, bir belge var. Bir vali \u201cResmi plakal\u0131 ara\u00e7lar\u0131n plakalar\u0131n\u0131 s\u00f6keceksiniz, Recep Bey\u2019in mitingine gideceksiniz&#8217; diyor. Resmi dairelere Nev\u015fehir Valili\u011fi \u00d6zel Kalem\u2019i yaz\u0131yor. \u0130stanbul\u2019da her \u015fey bedava. \u0130zmir\u2019de de bedava. Yeter ki Recep Bey\u2019in mitingine git.<\/p>\n<p style=\"text-align: justify;\">Ne yaparsa yaps\u0131nlar CHP\u2019nin oyu y\u00fckseliyor. AKP\u2019nin d\u00fc\u015f\u00fcyor. Kan\u0131t istiyorlarsa Ayd\u0131n meydan\u0131na baks\u0131nlar. Temeli 1923 olmayan\u0131n hedefi 2023 olamaz. 2023 bizim. 1920\u2019lerde Samsun\u2019a \u00e7\u0131k\u0131\u015fla ba\u015flayan, Hasan Tahsin\u2019in att\u0131\u011f\u0131 ilk kur\u015funla ba\u015flayan ulusal ba\u011f\u0131ms\u0131zl\u0131k sava\u015f\u0131m\u0131zda, \u201ck\u00f6yl\u00fc milletin efendisidir&#8217; dediler. Peki 2011\u2019de ne oldu. Allah a\u015fk\u0131na 2011&#8217;de Ba\u015fbakan ne s\u00f6yledi k\u00f6yl\u00fcye. \u201cAnan\u0131 da al git&#8217; dedi.<\/p>\n<p style=\"text-align: justify;\">Biz, CHP olarak 1923\u2019\u00fcn ruhuna sahibiz. Kuvayi Milliye ruhu var, \u00f6zg\u00fcrl\u00fck, demokrasi istiyoruz. K\u00f6yl\u00fc milletin efendisidir. CHP\u2019nin de onurudur. Ayd\u0131n\u2019dan b\u00fct\u00fcn k\u00f6yl\u00fclere sesleniyorum. Size hakaret eden Recep Tayyip Erdo\u011fan\u2019a hesab\u0131n\u0131 sorun. Recep Bey\u2019in ezberi bozulacak. Onun ezberini bozdum, \u015fifresini \u00e7\u00f6zd\u00fck, kimyas\u0131n\u0131 da bozduk, o da a\u011fz\u0131n\u0131 bozdu. Ne olacak bunun hali. \u201cZonguldak \u00dcniversitesi\u2019ni biz kurduk&#8217; dedi. Dilinin ucuna gelse 1453\u2019te biz vard\u0131k. \u0130stanbul\u2019un fethini de biz yapt\u0131k diyecek.&#8221;<\/p>\n<p style=\"text-align: justify;\"><a href=\"http:\/\/www.radikal.com.tr\/Radikal.aspx?aType=RadikalDetayV3&amp;ArticleID=1051936&amp;Date=07.06.2011&amp;CategoryID=78\" target=\"_blank\">Kaynak : Radikal<\/a><\/p>\n","protected":false},"excerpt":{"rendered":"<p style=\"text-align: center;\">\n<p style=\"text-align: justify;\">CHP Lideri K\u0131l\u0131\u00e7daro\u011flu, AK Parti&#8217;nin, kamu olanaklar\u0131n\u0131 miting i\u00e7in kulland\u0131\u011f\u0131n\u0131 iddia ederek bir belge g\u00f6sterdi. K\u0131l\u0131\u00e7daro\u011flu, belgede Nev\u015fehir Valili\u011fi&#8217;nin &#8220;Resmi plakal\u0131 ara\u00e7lar\u0131n plakalar\u0131n\u0131 s\u00f6keceksiniz, mitinge gideceksiniz&#8221; dedi\u011fini kaydetti.<\/p>\n","protected":false},"author":1,"featured_media":0,"comment_status":"open","ping_status":"closed","sticky":false,"template":"","format":"standard","meta":{"footnotes":""},"categories":[105],"tags":[],"class_list":["post-34167","post","type-post","status-publish","format-standard","hentry","category-gundem","odd"],"_links":{"self":[{"href":"http:\/\/www.korhanyilmaz.com\/index.php?rest_route=\/wp\/v2\/posts\/34167","targetHints":{"allow":["GET"]}}],"collection":[{"href":"http:\/\/www.korhanyilmaz.com\/index.php?rest_route=\/wp\/v2\/posts"}],"about":[{"href":"http:\/\/www.korhanyilmaz.com\/index.php?rest_route=\/wp\/v2\/types\/post"}],"author":[{"embeddable":true,"href":"http:\/\/www.korhanyilmaz.com\/index.php?rest_route=\/wp\/v2\/users\/1"}],"replies":[{"embeddable":true,"href":"http:\/\/www.korhanyilmaz.com\/index.php?rest_route=%2Fwp%2Fv2%2Fcomments&post=34167"}],"version-history":[{"count":0,"href":"http:\/\/www.korhanyilmaz.com\/index.php?rest_route=\/wp\/v2\/posts\/34167\/revisions"}],"wp:attachment":[{"href":"http:\/\/www.korhanyilmaz.com\/index.php?rest_route=%2Fwp%2Fv2%2Fmedia&parent=34167"}],"wp:term":[{"taxonomy":"category","embeddable":true,"href":"http:\/\/www.korhanyilmaz.com\/index.php?rest_route=%2Fwp%2Fv2%2Fcategories&post=34167"},{"taxonomy":"post_tag","embeddable":true,"href":"http:\/\/www.korhanyilmaz.com\/index.php?rest_route=%2Fwp%2Fv2%2Ftags&post=34167"}],"curies":[{"name":"wp","href":"https:\/\/api.w.org\/{rel}","templated":true}]}}