{"id":34162,"date":"2011-06-06T21:22:21","date_gmt":"2011-06-06T18:22:21","guid":{"rendered":"http:\/\/www.korhanyilmaz.com\/?p=34162"},"modified":"2011-06-06T21:22:21","modified_gmt":"2011-06-06T18:22:21","slug":"bazilari-gazeteci-diye-geciniyor","status":"publish","type":"post","link":"http:\/\/www.korhanyilmaz.com\/?p=34162","title":{"rendered":"Baz\u0131lar\u0131 gazeteci diye ge\u00e7iniyor"},"content":{"rendered":"<p style=\"text-align: justify;\"><a rel=\"attachment wp-att-34163\" href=\"http:\/\/www.korhanyilmaz.com\/?attachment_id=34163\"><img loading=\"lazy\" decoding=\"async\" class=\"aligncenter size-full wp-image-34163\" src=\"http:\/\/www.korhanyilmaz.com\/wp-content\/uploads\/2011\/06\/026.jpg\" alt=\"\" width=\"416\" height=\"189\" \/ class=\"lightview\"><\/a><\/p>\n<p style=\"text-align: justify;\">Cumhurba\u015fkan\u0131 Abdullah G\u00fcl, T\u00fcrkiye&#8217;de hi\u00e7kimsenin yazd\u0131\u011f\u0131ndan dolay\u0131 cezaevinde olmad\u0131\u011f\u0131n\u0131 belirterek, &#8220;Baz\u0131 tutuklular d\u0131\u015farda gazeteci diye ge\u00e7iniyor. Ama bunlar yasa d\u0131\u015f\u0131, sillah kullanan ve \u015fiddette ba\u015fvuran \u00f6rg\u00fct \u00fcyeleri ve kendileri de \u015fiddettin i\u00e7inde bulunan insanlard\u0131r&#8221; dedi.<!--more--><\/p>\n<p style=\"text-align: justify;\">VAR\u015eOVA &#8211; Polonya&#8217;da bulunan Cumhurba\u015fkan\u0131 G\u00fcl, Natoli Avrupa Koleji&#8217;nde T\u00fcrkiye&#8217;nin AB ili\u015fkilerine ili\u015fkin bir konferans verdi. Konu\u015fmas\u0131n\u0131 \u0130ngilizce olarak yapan G\u00fcl, konferans sonras\u0131nda ise \u00f6\u011frencilerin sorular\u0131n\u0131 yan\u0131tlad\u0131.<\/p>\n<p style=\"text-align: justify;\">\u0130spanyol bir \u00f6\u011frencinin &#8216;T\u00fcrkiye&#8217;de bir\u00e7ok gazeteci ve generaller tutukland\u0131. \u00d6n\u00fcm\u00fczdeki d\u00f6nemde T\u00fcrkiye&#8217;nin \u00f6zg\u00fcrl\u00fckler a\u00e7\u0131s\u0131nda ataca\u011f\u0131 ad\u0131m ne olur&#8217; y\u00f6n\u00fcnde sorusuna Cumhurba\u015fkan\u0131 G\u00fcl, &#8220;T\u00fcrkiye&#8217;de arkas\u0131nda \u015fiddet olmad\u0131k\u00e7a ifade \u00f6zg\u00fcrl\u00fc\u011f\u00fcn\u00fcn \u00f6n\u00fcnde bir engel yok. Hi\u00e7 kimse d\u00fc\u015f\u00fcncesinden, fikrinden ve yazd\u0131klar\u0131 nedeniyle tutuklanm\u0131yor. Eskiden bu t\u00fcr olaylar vard\u0131 art\u0131k bug\u00fcn yok. O zaman hakl\u0131 olarak &#8216;Baz\u0131 gazeteciler niye tutuklu&#8217; diye soracaks\u0131n\u0131z? Onun cevab\u0131 da \u015fu; 2003-2004 y\u0131llar\u0131nda bug\u00fcnki h\u00fck\u00fcmete kar\u015f\u0131 bir darbe giri\u015fimi oldu\u011fu y\u00f6n\u00fcnde \u00e7ok \u00f6nemli belgeler ele ge\u00e7ti. Savc\u0131larda bu belge, bilgi ve d\u00f6k\u00fcmanlardan yola \u00e7\u0131karak davalar a\u00e7t\u0131. Olayla ilgili olan baz\u0131 askerler ve gazetaciler tutukland\u0131. Ben bunlara su\u00e7lu diyemem. \u00c7\u00fcnk\u00fc yarg\u0131lama devam ediyor. Hep birlikte yarg\u0131laman\u0131n sonunda ne oldu\u011funu g\u00f6rece\u011fiz. Bunlar\u0131n her ay itiraz haklar\u0131 var ve mahkeme bu itirazlara ra\u011fmen tutukluluklar\u0131n\u0131 devam ettiriyor&#8221; dedi.<\/p>\n<p style=\"text-align: justify;\">Bu t\u00fcr tutuklu gazeteci say\u0131s\u0131n\u0131n fazla olmad\u0131\u011f\u0131na da de\u011finen G\u00fcl, &#8220;Bu ki\u015filerin say\u0131s\u0131 \u00e7ok fazla de\u011fil. Baz\u0131 tutuklular d\u0131\u015farda gazeteci diye ge\u00e7iniyor. Ama yasa d\u0131\u015f\u0131  \u00f6rg\u00fct \u00fcyeleri, silah kullanan, \u015fidette ba\u015fvuran ve kendileri de \u015fiddetin i\u00e7inde bulunan insanlar bunlar. Bu insanlar yazd\u0131klar\u0131 nedeniyle de\u011fil \u00f6rg\u00fctle ba\u011flant\u0131 olduklar\u0131ndan dolay\u0131 tutuklular&#8221; diye konu\u015ftu. Kopenhag kiriterlerine imza atan bir \u00fclke olan T\u00fcrkiye&#8217;nin bas\u0131n \u00f6zg\u00fcrl\u00fckleri konusunda 100&#8217;\u00fcnc\u00fc s\u0131rada g\u00f6sterilmesinin d\u00fc\u015f\u00fcnd\u00fcr\u00fcc\u00fc oldu\u011funa da de\u011finen G\u00fcl, &#8220;Burada T\u00fcrkiye&#8217;ye kar\u015f\u0131 bir yanl\u0131\u015f yan\u0131lg\u0131 var ve bu da kampanya \u015feklinde devam ediyor&#8221; dedi.<\/p>\n<p style=\"text-align: justify;\"><a href=\"http:\/\/www.gazeteport.com.tr\/haber\/36229\/bazilari_gazeteci_diye_geciniyor\" target=\"_blank\">Kaynak : GAZETEPORT<\/a><\/p>\n","protected":false},"excerpt":{"rendered":"<p style=\"text-align: justify;\">\n<p style=\"text-align: justify;\">Cumhurba\u015fkan\u0131 Abdullah G\u00fcl, T\u00fcrkiye&#8217;de hi\u00e7kimsenin yazd\u0131\u011f\u0131ndan dolay\u0131 cezaevinde olmad\u0131\u011f\u0131n\u0131 belirterek, &#8220;Baz\u0131 tutuklular d\u0131\u015farda gazeteci diye ge\u00e7iniyor. Ama bunlar yasa d\u0131\u015f\u0131, sillah kullanan ve \u015fiddette ba\u015fvuran \u00f6rg\u00fct \u00fcyeleri ve kendileri de \u015fiddettin i\u00e7inde bulunan insanlard\u0131r&#8221; dedi.<\/p>\n","protected":false},"author":1,"featured_media":0,"comment_status":"open","ping_status":"closed","sticky":false,"template":"","format":"standard","meta":{"footnotes":""},"categories":[105],"tags":[],"class_list":["post-34162","post","type-post","status-publish","format-standard","hentry","category-gundem","odd"],"_links":{"self":[{"href":"http:\/\/www.korhanyilmaz.com\/index.php?rest_route=\/wp\/v2\/posts\/34162","targetHints":{"allow":["GET"]}}],"collection":[{"href":"http:\/\/www.korhanyilmaz.com\/index.php?rest_route=\/wp\/v2\/posts"}],"about":[{"href":"http:\/\/www.korhanyilmaz.com\/index.php?rest_route=\/wp\/v2\/types\/post"}],"author":[{"embeddable":true,"href":"http:\/\/www.korhanyilmaz.com\/index.php?rest_route=\/wp\/v2\/users\/1"}],"replies":[{"embeddable":true,"href":"http:\/\/www.korhanyilmaz.com\/index.php?rest_route=%2Fwp%2Fv2%2Fcomments&post=34162"}],"version-history":[{"count":0,"href":"http:\/\/www.korhanyilmaz.com\/index.php?rest_route=\/wp\/v2\/posts\/34162\/revisions"}],"wp:attachment":[{"href":"http:\/\/www.korhanyilmaz.com\/index.php?rest_route=%2Fwp%2Fv2%2Fmedia&parent=34162"}],"wp:term":[{"taxonomy":"category","embeddable":true,"href":"http:\/\/www.korhanyilmaz.com\/index.php?rest_route=%2Fwp%2Fv2%2Fcategories&post=34162"},{"taxonomy":"post_tag","embeddable":true,"href":"http:\/\/www.korhanyilmaz.com\/index.php?rest_route=%2Fwp%2Fv2%2Ftags&post=34162"}],"curies":[{"name":"wp","href":"https:\/\/api.w.org\/{rel}","templated":true}]}}