{"id":34156,"date":"2011-06-06T16:30:47","date_gmt":"2011-06-06T13:30:47","guid":{"rendered":"http:\/\/www.korhanyilmaz.com\/?p=34156"},"modified":"2011-06-06T16:30:47","modified_gmt":"2011-06-06T13:30:47","slug":"zapsu-abdde-erdogan-icin-yalvardi","status":"publish","type":"post","link":"http:\/\/www.korhanyilmaz.com\/?p=34156","title":{"rendered":"&#8216;Zapsu ABD&#8217;de Erdo\u011fan i\u00e7in yalvard\u0131&#8217;"},"content":{"rendered":"<p style=\"text-align: justify;\"><a rel=\"attachment wp-att-34157\" href=\"http:\/\/www.korhanyilmaz.com\/?attachment_id=34157\"><img loading=\"lazy\" decoding=\"async\" class=\"size-full wp-image-34157 aligncenter\" src=\"http:\/\/www.korhanyilmaz.com\/wp-content\/uploads\/2011\/06\/025.jpg\" alt=\"\" width=\"462\" height=\"210\" \/ class=\"lightview\"><\/a><\/p>\n<p style=\"text-align: justify;\">CHP lideri K\u0131l\u0131\u00e7daro\u011flu, Ba\u015fbakan Erdo\u011fan&#8217;\u0131n d\u0131\u015f politika anlay\u0131\u015f\u0131n\u0131 ele\u015ftirerek, &#8220;Bunun bir dan\u0131\u015fman\u0131 vard\u0131, C\u00fcneyt Zapsu. Gitti Amerika&#8217;ya, Amerikal\u0131lara yalvard\u0131, &#8216;Aman ne olur Recep Tayyip Erdo\u011fan&#8217;\u0131 s\u00fcp\u00fcrmeyin, kullan\u0131n&#8217; dedi. Recep Tayyip Erdo\u011fan, d\u0131\u015f politikay\u0131, \u00fclkesinin istikrar\u0131n\u0131 savunamaz, \u00e7\u00fcnk\u00fc Recep Tayyip Erdo\u011fan, \u00fclkeyi pazarlamakla g\u00f6revli&#8221; dedi.<!--more--><\/p>\n<p style=\"text-align: justify;\">AYDIN- CHP Genel Ba\u015fkan\u0131 Kemal K\u0131l\u0131\u00e7daro\u011flu, &#8221;Recep Tayyip  Erdo\u011fan, d\u0131\u015f politikay\u0131 y\u00fcr\u00fctemez. D\u0131\u015f politikay\u0131, \u00fclkesinin istikrar\u0131n\u0131 savunamaz, \u00e7\u00fcnk\u00fc Recep Tayyip  Erdo\u011fan, \u00fclkeyi pazarlamakla g\u00f6revli&#8221; dedi.<\/p>\n<p style=\"text-align: justify;\">Kemal K\u0131l\u0131\u00e7daro\u011flu, Ayd\u0131n \u0130stasyon Meydan\u0131&#8217;nda d\u00fczenlenen mitingde,  Ba\u015fbakan Erdo\u011fan&#8217;\u0131 ele\u015ftirdi. Ayd\u0131nl\u0131lardan CHP&#8217;ye oy vermelerini isteyen K\u0131l\u0131\u00e7daro\u011flu, \u015f\u00f6yle konu\u015ftu:<\/p>\n<p style=\"text-align: justify;\">&#8221;B\u00fct\u00fcn yurtta\u015flar\u0131m\u0131za sesleniyorum: Sizin inan\u00e7lar\u0131n\u0131z\u0131 s\u00f6m\u00fcren, inan\u00e7lar\u0131n\u0131z\u0131 siyasete alet eden Recep Tayyip Erdo\u011fan&#8217;a oy vermeyin, oyunuzu sizin inan\u00e7lar\u0131n\u0131za sayg\u0131 g\u00f6steren halk\u0131n partisine, yani CHP&#8217;ye verin. Biz hesap uzman\u0131y\u0131z. Bunun bir dan\u0131\u015fman\u0131 vard\u0131, C\u00fcneyt Zapsu. Gitti Amerika&#8217;ya, Amerikal\u0131lara yalvard\u0131, &#8216;Aman ne olur Recep Tayyip Erdo\u011fan&#8217;\u0131 s\u00fcp\u00fcrmeyin, kullan\u0131n&#8217; dedi. Recep Tayyip  Erdo\u011fan, d\u0131\u015f politikay\u0131 y\u00fcr\u00fctemez. D\u0131\u015f politikay\u0131, \u00fclkesinin istikrar\u0131n\u0131 savunamaz, \u00e7\u00fcnk\u00fc Recep Tayyip  Erdo\u011fan, \u00fclkeyi pazarlamakla g\u00f6revli.&#8221;<\/p>\n<p style=\"text-align: justify;\">K\u0131l\u0131\u00e7daro\u011flu, \u00e7ift\u00e7iler gibi emeklinin de durumunun iyi olmad\u0131\u011f\u0131n\u0131, emeklinin hayat\u0131ndan memnun olmad\u0131\u011f\u0131n\u0131 s\u00f6yledi. 9 milyon emeklinin 9 milyonunun da oyunu isteyen K\u0131l\u0131\u00e7daro\u011flu, \u015f\u00f6yle devam etti:<\/p>\n<p style=\"text-align: justify;\">&#8221;Bu iktidar\u0131n d\u00f6neminde, 9 y\u0131ll\u0131k d\u00f6nemde emekliler hayatlar\u0131ndan memnun mu? Recep Bey diyor ki, &#8216;Emeklinin cebi para dolu, emekliye para veriyoruz, yaz tatillerinde Kanarya Adalar\u0131&#8217;nda ge\u00e7iriyor.&#8217; Sizin haberiniz yok \u00f6yle mi? Memnun de\u011fil misiniz? Millet mi do\u011fruyu s\u00f6yl\u00fcyor, Recep Tayyip Erdo\u011fan m\u0131? Kim do\u011fru s\u00f6yler? Ben diyorum ki millet do\u011fru s\u00f6yler. Ben Recep Tayyip Erdo\u011fan&#8217;\u0131n s\u00f6ylediklerine de\u011fil, milletin s\u00f6ylediklerine inan\u0131yorum. 9 milyon emeklinin durumu iyi de\u011fil, bunu biliyoruz. Siz de onurlu bir ya\u015fam\u0131, halk\u0131n iktidar\u0131nda s\u00fcrd\u00fcr\u00fcn. Milli gelir art\u0131\u015f\u0131ndan size de pay verece\u011fiz, intibak yasas\u0131n\u0131 \u00e7\u0131karaca\u011f\u0131z, emeklilere s\u00f6z veriyorum. Halk\u0131n iktidar\u0131nda emeklinin de iktidar\u0131 olacak. Emekliden yana iktidar olacak. Emekli oluncaya kadar bu \u00fclkenin kalk\u0131nmas\u0131na yapt\u0131\u011f\u0131 katk\u0131lar\u0131, \u00e7al\u0131\u015ft\u0131klar\u0131n\u0131, al\u0131n teri d\u00f6kt\u00fcklerini biliyoruz, ama ald\u0131klar\u0131 ayl\u0131klarla ge\u00e7inemediklerini de biliyorum. Halk\u0131n iktidar\u0131na yol a\u00e7\u0131n ve CHP&#8217;yi iktidara ta\u015f\u0131y\u0131n, iktidar yap\u0131n. T\u00fcrkiye&#8217;de rahat bir nefes als\u0131n.&#8221;<\/p>\n<p style=\"text-align: justify;\"><strong>&#8220;DEVLET M\u0130T\u0130NG\u0130 DE\u011e\u0130L, HALKIN M\u0130T\u0130NG\u0130N\u0130 YAPIYORUZ&#8221;<\/strong><\/p>\n<p style=\"text-align: justify;\">K\u0131l\u0131\u00e7daro\u011flu, s\u00f6zlerine \u201cBiz devlet mitingi de\u011fil, halk\u0131n mitingini yap\u0131yoruz\u201d diyerek ba\u015flad\u0131. AKP\u2019nin \u201cdevlet mitingi\u201d yapt\u0131\u011f\u0131n\u0131 s\u00f6yleyen K\u0131l\u0131\u00e7daro\u011flu, \u201cB\u00fct\u00fcn resmi ara\u00e7lar\u0131 tahsis ediyorlar, belediye otob\u00fcsleri bedava oluyor, bedava ta\u015f\u0131yorlar. Memurlar\u0131 zorla miting alan\u0131na getiriyorlar. Yanda\u015flar\u0131n fabrikalar\u0131 varsa o g\u00fcn tatil ettiriyorlar, mitinge gideceksiniz, Recep Bey\u2019in mitingi kalabal\u0131k olacak diyorlar\u201d dedi.<\/p>\n<p style=\"text-align: justify;\">Nev\u015fehir Valili\u011fi\u2019nin, AKP mitingi \u00f6ncesi yazd\u0131\u011f\u0131 bir yaz\u0131y\u0131 da a\u00e7\u0131klayan K\u0131l\u0131\u00e7daro\u011flu, \u201cBak\u0131n\u0131z bir vali, Nev\u015fehir valisi diyor ki, \u2018Resmi plakal\u0131 ara\u00e7lar\u0131 tahsis edeceksiniz, plakalar\u0131 s\u00f6keceksiniz, yerine sivil plaka takacaks\u0131n\u0131z, Recep Bey\u2019in mitingine gideceksiniz\u2019 diyor. Resmi belge var, Nev\u015fehir Valili\u011fi \u00d6zel Kalemi yaz\u0131yor. D\u00fcn \u0130stanbul\u2019da g\u00f6rd\u00fcn\u00fcz, her \u015fey bedava, yeter ki Recep Bey\u2019in mitingine git. Ne yaparlarsa yaps\u0131nlar, hangi anketi yay\u0131nlarlarsa yay\u0131nlas\u0131nlar, CHP\u2019nin oylar\u0131 y\u00fckseliyor, AKP\u2019nin oylar\u0131 d\u00fc\u015f\u00fcyor. Kan\u0131t m\u0131 istiyorlar, Ayd\u0131n meydan\u0131na baks\u0131nlar\u201d diye konu\u015ftu.<\/p>\n<p style=\"text-align: justify;\">&#8221;Temeli 23 olmayan\u0131n gelece\u011fi 2023 olamaz&#8221; \u015feklinde bir pankart okuyan K\u0131l\u0131\u00e7daro\u011flu, s\u00f6zlerini \u015f\u00f6yle s\u00fcrd\u00fcrd\u00fc:<\/p>\n<p style=\"text-align: justify;\">&#8221;1920&#8217;lerde Samsun&#8217;a \u00e7\u0131k\u0131\u015fla ba\u015flayan ulusal ba\u011f\u0131ms\u0131zl\u0131k sava\u015f\u0131m\u0131zda, yi\u011fit insanlar Cumhuriyet&#8217;i kurdular ve onlar dediler ki, &#8216;K\u00f6yl\u00fc milletin efendisidir.&#8217; 2011 y\u0131l\u0131nday\u0131z, Allah a\u015fk\u0131na, &#8216;Anan\u0131 da al git&#8217; dedi k\u00f6yl\u00fcye. Biz CHP olarak 1923&#8217;\u00fcn ruhuna sahibiz. Kuvayi Milliye ruhu var bizde. Yine s\u00f6yl\u00fcyoruz k\u00f6yl\u00fc milletin efendisidir. B\u00fct\u00fcn \u00fcreticilere sesleniyorum. Recep Tayyip Erdo\u011fan&#8217;a 12 Haziran&#8217;dan sonra ders verin. Recep Bey&#8217;in ezberi bozulacak. Bozulsun mu? Recep Bey&#8217;in ezberini bozduk. Kimyas\u0131n\u0131 bozduk. A\u011fz\u0131n\u0131 da bozduk, art\u0131k normal konu\u015fam\u0131yor.&#8221;<\/p>\n<p style=\"text-align: justify;\">&#8221;Dilinin ucuna gelse diyecek ki, &#8216;\u0130stanbul&#8217;un fethini de ben yapt\u0131m&#8217; diyecek&#8221; diyen K\u0131l\u0131\u00e7daro\u011flu, &#8221;Sen itiraf etmedin mi, &#8216;Benim bakanlar\u0131m yolsuzluk yapt\u0131&#8217; diye? Pamuk, angus ba\u015fka yerden geliyor. Bu \u00fclkenin ovalar\u0131 var m\u0131, yaylalar\u0131 var m\u0131, bereketli ya\u011fmurlar\u0131 var m\u0131, yi\u011fit insanlar\u0131 var m\u0131, birileri k\u00f6\u015feyi d\u00f6ns\u00fcn diye kimse kazanmas\u0131n, \u00fcretici kazanmas\u0131n m\u0131? Halk\u0131n iktidar\u0131nda buna izin vermeyece\u011fiz&#8221; diye konu\u015ftu.<\/p>\n<p style=\"text-align: justify;\"><strong>&#8220;TOPRA\u011eI \u0130\u015eLEYENE, SUYU DA KULLANANA VERECE\u011e\u0130Z&#8221;<\/strong><\/p>\n<p style=\"text-align: justify;\">Ayd\u0131n&#8217;\u0131n en \u00f6nemli sorunlar\u0131ndan birinin 2B oldu\u011funu belirten K\u0131l\u0131\u00e7daro\u011flu, \u015f\u00f6yle devam etti:<\/p>\n<p style=\"text-align: justify;\">&#8221;Bu b\u00f6lgenin temel sorunlar\u0131ndan biri 2B. 2B sorununu \u00e7\u00f6zece\u011fiz ama Recep Bey&#8217;in dedi\u011fi gibi de\u011fil. O, &#8216;ihaleye \u00e7\u0131kaca\u011f\u0131z, kim y\u00fcksek fiyat verecekse ona verece\u011fiz&#8217; diyor. Biz orman k\u00f6yl\u00fcs\u00fcne 2B&#8217;yi \u00fccretsiz verece\u011fiz. Onun d\u0131\u015f\u0131ndakilere 2B&#8217;yi emlak de\u011feri \u00fczerinden verece\u011fiz. Emlak vergisi de\u011feri m\u00fctevaz\u0131d\u0131r, zaten bunun \u00fczerinden vergisini \u00f6d\u00fcyorsunuz. 2B sorunu \u00e7\u00f6z\u00fclecek. &#8216;Toprak i\u015fleyenin, su kullanan\u0131n&#8217; demi\u015fti Ecevit, topra\u011f\u0131 i\u015fleyene, suyu da kullanana verece\u011fiz.&#8221;<\/p>\n<p style=\"text-align: justify;\"><strong>&#8221;TA\u015eERON \u0130\u015e\u00c7\u0130L\u0130K SONA ERECEK&#8221;<\/strong><\/p>\n<p style=\"text-align: justify;\">Kemal K\u0131l\u0131\u00e7daro\u011flu, CHP iktidar\u0131nda ta\u015feron i\u015f\u00e7ili\u011fin sona erece\u011fini, i\u015f\u00e7ilerin sendika g\u00fcvencesine kavu\u015faca\u011f\u0131n\u0131 s\u00f6yledi. Demokrasiden yana olduklar\u0131n\u0131, \u00f6zg\u00fcr bir toplum istediklerini belirten K\u0131l\u0131\u00e7daro\u011flu, &#8221;\u00d6zg\u00fcr toplum demek, g\u00fc\u00e7l\u00fc T\u00fcrkiye demek&#8221; dedi. Aile sigortas\u0131n\u0131 getireceklerini, yoksullu\u011fu tarihe g\u00f6meceklerini dile getiren K\u0131l\u0131\u00e7daro\u011flu, \u015funlar\u0131 s\u00f6yledi:<\/p>\n<p style=\"text-align: justify;\">&#8221;Herkesin mutlu oldu\u011fu bir T\u00fcrkiye yarataca\u011f\u0131z. Bu \u00fclkede kad\u0131nlar, \u00e7ocuklar\u0131n\u0131 sabah huzur i\u00e7inde okula g\u00f6nderecek. Bunu Ayd\u0131n&#8217;da yap\u0131yoruz. Ayd\u0131n&#8217;da bir dostunuz var, halk\u0131n iktidar\u0131n\u0131 Ayd\u0131n&#8217;da peki\u015ftirdiniz, o sizin \u00e7ocu\u011funuz, onun ad\u0131 \u00d6zlem \u00c7er\u00e7io\u011flu. O size hizmet ediyor, yetki vereceksiniz, Kemal karde\u015finiz de b\u00fct\u00fcn T\u00fcrkiye&#8217;ye hizmet edecek. Milletvekili adaylar\u0131m\u0131z\u0131 sizler biliyoruz. Madem ki efeler diyar\u0131na geldik, yi\u011fit insanlar aras\u0131na geldik, o zaman s\u00f6yleyeyim: Say\u0131n Recep Tayyip  Erdo\u011fan, sen televizyon kanal\u0131na \u00e7\u0131k, \u00e7\u0131kar m\u0131, Kemal karde\u015finizle \u00e7\u0131kabilir mi? Recep Bey&#8217;in istedi\u011fi televizyon kanal\u0131nda, onun istedi\u011fi gazetecilerle sizin Kemal&#8217;inizin kar\u015f\u0131s\u0131na \u00e7\u0131kabilir mi? \u00c7\u0131kabilir mi efeler? S\u00f6z; vallahi, ben tek ba\u015f\u0131na \u00e7\u0131kaca\u011f\u0131m. \u00c7\u0131kabilir mi? Efeler diyar\u0131nda korkaklara yer var m\u0131? Efeler diyar\u0131 burada meydanda, burada er meydan\u0131 burada, gel Ayd\u0131n&#8217;a hesapla\u015fal\u0131m.&#8221;<\/p>\n<p style=\"text-align: justify;\"><strong>&#8220;7 \u00c7OCUKTAN B\u0130R\u0130YD\u0130M&#8221;<\/strong><\/p>\n<p style=\"text-align: justify;\">Anadolu&#8217;nun k\u00fc\u00e7\u00fck bir k\u00f6y\u00fcnde, bir ailenin 7 \u00e7ocu\u011fundan biri olarak do\u011fdu\u011funu anlatan K\u0131l\u0131\u00e7daro\u011flu, \u015funlar\u0131 kaydetti:<\/p>\n<p style=\"text-align: justify;\">&#8221;Karde\u015flerimden \u00fcniversiteyi bitiren sadece benim. Di\u011fer karde\u015flerimin kimisi okula bile gidemedi, kimisi ortaokulu, kimisi ilk\u00f6\u011fretimi bitirdi. Cumhuriyetin sayesinde okuduk, \u00fcniversiteyi bitirdik. Devlette 27 y\u0131l \u00fcst g\u00f6revlerde bulunduk. Cumhuriyetin sayesinde Cumhuriyet Halk Partisi&#8217;ne Genel Ba\u015fkan olduk. Cumhuriyeti kuranlar, al\u0131n teri d\u00f6kenler, \u015fehit olanlar, hepsine \u015f\u00fckran borcumuz var.&#8221;<\/p>\n<p style=\"text-align: justify;\"><strong>&#8220;YED\u0130 YED\u0130 DOYMADI AKP&#8221;<\/strong><\/p>\n<p style=\"text-align: justify;\">&#8221;\u00d6mr\u00fcm\u00fc yedin KPSS, yedi yedi doymad\u0131 AKP&#8221; \u015feklindeki pankart\u0131 okuyan K\u0131l\u0131\u00e7daro\u011flu, &#8221;Biz onun hesab\u0131n\u0131 soraca\u011f\u0131z&#8221; dedi.<\/p>\n<p style=\"text-align: justify;\">K\u0131l\u0131\u00e7daro\u011flu, Diyarbak\u0131r&#8217;dan Urfa&#8217;ya, Ni\u011fde&#8217;den Nev\u015fehir&#8217;e, Rize&#8217;den Tekirda\u011f&#8217;a bar\u0131\u015f selam\u0131 g\u00f6nderdi\u011fini s\u00f6yleyerek, konu\u015fmas\u0131n\u0131 \u015f\u00f6yle sonland\u0131rd\u0131:<\/p>\n<p style=\"text-align: justify;\">&#8221;Biz \u00fclkemizi seviyoruz, insan\u0131m\u0131z\u0131 seviyoruz, insan\u0131m\u0131za hizmet etmek istiyoruz. Halk\u0131n iktidar\u0131nda hi\u00e7 kimseyi \u00f6tekile\u015ftirmeyece\u011fiz. Herkese hizmet etmek, benim namus g\u00f6revim olacak. Herkesin inanc\u0131na, kimli\u011fine sayg\u0131 g\u00f6stermek benim kimli\u011fim olacak. Kitab\u0131mda yanda\u015f yok, sadece vatanda\u015f var. Milletvekili adaylar\u0131m\u0131z\u0131 size, sizi de Allah&#8217;a emanet ediyorum.&#8221;<\/p>\n<p style=\"text-align: justify;\"><a href=\"http:\/\/www.gazeteport.com.tr\/haber\/36194\/zapsu_abdde_erdogan_icin_yalvardi\" target=\"_blank\">Kaynak : GAZETEPORT<\/a><\/p>\n","protected":false},"excerpt":{"rendered":"<p style=\"text-align: justify;\">\n<p style=\"text-align: justify;\">CHP lideri K\u0131l\u0131\u00e7daro\u011flu, Ba\u015fbakan Erdo\u011fan&#8217;\u0131n d\u0131\u015f politika anlay\u0131\u015f\u0131n\u0131 ele\u015ftirerek, &#8220;Bunun bir dan\u0131\u015fman\u0131 vard\u0131, C\u00fcneyt Zapsu. Gitti Amerika&#8217;ya, Amerikal\u0131lara yalvard\u0131, &#8216;Aman ne olur Recep Tayyip Erdo\u011fan&#8217;\u0131 s\u00fcp\u00fcrmeyin, kullan\u0131n&#8217; dedi. Recep Tayyip Erdo\u011fan, d\u0131\u015f politikay\u0131, \u00fclkesinin istikrar\u0131n\u0131 savunamaz, \u00e7\u00fcnk\u00fc Recep Tayyip Erdo\u011fan, \u00fclkeyi pazarlamakla g\u00f6revli&#8221; dedi.<\/p>\n","protected":false},"author":1,"featured_media":0,"comment_status":"open","ping_status":"closed","sticky":false,"template":"","format":"standard","meta":{"footnotes":""},"categories":[105],"tags":[],"class_list":["post-34156","post","type-post","status-publish","format-standard","hentry","category-gundem","odd"],"_links":{"self":[{"href":"http:\/\/www.korhanyilmaz.com\/index.php?rest_route=\/wp\/v2\/posts\/34156","targetHints":{"allow":["GET"]}}],"collection":[{"href":"http:\/\/www.korhanyilmaz.com\/index.php?rest_route=\/wp\/v2\/posts"}],"about":[{"href":"http:\/\/www.korhanyilmaz.com\/index.php?rest_route=\/wp\/v2\/types\/post"}],"author":[{"embeddable":true,"href":"http:\/\/www.korhanyilmaz.com\/index.php?rest_route=\/wp\/v2\/users\/1"}],"replies":[{"embeddable":true,"href":"http:\/\/www.korhanyilmaz.com\/index.php?rest_route=%2Fwp%2Fv2%2Fcomments&post=34156"}],"version-history":[{"count":0,"href":"http:\/\/www.korhanyilmaz.com\/index.php?rest_route=\/wp\/v2\/posts\/34156\/revisions"}],"wp:attachment":[{"href":"http:\/\/www.korhanyilmaz.com\/index.php?rest_route=%2Fwp%2Fv2%2Fmedia&parent=34156"}],"wp:term":[{"taxonomy":"category","embeddable":true,"href":"http:\/\/www.korhanyilmaz.com\/index.php?rest_route=%2Fwp%2Fv2%2Fcategories&post=34156"},{"taxonomy":"post_tag","embeddable":true,"href":"http:\/\/www.korhanyilmaz.com\/index.php?rest_route=%2Fwp%2Fv2%2Ftags&post=34156"}],"curies":[{"name":"wp","href":"https:\/\/api.w.org\/{rel}","templated":true}]}}