{"id":34149,"date":"2011-06-06T12:48:39","date_gmt":"2011-06-06T09:48:39","guid":{"rendered":"http:\/\/www.korhanyilmaz.com\/?p=34149"},"modified":"2011-08-06T14:44:48","modified_gmt":"2011-08-06T11:44:48","slug":"kopruden-onceki-son-cikis","status":"publish","type":"post","link":"http:\/\/www.korhanyilmaz.com\/?p=34149","title":{"rendered":"K\u00f6pr\u00fcden \u00f6nceki son \u00e7\u0131k\u0131\u015f"},"content":{"rendered":"<div id=\"attachment_34150\" style=\"width: 115px\" class=\"wp-caption alignright\"><img loading=\"lazy\" decoding=\"async\" aria-describedby=\"caption-attachment-34150\" class=\"size-full wp-image-34150 \" title=\"B\u00fclent Serim\" src=\"http:\/\/www.korhanyilmaz.com\/wp-content\/uploads\/2011\/06\/024.jpg\" alt=\"\" width=\"105\" height=\"134\" \/><p id=\"caption-attachment-34150\" class=\"wp-caption-text\">B\u00fclent Serim<\/p><\/div>\n<p style=\"text-align: justify;\">12 Haziran se\u00e7imleri, Atat\u00fcrk Cumhuriyeti y\u00f6n\u00fcnden \u201c<strong>k\u00f6pr\u00fcden \u00f6nceki son \u00e7\u0131k\u0131\u015f<\/strong>\u201dt\u0131r. T\u00fcrkiye Cumhuriyet\u2019i son h\u0131zla \u201c<strong>Federal \u0130slami Cumhuriyet<\/strong>\u201de do\u011fru yol almaktad\u0131r. E\u011fer bu se\u00e7imlerde, referans\u0131 \u201c<strong>\u0130slam<\/strong>\u201d olan bir siyasal parti anayasay\u0131 tek ba\u015f\u0131na de\u011fi\u015ftirecek say\u0131da milletvekiline sahip olursa, \u00f6zg\u00fcrl\u00fck\u00e7\u00fc, tam ba\u011f\u0131ms\u0131zl\u0131k\u00e7\u0131, ulusal, \u00fcniter, demokratik ve laik Atat\u00fcrk Cumhuriyeti tarihe kar\u0131\u015facakt\u0131r. 12 Haziran se\u00e7imleri bu gidi\u015ften kurtulman\u0131n son \u015fans\u0131n\u0131 sunmaktad\u0131r. Bu \u015fans\u0131 kullanmak, Atat\u00fcrk Cumhuriyeti\u2019nin kurucu kazan\u0131mlar\u0131n\u0131n \u00fclkeye yeniden egemen olmas\u0131n\u0131 sa\u011flamak elimizdedir. \u201c<strong>K\u00f6pr\u00fc<\/strong>\u201d, Federal \u0130slami Cumhuriyet\u2019e giden d\u00f6n\u00fclmez yolu; \u201c<strong>\u00f6nceki son \u00e7\u0131k\u0131\u015f<\/strong>\u201d ise, Atat\u00fcrk Cumhuriyeti\u2019ne d\u00f6n\u00fc\u015f kav\u015fa\u011f\u0131n\u0131 simgelemektedir.<!--more--><\/p>\n<p style=\"text-align: justify;\">T\u00fcrkiye Cumhuriyeti kuruldu\u011fundan beri, gerici ve b\u00f6l\u00fcc\u00fc olaylarla kar\u015f\u0131 kar\u015f\u0131ya gelmi\u015ftir. Kurulu\u015f y\u0131llar\u0131nda gizli gizli y\u00fcr\u00fct\u00fclen etkinlikler, Kurtulu\u015f y\u0131llar\u0131nda ba\u015flayan ve Kurulu\u015f y\u0131llar\u0131nda s\u00fcrd\u00fcr\u00fclen ayaklanmalarla a\u00e7\u0131\u011fa vurulmu\u015fsa da, \u00e7ok partili siyasal d\u00fczene ge\u00e7ilinceye kadar etkili olamam\u0131\u015ft\u0131r. Kurulu\u015f y\u0131llar\u0131nda denenen iki siyasal parti de, gericili\u011fin hortlat\u0131lmas\u0131ndaki rolleri nedeniyle kapat\u0131lmak zorunda kal\u0131nm\u0131\u015ft\u0131r.<\/p>\n<p style=\"text-align: justify;\">Gericilik ilk ba\u015far\u0131s\u0131n\u0131 \u0130kinci D\u00fcnya Sava\u015f\u0131\u2019ndan sonra demokratikle\u015fme a\u015famas\u0131nda kazanm\u0131\u015f, toplumda \u00f6\u011fretmeni imam\u0131n yerine egemen k\u0131lan, k\u0131rsalda ya\u015fayan yurtta\u015flar\u0131n \u00e7a\u011fda\u015fla\u015fmas\u0131 amac\u0131yla kurulan K\u00f6y Enstit\u00fcleri, ne yaz\u0131k ki 1950\u2019den \u00f6nce kapat\u0131larak, yeniden imamlar\u0131n \u00f6n\u00fc a\u00e7\u0131lm\u0131\u015f ve k\u0131rsal kesim karanl\u0131\u011fa terk edilmi\u015ftir.<\/p>\n<p style=\"text-align: justify;\">\u0130ktidara gelebilmek ve iktidar\u0131n\u0131 kal\u0131c\u0131 k\u0131labilmek isteyen Demokrat Partili y\u0131llarda, din ve din duygular\u0131 k\u00f6t\u00fcye kullan\u0131larak gericili\u011fe verilen \u00f6d\u00fcn nedeniyle tarikat ve cemaatlere umut do\u011fmu\u015f; 10 y\u0131l boyunca bu umut boy atarak filizlenmi\u015ftir. 1950\u2019de iktidara gelir gelmez 18 y\u0131ld\u0131r uygulanan \u201c<strong>T\u00fcrk\u00e7e ezan<\/strong>\u201d\u0131n kald\u0131r\u0131lmas\u0131, T\u00fcrk\u00e7ele\u015ftirilen 1924 Anayasas\u0131\u2019n\u0131n bir yasayla yeniden eski durumuna d\u00f6n\u00fc\u015ft\u00fcr\u00fclmesi, bu y\u0131llarda ya\u015fanacaklar\u0131n ilk habercileri olmu\u015ftur. \u00d6\u011frenci yoklu\u011fu nedeniyle 1930 y\u0131l\u0131nda kapat\u0131lan, ayd\u0131n din adam\u0131na olan gereksinim nedeniyle 1949 y\u0131l\u0131nda Milli E\u011fitim Bakanl\u0131\u011f\u0131\u2019na ba\u011fl\u0131 kurs olarak ba\u015flat\u0131lan imam hatiplerin, 1951 y\u0131l\u0131nda yeniden okul olarak a\u00e7\u0131lmas\u0131 da, bu d\u00f6nemdeki bir di\u011fer \u00f6nemli ba\u015flang\u0131\u00e7 olmu\u015ftur.<\/p>\n<p style=\"text-align: justify;\">27 May\u0131s hareketiyle, bir yandan Atat\u00fcrk Devrimi\u2019nin s\u00fcrmesi sa\u011flan\u0131rken, \u00f6te yandan da demokrasiye yeniden d\u00f6n\u00fclerek, \u00f6zg\u00fcrl\u00fck\u00e7\u00fc, \u00e7a\u011fda\u015f, demokratik bir anayasayla, T\u00fcrk Ulusu\u2019nun \u00e7a\u011fda\u015f uygarl\u0131k d\u00fczeyinin \u00fcst\u00fcne \u00e7\u0131karmak i\u00e7in gerekli ad\u0131m at\u0131lm\u0131\u015ft\u0131r.<\/p>\n<p style=\"text-align: justify;\">Ne yaz\u0131k ki bu umut dolu giri\u015fim \u00e7ok k\u0131sa \u00f6m\u00fcrl\u00fc olmu\u015ftur. Daha \u00f6nce Genelkurmay Ba\u015fkanl\u0131\u011f\u0131 da yapm\u0131\u015f bir Cumhurba\u015fkan\u0131\u2019n\u0131n, laik okullarda \u201c<strong>yeti\u015fen gen\u00e7lere \u00fclke y\u00f6netiminin teslim edilemeyece\u011fini\u201d<\/strong>, \u201c<strong>laik okullara kar\u015f\u0131 imam hatip okullar\u0131n\u0131n bir se\u00e7enek olarak d\u00fc\u015f\u00fcn\u00fcld\u00fc\u011f\u00fcn\u00fc<\/strong>\u201d ve \u201c<strong>Devletin kilit mevkilerine yerle\u015ftirilecek ki\u015filerin, imam hatip okullar\u0131nda yeti\u015ftirilece\u011fini<\/strong>\u201d s\u00f6ylemesiyle gericilik, 1960 y\u0131llar\u0131n ikinci yar\u0131s\u0131nda birden \u00f6n\u00fcn\u00fcn a\u00e7\u0131ld\u0131\u011f\u0131n\u0131 g\u00f6rm\u00fc\u015ft\u00fcr.<\/p>\n<p style=\"text-align: justify;\">1970\u2019li y\u0131llar\u0131n ba\u015f\u0131nda rahmetli Necmettin Erbakan\u2019\u0131n \u0130svi\u00e7re\u2019den getirilerek Milli Nizam Partisi\u2019ni kurmas\u0131; 1961 Anayasas\u0131\u2019n\u0131n toplumsal geli\u015fmelerin \u00e7ok \u00f6n\u00fcnde g\u00f6r\u00fclerek t\u0131rpanlanmas\u0131 d\u00f6nemine denk gelmektedir.<\/p>\n<p style=\"text-align: justify;\">Adalet Partisi iktidar\u0131yla ba\u015flay\u0131p, Mart 1971 muht\u0131ras\u0131, Cumhuriyet Halk Partisi-Milli Selamet Partisi koalisyonu, Milliyet\u00e7i Cephe koalisyonlar\u0131, 12 Eyl\u00fcl askeri darbesi, \u00d6zal iktidar\u0131, Refah Partisi-Do\u011fruyol Partisi koalisyonu d\u00f6nemlerinde din, siyasal ve toplumsal alanda k\u00f6t\u00fcye kullan\u0131larak; imam hatip liseleri, ilahiyat fak\u00fclteleri ve Kuran kurslar\u0131n\u0131n say\u0131lar\u0131 ihtiyac\u0131n \u00e7ok \u00fcst\u00fcnde, anayasan\u0131n \u00f6\u011fretim birli\u011fi ve laik \u00f6\u011fretim ilkelerine ayk\u0131r\u0131 bi\u00e7imde art\u0131r\u0131larak, ka\u00e7ak kurslar\u0131n \u00f6n\u00fc a\u00e7\u0131larak, tarikat ve cemaatlere sivil toplum kurulu\u015fu stat\u00fcs\u00fc kazand\u0131r\u0131larak, gericili\u011fin y\u00fckselmesi \u00f6nlenemez duruma getirilmi\u015ftir.<\/p>\n<p style=\"text-align: justify;\">Gelinen noktada Devlet y\u00f6netimi, y\u0131ll\u0131k 3800 gereksinime kar\u015f\u0131n 60 bin mezun veren, mezunlar\u0131n\u0131n say\u0131s\u0131 milyonlar\u0131 a\u015fan imam hatiplilere ya da bu zihniyette olanlara teslim edilmi\u015ftir. Anayasa Mahkemesi\u2019nin,\u00a0laik Cumhuriyet laik formasyonla yeti\u015fmi\u015f ki\u015filer taraf\u0131ndan y\u00f6netilmelidir karar\u0131na kar\u015f\u0131n, 2002 y\u0131l\u0131n\u0131n sonundan ba\u015flayarak, imam hatipte dini formasyon alarak yeti\u015fmi\u015f ki\u015filer, T\u00fcrkiye Cumhuriyeti\u2019nin y\u00f6netimine egemen olmu\u015ftur. B\u00f6ylece, 1960\u2019l\u0131 y\u0131llar\u0131n ikinci yar\u0131s\u0131ndaki istek, 2002 sonunda ger\u00e7ekle\u015fmi\u015ftir.<\/p>\n<p style=\"text-align: justify;\">B\u00f6ylece, binlerce \u00f6rne\u011fi verilebilecek olaylar\u0131n kan\u0131tlad\u0131\u011f\u0131 gibi, kamusal, toplumsal ve bireysel ya\u015famda da din kurallar\u0131n\u0131n egemenli\u011fi sa\u011flanm\u0131\u015f, laik ya\u015fam tarz\u0131 b\u00fcy\u00fck \u00f6l\u00e7\u00fcde terk edilmi\u015ftir.<\/p>\n<p style=\"text-align: justify;\">28 \u015eubat 1997\u2019de, d\u00fc\u015fmana kar\u015f\u0131 yurdu, gericili\u011fe ve b\u00f6l\u00fcc\u00fcl\u00fc\u011fe kar\u015f\u0131 Cumhuriyet\u2019i korumakla g\u00f6revli ve y\u00fck\u00fcml\u00fc T\u00fcrk Silahl\u0131 Kuvvetleri\u2019nin m\u00fcdahalesiyle Atat\u00fcrk Devrim\u2019inin yeniden egemen olmas\u0131 sa\u011flanm\u0131\u015fsa da, bu s\u00fcre\u00e7 \u00e7ok k\u0131sa s\u00fcrm\u00fc\u015ft\u00fcr. Bu d\u00f6nemde, Ba\u015fbakanl\u0131k Takip Kurulu kurulmas\u0131yla, 8 y\u0131ll\u0131k kesintisiz ilk\u00f6\u011fretimin kabul edilip imam hatiplerin orta k\u0131s\u0131mlar\u0131n\u0131n kapat\u0131lmas\u0131yla, ka\u00e7ak kurslar\u0131n, tarikat ve cemaat okul, kurs ve yurtlar\u0131n\u0131n denetime al\u0131nmas\u0131yla gericili\u011fin k\u0131sa s\u00fcreli\u011fine solu\u011fu kesilmi\u015ftir.<\/p>\n<p style=\"text-align: justify;\">Ne var ki, So\u011fuk Sava\u015f\u2019\u0131n bitip ABD\u2019nin d\u00fcnya egemenli\u011fini ilan etmesi, bu ba\u011flamda T\u00fcrkiye Cumhuriyeti\u2019ne M\u00fcsl\u00fcman co\u011frafyas\u0131nda bi\u00e7ti\u011fi rol, Atat\u00fcrk Cumhuriyeti\u2019ni daha \u0130slami bir yap\u0131ya b\u00fcr\u00fcnd\u00fcrmekte i\u00e7 ve d\u0131\u015f dinamiklerin \u00e7\u0131kar ve ama\u00e7 birli\u011fi, AKP\u2019nin kurdurulup iktidar yap\u0131lmas\u0131yla, son 9 y\u0131lda gericilik ve b\u00f6l\u00fcc\u00fcl\u00fck konusunda son noktaya gelinmi\u015ftir. \u015eunu vurgulamak gerekir ki, AKP iktidar oldu\u011funda, 1950\u2019den beri haz\u0131rlanan bir dinci altyap\u0131y\u0131 \u00f6n\u00fcnde haz\u0131r bulmu\u015f, bunu \u00e7ok iyi kullan\u0131p y\u00f6netmi\u015ftir. Siyasal rejimi d\u00f6n\u00fc\u015ft\u00fcrme projesinde bu durum \u00f6nemli bir \u00f6\u011fe olmu\u015ftur.<\/p>\n<p style=\"text-align: justify;\">Aral\u0131k 2002\u2019den ba\u015flay\u0131p Temmuz 2007\u2019ye kadar s\u00fcren birinci d\u00f6nemde, 10. Cumhurba\u015fkan\u0131\u2019n\u0131n etkisi, ordu-medya-yarg\u0131-\u00fcniversitelerin ele ge\u00e7irilememi\u015f olmas\u0131 ve bu nedenle \u00e7ekingenli\u011fin s\u00fcrmesinin etkisiyle, daha \u0130slami bir yap\u0131 konusundaki ilerlemeler k\u00fc\u00e7\u00fck ad\u0131mlarla yap\u0131labilmi\u015ftir. Hatta \u00e7o\u011fu kez, yap\u0131lmak istenilenler ya da ba\u015far\u0131l\u0131 olunamayan eylemler sonraki d\u00f6neme b\u0131rak\u0131lm\u0131\u015ft\u0131r. Bu d\u00f6nemin en \u00f6nemli ba\u015far\u0131s\u0131, \u00f6zerk kurumlar dahil t\u00fcm kamu kurum ve kurulu\u015flar\u0131nda kadrola\u015fman\u0131n tamamlanmas\u0131 olmu\u015ftur. Kamuda siyasal \u0130slamc\u0131\/dinci yap\u0131lanmay\u0131 izlemek i\u00e7in kurulan Ba\u015fbakanl\u0131k Takip Kurulu ile M\u0130T devreden \u00e7\u0131kar\u0131lm\u0131\u015ft\u0131r.<\/p>\n<p style=\"text-align: justify;\">Ku\u015fkusuz Atat\u00fcrk Cumhuriyeti\u2019ni d\u00f6n\u00fc\u015ft\u00fcrmek i\u00e7in bu yetmemektedir. Cumhuriyet\u2019in koruyucusu T\u00fcrk Ordusu\u2019nun sindirilmesi, ko\u015fulsuz destek\u00e7i bir medya ve \u00fcniversitenin yarat\u0131lmas\u0131, yasal ve y\u00f6netsel i\u015flemleri iptal etmeyen, yanda\u015flar\u0131 kollay\u0131p kar\u015f\u0131tlar\u0131 cezaland\u0131ran bir yarg\u0131n\u0131n olu\u015fturulmas\u0131na gereksinim vard\u0131r. Bunlar\u0131 ba\u015farabilmek i\u00e7in, Temmuz 2007\u2019de tek ba\u015f\u0131na anayasay\u0131 de\u011fi\u015ftirecek say\u0131da milletvekili kazan\u0131lmas\u0131; Devlet\u2019in ba\u015f\u0131 olan, T\u00fcrkiye Cumhuriyeti\u2019ni ve T\u00fcrk Ulusu\u2019nun birli\u011fini temsil eden Cumhurba\u015fkanl\u0131\u011f\u0131 makam\u0131na isterlere uygun bir ki\u015finin yaln\u0131zca iktidar partisi oylar\u0131yla se\u00e7ilmesi yeterli olmu\u015ftur. Bir hususu daha unutmamak gerekir. \u0130ktidardaki siyasal partinin amac\u0131 do\u011frultusundaki y\u00fcr\u00fcy\u00fc\u015f\u00fcnde ba\u015far\u0131l\u0131 olmas\u0131nda, Anayasa Mahkemesi\u2019nce \u201c<strong>laik ve demokratik Cumhuriyet kar\u015f\u0131t\u0131 eylemlerin oda\u011f\u0131<\/strong>\u201d oldu\u011funun saptanmas\u0131na kar\u015f\u0131n kapat\u0131lmamas\u0131n\u0131n ve T\u00fcrkiye Devleti\u2019ni y\u00f6netmeyi s\u00fcrd\u00fcrmesinin de b\u00fcy\u00fck katk\u0131s\u0131 olmu\u015ftur. B\u00f6ylece ikinci d\u00f6nem ba\u015flam\u0131\u015ft\u0131r.<\/p>\n<p style=\"text-align: justify;\">Bu d\u00f6nemde, \u00f6nce Y\u00d6K Ba\u015fkanl\u0131\u011f\u0131\u2019na, \u00fcyeliklerine ve rekt\u00f6rl\u00fcklere yap\u0131lan atamalarla \u00fcniversite sorunu \u00e7\u00f6z\u00fclm\u00fc\u015f, siyasal iktidardan emir alan bir y\u00fcksek\u00f6\u011fretim toplumu yarat\u0131lm\u0131\u015ft\u0131r. Ba\u011f\u0131ms\u0131z ya da sermayeye ba\u011fl\u0131 medya organlar\u0131 vergi ve para cezalar\u0131yla y\u0131ld\u0131r\u0131l\u0131p yanda\u015f k\u0131l\u0131nm\u0131\u015f, yetmemi\u015f kimi medya organlar\u0131n\u0131n yanda\u015flar\u0131n eline ge\u00e7mesi sa\u011flanm\u0131\u015ft\u0131r. Muhalefet eden birka\u00e7 TV kanal\u0131 ile gazete kalm\u0131\u015ft\u0131r. Gazeteciler i\u015flerinden edilerek ya da Silivri\u2019ye kapat\u0131larak susturulmu\u015ftur. K\u0131saca Wikileaks belgelerinde vurguland\u0131\u011f\u0131 gibi, AKP yanda\u015f\u0131 medya yaratma giri\u015fimi ba\u015far\u0131yla sonu\u00e7land\u0131r\u0131lm\u0131\u015ft\u0131r.<\/p>\n<p style=\"text-align: justify;\">S\u0131ra TSK\u2019ne geldi\u011finde \u00e7ok daha vahim geli\u015fmeler ya\u015fanm\u0131\u015ft\u0131r. D\u00fczmece belgelerle orgeneralinden te\u011fmenine, muvazzaf\u0131ndan emeklisine bir\u00e7ok asker tutuklanm\u0131\u015f, bu yolla ayn\u0131 zamanda terfi etmeleri engellenmi\u015ftir. Bunun son \u00f6rne\u011fini, Sivrihisar\u2019da konu\u015flanan Menzil tarikat\u0131n\u0131 izledi\u011fi i\u00e7in Harp Akademileri Komutan\u0131 Orgeneral Bilgin Balanl\u0131 ile Hava Harp Okulu Komutan\u0131 T\u00fcmgeneral \u0130smail Ta\u015f\u2019\u0131n tutuklanmas\u0131 olu\u015fturmu\u015ftur. B\u00f6ylece, Hava Kuvvetleri Komutan\u0131 olmas\u0131 beklenen Balanl\u0131\u2019n\u0131n \u00f6n\u00fc kesilmi\u015ftir.<\/p>\n<p style=\"text-align: justify;\">Ad\u0131yaman\u2019\u0131n Kahta il\u00e7esinin Menzil k\u00f6y\u00fcnde etkinli\u011fini s\u00fcrd\u00fcren tarikat, Anadolu\u2019nun merkezinde daha etkili olaca\u011f\u0131n\u0131 d\u00fc\u015f\u00fcnerek Sivrihisar\u2019\u0131n Bilvanis k\u00f6y\u00fcne g\u00f6\u00e7m\u00fc\u015f ve burada binlerce d\u00f6n\u00fcm arazi alarak yerle\u015fmi\u015ftir. Bilvanis, daha \u00f6nce Sivrihisar\u2019\u0131n mahallesi iken, Eski\u015fehir \u0130l Genel Meclisi\u2019nin karar\u0131 ve \u0130\u00e7i\u015fleri Bakanl\u0131\u011f\u0131\u2019n\u0131n onay\u0131 ile k\u00f6y stat\u00fcs\u00fcne kavu\u015fturulmu\u015f ve ad\u0131 da Buhara olarak de\u011fi\u015ftirilmi\u015ftir. Yap\u0131lan tesis ve binalarla k\u00f6y tarikat merkezi olarak kullan\u0131lmaya elveri\u015fli duruma getirilmi\u015ftir.\u00a0T\u00fcm bunlar yap\u0131l\u0131rken ne valilikten, ne kaymakaml\u0131ktan bir engelle kar\u015f\u0131la\u015f\u0131lm\u0131\u015ft\u0131r. Yarg\u0131dan da herhangi bir m\u00fcdahalede bulunulmam\u0131\u015ft\u0131r. Tam tersine k\u00f6y\u00fcn yol, su, elektrik sorunu devlet g\u00fc\u00e7lerince \u00e7\u00f6z\u00fclm\u00fc\u015ft\u00fcr. (Emin \u00c7\u00f6la\u015fan, S\u00f6zc\u00fc, 01.06.2011) \u0130\u015fte Orgeneral Balanl\u0131 bu yap\u0131lanmaya kar\u015f\u0131 \u00e7\u0131kt\u0131\u011f\u0131 i\u00e7in tutuklanm\u0131\u015ft\u0131r.<\/p>\n<p style=\"text-align: justify;\">Bug\u00fcn tutuklu general say\u0131s\u0131 Genelkurmay karargah\u0131nda g\u00f6revli olanlardan fazlad\u0131r. Siyasal iktidar TSK\u2019ni yeniden d\u00fczenlemekte, komuta kademesini kendi isterlerine uygun bi\u00e7imde yeniden olu\u015fturmaya \u00e7al\u0131\u015fmaktad\u0131r. \u201c<strong>\u0130sterler<\/strong>\u201d, \u0130slami yap\u0131 olu\u015fumuna kar\u015f\u0131 \u00e7\u0131kmayacak ve ABD \u00e7\u0131karlar\u0131na ters d\u00fc\u015fmeyecek anlam\u0131na gelmektedir. Wikileaks belgelerinde bunun da \u00f6rnekleri a\u00e7\u0131klanm\u0131\u015ft\u0131r. Bu belgelerden anla\u015f\u0131ld\u0131\u011f\u0131 kadar\u0131yla kimi dosyalar Ba\u015fbakan\u2019a teslim edilmi\u015f; Ba\u015fbakan-Genelkurmay Ba\u015fkan\u0131 5 May\u0131s 2007 g\u00f6r\u00fc\u015fmesinden sonra Ergenekon ve Balyoz s\u00fcrecini ba\u015flatan d\u00fc\u011fmeye bas\u0131lm\u0131\u015ft\u0131r. Ya\u015fanan geli\u015fmeler ve gelinen nokta herkesin bilgisi i\u00e7indedir.<\/p>\n<p style=\"text-align: justify;\">Son olarak, Anayasa de\u011fi\u015fikli\u011fi ile yarg\u0131 ba\u011f\u0131ms\u0131zl\u0131\u011f\u0131 ve yarg\u0131\u00e7 g\u00fcvencesi ortadan kald\u0131r\u0131lm\u0131\u015f, iktidar yanda\u015f\u0131, siyasal parti organ\u0131 konumunda bir yarg\u0131 yarat\u0131lm\u0131\u015ft\u0131r. Verilen kararlar, y\u00fcksek mahkeme \u00fcyeliklerine yap\u0131lan se\u00e7imler, alt mahkeme yarg\u0131\u00e7 ve savc\u0131l\u0131klar\u0131na yap\u0131lan atamalar bu durumun en a\u00e7\u0131k kan\u0131tlar\u0131d\u0131r. Bu duruma \u201c<strong>yetmez ama evet<\/strong>\u201d diyenler bile isyan etmi\u015ftir. Bunun son \u00f6rne\u011fi Yarg\u0131tay Ba\u015fkan\u0131 se\u00e7iminde ya\u015fanm\u0131\u015f; siyasal iktidar\u0131n anayasa de\u011fi\u015fikli\u011finden sonra \u00e7\u0131kard\u0131\u011f\u0131 bir yasaya dayanarak, HSYK arac\u0131l\u0131\u011f\u0131yla Yarg\u0131tay\u2019a atad\u0131\u011f\u0131 160 \u00fcyenin t\u00fcm\u00fcn\u00fcn oyunu alan bir Daire Ba\u015fkan\u0131, 197 oyla (son de\u011fi\u015fiklikle Yarg\u0131tay \u00fcye say\u0131s\u0131 toplam\u0131 387\u2019ye ula\u015fm\u0131\u015ft\u0131r) Yarg\u0131tay Ba\u015fkanl\u0131\u011f\u0131\u2019na se\u00e7ilmi\u015ftir. Ald\u0131\u011f\u0131 oya bak\u0131ld\u0131\u011f\u0131nda, yaln\u0131zca 37 eski \u00fcyenin oyunu ald\u0131\u011f\u0131 anla\u015f\u0131lmaktad\u0131r. Ba\u015fkan\u0131 ilk kutlayanlar Ba\u015fbakan ve B\u00fclent Ar\u0131n\u00e7 olmu\u015ftur. Art\u0131k yanl\u0131 davranan yarg\u0131\u00e7 ve savc\u0131lardan, yarg\u0131 \u00f6n\u00fcnde hesap sorma olana\u011f\u0131 da bulunmamaktad\u0131r. Siyasal iktidar \u00e7\u0131kard\u0131\u011f\u0131 bir yasayla bunu \u00f6nlemi\u015ftir.<\/p>\n<p style=\"text-align: justify;\">Bu konudaki son geli\u015fme, \u201c<strong>irtica<\/strong>\u201d\u0131n Milli G\u00fcvenlik Siyaset Belgesi\u2019nin i\u00e7 tehditler b\u00f6l\u00fcm\u00fcnden \u00e7\u0131kar\u0131lmas\u0131 ile ya\u015fanm\u0131\u015ft\u0131r. Buna ba\u011fl\u0131 olarak, Ba\u015fbakanl\u0131\u011f\u0131n 14.12.2010 g\u00fcnl\u00fc talimat\u0131yla, kamudaki irticai etkinliklerin izlenmesi amac\u0131yla \u00e7\u0131kar\u0131lan 28.11.1997 g\u00fcnl\u00fc genelge y\u00fcr\u00fcrl\u00fckten kald\u0131r\u0131lm\u0131\u015ft\u0131r. Bu ba\u011flamda, Emniyet Genel M\u00fcd\u00fcrl\u00fc\u011f\u00fc\u2019nde 03.03.2000\u2019de y\u00fcr\u00fcrl\u00fc\u011fe konulan, emniyet mensuplar\u0131n\u0131n irticai etkinlikler y\u00f6n\u00fcnden izlenmesi ve haklar\u0131nda yasal i\u015flem yap\u0131lmas\u0131na ili\u015fkin genelge de, 18.02.2011 g\u00fcnl\u00fc olurla y\u00fcr\u00fcrl\u00fckten kald\u0131r\u0131lm\u0131\u015ft\u0131r.<\/p>\n<p style=\"text-align: justify;\">S\u0131ras\u0131 gelmi\u015fken bir \u015feyi daha an\u0131msatmakta yarar bulunmaktad\u0131r. Anayasa\u2019ya g\u00f6re dini, din duygular\u0131n\u0131 ve dince kutsal say\u0131lan de\u011ferleri siyasal ya da ki\u015fisel \u00e7\u0131kar u\u011fruna kullanmak yasaklanm\u0131\u015f ve bunun yapt\u0131r\u0131m\u0131n\u0131n yasayla belirlenece\u011fi belirtilmi\u015ftir. Bu t\u00fcr eylemlerin yapt\u0131r\u0131m\u0131n\u0131 d\u00fczenleyen TCK\u2019n\u0131n 163. maddesi ve Vatana \u0130hanet Yasas\u0131 \u00d6zal iktidar\u0131 d\u00f6neminde y\u00fcr\u00fcrl\u00fckten kald\u0131r\u0131lm\u0131\u015f, bir daha da bu konuda yasal d\u00fczenleme yap\u0131lmam\u0131\u015ft\u0131r. B\u00f6ylece irticai etkinlikler yapt\u0131r\u0131ms\u0131z b\u0131rak\u0131lm\u0131\u015ft\u0131r.<\/p>\n<p style=\"text-align: justify;\">T\u00fcm bu ya\u015fananlar, siyasal iktidar\u0131n kendi d\u00fcnya g\u00f6r\u00fc\u015f\u00fcn\u00fc kamusal ve toplumsal yap\u0131ya yans\u0131tmas\u0131 \u00f6n\u00fcndeki t\u00fcm engelleri ortadan kald\u0131rm\u0131\u015ft\u0131r. Art\u0131k \u201c<strong>irticai etkinlikler<\/strong>\u201d de\u011fil, bunlarla m\u00fccadele etmek su\u00e7 say\u0131lmaktad\u0131r. Asker sivil t\u00fcm muhalifler susturulmaktad\u0131r. Hava Kuvvetlerinde son ya\u015fananlar ve daha \u00f6nce Erzincan Cumhuriyet Ba\u015fsavc\u0131s\u0131 \u0130lhan Cihaner\u2019in tarikatlar\u0131 izleme ve haklar\u0131nda soru\u015fturma ba\u015flatt\u0131\u011f\u0131 i\u00e7in ba\u015f\u0131na gelenler bunun en a\u00e7\u0131k \u00f6rnekleridir.<\/p>\n<p style=\"text-align: justify;\">Se\u00e7imler \u201c<strong>k\u00f6pr\u00fcden \u00f6nce son \u00e7\u0131k\u0131\u015f<\/strong>\u201dt\u0131r. Atat\u00fcrk Cumhuriyeti\u2019nin kaybedilmemesini ve hatta yeniden canland\u0131r\u0131lmas\u0131n\u0131 isteyenler bu se\u00e7imlerde kendine d\u00fc\u015feni yapmal\u0131d\u0131r. \u00c7\u00fcnk\u00fc bu se\u00e7imlerden sonra e\u011fer anayasa planlanan bi\u00e7imde yeniden d\u00fczenlenir, gericilik, b\u00f6l\u00fcc\u00fcl\u00fck ve ba\u015fkanl\u0131k sistemi konular\u0131 anayasaya girerse, demokrasiyi ve laikli\u011fi yeniden getirme olana\u011f\u0131 bulunamayacak, Atat\u00fcrk Devrimi de sona erecektir.<\/p>\n<p style=\"text-align: justify;\"><a href=\"http:\/\/www.odatv.com\/n.php?n=kopruden-onceki-son-cikis--0606111200\" target=\"_blank\">Kaynak : B\u00fclent Serim &#8211; Odatv.com<\/a><\/p>\n","protected":false},"excerpt":{"rendered":"<p id=\"caption-attachment-34150\" class=\"wp-caption-text\">B\u00fclent Serim<\/p>\n<p style=\"text-align: justify;\">12 Haziran se\u00e7imleri, Atat\u00fcrk Cumhuriyeti y\u00f6n\u00fcnden \u201ck\u00f6pr\u00fcden \u00f6nceki son \u00e7\u0131k\u0131\u015f\u201dt\u0131r. T\u00fcrkiye Cumhuriyet\u2019i son h\u0131zla \u201cFederal \u0130slami Cumhuriyet\u201de do\u011fru yol almaktad\u0131r. E\u011fer bu se\u00e7imlerde, referans\u0131 \u201c\u0130slam\u201d olan bir siyasal parti anayasay\u0131 tek ba\u015f\u0131na de\u011fi\u015ftirecek say\u0131da milletvekiline sahip olursa, \u00f6zg\u00fcrl\u00fck\u00e7\u00fc, tam ba\u011f\u0131ms\u0131zl\u0131k\u00e7\u0131, ulusal, \u00fcniter, demokratik ve laik Atat\u00fcrk Cumhuriyeti tarihe kar\u0131\u015facakt\u0131r. <\/p>\n","protected":false},"author":1,"featured_media":0,"comment_status":"open","ping_status":"closed","sticky":false,"template":"","format":"standard","meta":{"footnotes":""},"categories":[16],"tags":[287],"class_list":["post-34149","post","type-post","status-publish","format-standard","hentry","category-kose-yazilari","tag-bulent-serim","odd"],"_links":{"self":[{"href":"http:\/\/www.korhanyilmaz.com\/index.php?rest_route=\/wp\/v2\/posts\/34149","targetHints":{"allow":["GET"]}}],"collection":[{"href":"http:\/\/www.korhanyilmaz.com\/index.php?rest_route=\/wp\/v2\/posts"}],"about":[{"href":"http:\/\/www.korhanyilmaz.com\/index.php?rest_route=\/wp\/v2\/types\/post"}],"author":[{"embeddable":true,"href":"http:\/\/www.korhanyilmaz.com\/index.php?rest_route=\/wp\/v2\/users\/1"}],"replies":[{"embeddable":true,"href":"http:\/\/www.korhanyilmaz.com\/index.php?rest_route=%2Fwp%2Fv2%2Fcomments&post=34149"}],"version-history":[{"count":0,"href":"http:\/\/www.korhanyilmaz.com\/index.php?rest_route=\/wp\/v2\/posts\/34149\/revisions"}],"wp:attachment":[{"href":"http:\/\/www.korhanyilmaz.com\/index.php?rest_route=%2Fwp%2Fv2%2Fmedia&parent=34149"}],"wp:term":[{"taxonomy":"category","embeddable":true,"href":"http:\/\/www.korhanyilmaz.com\/index.php?rest_route=%2Fwp%2Fv2%2Fcategories&post=34149"},{"taxonomy":"post_tag","embeddable":true,"href":"http:\/\/www.korhanyilmaz.com\/index.php?rest_route=%2Fwp%2Fv2%2Ftags&post=34149"}],"curies":[{"name":"wp","href":"https:\/\/api.w.org\/{rel}","templated":true}]}}