{"id":34144,"date":"2011-06-06T15:02:41","date_gmt":"2011-06-06T12:02:41","guid":{"rendered":"http:\/\/www.korhanyilmaz.com\/?p=34144"},"modified":"2011-06-06T15:02:41","modified_gmt":"2011-06-06T12:02:41","slug":"yeni-asyacilar-demokrat-partiyi-destekliyor","status":"publish","type":"post","link":"http:\/\/www.korhanyilmaz.com\/?p=34144","title":{"rendered":"Yeni Asyac\u0131lar Demokrat Parti&#8217;yi destekliyor"},"content":{"rendered":"<p style=\"text-align: justify;\"><a rel=\"attachment wp-att-34145\" href=\"http:\/\/www.korhanyilmaz.com\/?attachment_id=34145\"><img loading=\"lazy\" decoding=\"async\" class=\"aligncenter size-full wp-image-34145\" src=\"http:\/\/www.korhanyilmaz.com\/wp-content\/uploads\/2011\/06\/023.jpg\" alt=\"\" width=\"420\" height=\"210\" \/ class=\"lightview\"><\/a><\/p>\n<p style=\"text-align: justify;\">Nur cemaatinin Yeni Asya kolu, her se\u00e7imde oldu\u011fu gibi yine Demokrat Parti&#8217;yi destekleyeceklerini a\u00e7\u0131klad\u0131.<\/p>\n<p style=\"text-align: justify;\">Mehmet Haberal ve Turhan Tayan gibi sa\u011f kolu olan isimleri CHP&#8217;den aday g\u00f6sterttiren Demirel&#8217;e y\u0131llard\u0131r verdikleri destekle bilinen Yeni Asya Grubu, bug\u00fcn yapt\u0131\u011f\u0131 a\u00e7\u0131klamada oylar\u0131n\u0131 yine Demokrat Parti&#8217;ye vereceklerini belirttiler. <!--more--><\/p>\n<p style=\"text-align: justify;\">\u0130\u015fte Nur cemaatinin Yeni Asya kolunun bug\u00fcnk\u00fc Yeni Asya gazetesinde yay\u0131nlanan a\u00e7\u0131klamas\u0131&#8230;<\/p>\n<p style=\"text-align: justify;\"><strong>Zorunlu bir a\u00e7\u0131klama <\/strong><\/p>\n<p style=\"text-align: justify;\">Daha \u00f6nce, 18 Nisan 2011 tarihinde bu k\u00f6\u015fede \u00e7\u0131km\u0131\u015f olan \u015fu pasajlar\u0131 bir kez daha okuyal\u0131m:<\/p>\n<p style=\"text-align: justify;\">\u201cOla\u011fan\u00fcst\u00fc temsilciler toplant\u0131m\u0131z, ge\u00e7ti\u011fimiz Cumartesi g\u00fcn\u00fc yine \u0130stanbul&#8217;da hizmet binam\u0131zda yap\u0131ld\u0131. Tek g\u00fcndemle ger\u00e7ekle\u015fen toplant\u0131da, 12 Haziran se\u00e7imiyle ilgili isti\u015farelerde bulunuldu. \u00c7ok say\u0131da temsilcimizin g\u00f6r\u00fc\u015f bildirdi\u011fi m\u00fczakerelerde, ge\u00e7ti\u011fimiz 22 Ocak g\u00fcn\u00fc Ankara&#8217;da yap\u0131lan \u2018geni\u015fletilmi\u015f Siyas\u00ee Heyet&#8217; toplant\u0131s\u0131nda al\u0131nan \u2018Daha \u00f6nceki Umum\u00ee Me\u015fveret toplant\u0131lar\u0131nda al\u0131nan kararlar \u00e7er\u00e7evesinde siyas\u00ee g\u00f6r\u00fc\u015f\u00fcm\u00fczde bir de\u011fi\u015fikli\u011fin s\u00f6z konusu olmay\u0131p, DP&#8217;ye verilen deste\u011fin devam etmesi; bu hususla ilgili ne\u015friyat ve \u00e7al\u0131\u015fmalar\u0131m\u0131z\u0131n, cemaatimizde ve kamuoyunda olu\u015fan hassasiyetleri dikkate alan dengeli ve yap\u0131c\u0131 bir \u00fcsl\u00fbp ve dozajla y\u00fcr\u00fct\u00fclmesi&#8217; \u015feklindeki tavsiye karar\u0131 teyid edildi.<\/p>\n<p style=\"text-align: justify;\">\u201cToplant\u0131da, bahsedilen hassasiyetleri vurgulayan \u00e7ok say\u0131da konu\u015fma da yap\u0131larak, bunlar\u0131n mutlaka nazara al\u0131nmas\u0131 gere\u011fine dikkat \u00e7ekildi. Bu \u00e7er\u00e7evede, s\u00f6z konusu deste\u011fin, temel fikir ve \u00f6l\u00e7\u00fcler ekseninde, mevcut tablodaki b\u00fct\u00fcn zorluk ve olumsuzluklara ve her\u015feye ra\u011fmen, ki\u015filerden ba\u011f\u0131ms\u0131z bir \u015fekilde misyonun canl\u0131 tutulmas\u0131na odaklanan bir anlay\u0131\u015fa dayand\u0131r\u0131larak ve \u00fcsl\u00fbpta Risale-i Nur&#8217;daki kavl-i leyyin prensibi esas al\u0131narak ortaya konulmas\u0131 hususunun \u00f6nemine i\u015faret edildi.<\/p>\n<p style=\"text-align: justify;\">\u201cSe\u00e7im d\u00f6nemindeki ne\u015friyat\u0131m\u0131z\u0131 in\u015faallah bu \u00f6l\u00e7\u00fc ve prensiplere uygun \u015fekilde s\u00fcrd\u00fcrmenin gayreti i\u00e7erisinde olacak; bu ba\u011flamda \u00dcstad\u0131n bilhassa \u2018Sak\u0131n, sak\u0131n, harice bakan cereyanlar, hususan siyaset cereyanlar\u0131 sizi birbirinize d\u00fc\u015f\u00fcr\u00fcp tefrikaya atmas\u0131n&#8217; ikaz\u0131n\u0131 hep nazar\u0131m\u0131zda tutaca\u011f\u0131z. Katk\u0131, destek ve dualar\u0131n\u0131z\u0131 bekliyoruz.\u201d<\/p>\n<p style=\"text-align: justify;\">O g\u00fcnden bug\u00fcne, ne\u015friyat\u0131m\u0131z\u0131 bu \u00f6l\u00e7\u00fc ve prensipler \u00e7er\u00e7evesinde devam ettirme gayreti i\u00e7inde olduk. Ve sizlerden gelen mesajlar da, a\u011f\u0131rl\u0131kl\u0131 olarak, bu \u00e7izgi, \u00fcsl\u00fbp ve dozaj\u0131n genel bir tasvibe mazhar oldu\u011funu g\u00f6steriyor.<\/p>\n<p style=\"text-align: justify;\">Ancak bir s\u00fcredir baz\u0131 internet sitelerinde, \u201ckes-kopyala-yap\u0131\u015ft\u0131r\u201d y\u00f6ntemiyle yay\u0131lan bir iddia yer al\u0131yor. Yeni Asya&#8217;n\u0131n AKP&#8217;yi destekledi\u011fi y\u00f6n\u00fcndeki bu as\u0131ls\u0131z ve dayanaks\u0131z iddian\u0131n, zihinleri buland\u0131rma ama\u00e7l\u0131 bir provokasyon olman\u0131n \u00f6tesinde hi\u00e7bir anlam\u0131 olmad\u0131\u011f\u0131n\u0131 a\u00e7\u0131k\u00e7a ifade ediyoruz. 41 y\u0131ll\u0131k \u00e7izgi ve duru\u015funu, hi\u00e7bir k\u0131r\u0131lmaya meydan vermeden bug\u00fcnlere ta\u015f\u0131yan Yeni Asya, 12 Haziran se\u00e7iminde de tavr\u0131n\u0131 her zaman oldu\u011fu gibi net, a\u00e7\u0131k ve \u015feffaf bir \u015fekilde ortaya koymu\u015ftur. Yukar\u0131da bir kez daha aktard\u0131\u011f\u0131m\u0131z pasajlarda verilen mesaj, bunun \u00e7ok say\u0131daki \u00f6rneklerinden sadece biridir. Buna ra\u011fmen, aksi y\u00f6nde ileri s\u00fcr\u00fclen iddialar\u0131n, dedi\u011fimiz gibi, hi\u00e7bir ge\u00e7erlili\u011fi yoktur.<\/p>\n<p style=\"text-align: justify;\">Se\u00e7im \u00f6ncesinde yazar\u0131m\u0131z Latif Saliho\u011flu&#8217;nun haz\u0131rlad\u0131\u011f\u0131 \u201cT\u00fcrkiye&#8217;de se\u00e7imler ve demokrasi tarihi\u201d dizisi, neredeyse bir bu\u00e7uk asra yakla\u015fan demokratikle\u015fme s\u00fcrecimizin \u00f6nemli kilometre ta\u015flar\u0131n\u0131 ortaya koyarak, geldi\u011fimiz noktan\u0131n tarih\u00ee arkaplan\u0131n\u0131 g\u00f6zler \u00f6n\u00fcne serdi. \u0130lgi, merak ve istifadeyle takip edilen bu \u00e7al\u0131\u015fmas\u0131ndan dolay\u0131 Saliho\u011flu&#8217;nu kutluyoruz.<\/p>\n<p style=\"text-align: justify;\"><a href=\"http:\/\/haber.gazetevatan.com\/yeni-asyacilar-demokrat-partiyi-destekliyor\/381927\/1\/Gundem\" target=\"_blank\">Kaynak : VATAN Gazetesi<\/a><\/p>\n","protected":false},"excerpt":{"rendered":"<p style=\"text-align: justify;\">\n<p style=\"text-align: justify;\">Nur cemaatinin Yeni Asya kolu, her se\u00e7imde oldu\u011fu gibi yine Demokrat Parti&#8217;yi destekleyeceklerini a\u00e7\u0131klad\u0131.<\/p>\n<p style=\"text-align: justify;\">Mehmet Haberal ve Turhan Tayan gibi sa\u011f kolu olan isimleri CHP&#8217;den aday g\u00f6sterttiren Demirel&#8217;e y\u0131llard\u0131r verdikleri destekle bilinen Yeni Asya Grubu, bug\u00fcn yapt\u0131\u011f\u0131 a\u00e7\u0131klamada oylar\u0131n\u0131 yine Demokrat Parti&#8217;ye vereceklerini belirttiler. <\/p>\n","protected":false},"author":1,"featured_media":0,"comment_status":"open","ping_status":"closed","sticky":false,"template":"","format":"standard","meta":{"footnotes":""},"categories":[105],"tags":[],"class_list":["post-34144","post","type-post","status-publish","format-standard","hentry","category-gundem","odd"],"_links":{"self":[{"href":"http:\/\/www.korhanyilmaz.com\/index.php?rest_route=\/wp\/v2\/posts\/34144","targetHints":{"allow":["GET"]}}],"collection":[{"href":"http:\/\/www.korhanyilmaz.com\/index.php?rest_route=\/wp\/v2\/posts"}],"about":[{"href":"http:\/\/www.korhanyilmaz.com\/index.php?rest_route=\/wp\/v2\/types\/post"}],"author":[{"embeddable":true,"href":"http:\/\/www.korhanyilmaz.com\/index.php?rest_route=\/wp\/v2\/users\/1"}],"replies":[{"embeddable":true,"href":"http:\/\/www.korhanyilmaz.com\/index.php?rest_route=%2Fwp%2Fv2%2Fcomments&post=34144"}],"version-history":[{"count":0,"href":"http:\/\/www.korhanyilmaz.com\/index.php?rest_route=\/wp\/v2\/posts\/34144\/revisions"}],"wp:attachment":[{"href":"http:\/\/www.korhanyilmaz.com\/index.php?rest_route=%2Fwp%2Fv2%2Fmedia&parent=34144"}],"wp:term":[{"taxonomy":"category","embeddable":true,"href":"http:\/\/www.korhanyilmaz.com\/index.php?rest_route=%2Fwp%2Fv2%2Fcategories&post=34144"},{"taxonomy":"post_tag","embeddable":true,"href":"http:\/\/www.korhanyilmaz.com\/index.php?rest_route=%2Fwp%2Fv2%2Ftags&post=34144"}],"curies":[{"name":"wp","href":"https:\/\/api.w.org\/{rel}","templated":true}]}}