{"id":34139,"date":"2011-06-06T14:45:41","date_gmt":"2011-06-06T11:45:41","guid":{"rendered":"http:\/\/www.korhanyilmaz.com\/?p=34139"},"modified":"2011-06-06T14:45:41","modified_gmt":"2011-06-06T11:45:41","slug":"silifkenin-yogurdu-recep-seni-abd-mi-dogurdu","status":"publish","type":"post","link":"http:\/\/www.korhanyilmaz.com\/?p=34139","title":{"rendered":"&#8216;Silifke&#8217;nin yo\u011furdu Recep seni ABD mi do\u011furdu?&#8217;"},"content":{"rendered":"<p style=\"text-align: justify;\"><a rel=\"attachment wp-att-34140\" href=\"http:\/\/www.korhanyilmaz.com\/?attachment_id=34140\"><img loading=\"lazy\" decoding=\"async\" class=\"aligncenter size-full wp-image-34140\" src=\"http:\/\/www.korhanyilmaz.com\/wp-content\/uploads\/2011\/06\/022.jpeg\" alt=\"\" width=\"400\" height=\"267\" \/ class=\"lightview\"><\/a><\/p>\n<p style=\"text-align: justify;\">CHP Genel Ba\u015fkan\u0131 K\u0131l\u0131\u00e7daro\u011flu Silifke&#8217;de Ba\u015fbakan&#8217;a y\u00fcklendi: Mavi Marmara soru\u015fturmas\u0131 i\u00e7in Adalet Bakanl\u0131\u011f\u0131 niye izin verilmiyor?<\/p>\n<p style=\"text-align: justify;\">MERS\u0130N &#8211; CHP Genel Ba\u015fkan\u0131 Kemal K\u0131l\u0131\u00e7daro\u011flu, Mersin\u2019in Silifke \u0130l\u00e7esi\u2019ndeki mitinge trakt\u00f6r \u00fczerinde geldi. Ba\u015fbakan Recep Tayyip Erdo\u011fan\u2019\u0131n, \u2019maskesinin d\u00fc\u015fmesinden korktu\u011fu i\u00e7in ekranda kar\u015f\u0131s\u0131na \u00e7\u0131kmad\u0131\u011f\u0131n\u0131\u2019 savunan K\u0131l\u0131\u00e7daro\u011flu, &#8220;Y\u00fcre\u011fi varsa \u00e7\u0131ks\u0131n kar\u015f\u0131ma konu\u015fsun&#8221; dedi. <!--more--><\/p>\n<p style=\"text-align: justify;\">Geceyi ge\u00e7irdi\u011fi Mersin\u2019in Silifke \u0130l\u00e7esi\u2019ne ba\u011fl\u0131 Narl\u0131kuyu Beldesi\u2019ndeki Alt\u0131norfoz Otel\u2019de muhtarlarla kahvalt\u0131da bir araya gelen Kemal K\u0131l\u0131\u00e7daro\u011flu, \u00e7\u0131k\u0131\u015fta gazetecilerin g\u00fcndemle ilgili sorular\u0131n\u0131 yan\u0131tlad\u0131. Ba\u015fbakan Erdo\u011fan\u2019\u0131n, \u2019CHP yeniden dizayn edildi. \u00c7etelere avukatl\u0131k eden CHP\u2019yi \u00e7etelere kol kanat geren CHP\u2019ye d\u00f6n\u00fc\u015ft\u00fcrd\u00fcler\u2019 s\u00f6zlerinin hat\u0131rlat\u0131lmas\u0131 \u00fczerine K\u0131l\u0131\u00e7daro\u011flu, &#8220;Aynaya bakarak konu\u015fmu\u015f herhalde&#8221; diye kar\u015f\u0131l\u0131k verdi. K\u0131l\u0131\u00e7daro\u011flu, \u2019Ba\u015fbakan sizin CHP\u2019nin ba\u015f\u0131na gelen en b\u00fcy\u00fck talihsizlik oldu\u011funu \u00f6ne s\u00fcrerek, ayak \u00fcst\u00fc on yalan\u0131 arka arkaya s\u0131ralad\u0131\u011f\u0131n\u0131z\u0131 s\u00f6yl\u00fcyor\u2019 sorusuna ise, \u015f\u00f6yle yan\u0131t verdi:<\/p>\n<p style=\"text-align: justify;\">&#8220;Yine aynaya bakarak konu\u015fmu\u015f herhalde. E\u011fer y\u00fcre\u011fi varsa, cesareti varsa istedi\u011fi televizyon kanal\u0131nda kar\u015f\u0131ma \u00e7\u0131kar, bu laflar\u0131 bana s\u00f6yler yan\u0131t\u0131n\u0131 al\u0131r. Korkuyor, ben korkulacak adam de\u011filim. Sakin bir insan\u0131m. Niye benden korkuyor? \u00c7\u0131ks\u0131n televizyona cesareti varsa, y\u00fcre\u011fi varsa, onuru varsa. Demokrasilerde siyasal parti liderleri bir araya gelirler, tart\u0131\u015f\u0131rlar, vatanda\u015fla evinde oturur, bakar kim do\u011fruyu s\u00f6yl\u00fcyor, kim do\u011fruyu s\u00f6ylemiyor. Ama kendisi maskesi inece\u011fi i\u00e7in korkudan kar\u015f\u0131ma \u00e7\u0131kmaya cesaret edemiyor. Ama ezberini bozaca\u011f\u0131m.&#8221;<\/p>\n<p style=\"text-align: justify;\"><strong>\u2019\u0130SRA\u0130L\u2019LE KUL\u0130S YAPTIRAN KEND\u0130S\u0130\u2019 <\/strong><\/p>\n<p style=\"text-align: justify;\">Ba\u015fbakan\u2019\u0131n \u2019cesareti varsa, \u0130srail\u2019e yaltaklanmak yerine Akdeniz\u2019deki korsanl\u0131\u011f\u0131 ele\u015ftirsin\u2019 s\u00f6zleri hat\u0131rlat\u0131lan K\u0131l\u0131\u00e7daro\u011flu \u015fu kar\u015f\u0131l\u0131\u011f\u0131 verdi: &#8220;Bizim 49 y\u0131ll\u0131\u011f\u0131na may\u0131ndan ar\u0131nd\u0131r\u0131lacak arazilerin \u0130srail\u2019e verilmesini kim teklif etti? Parlamentoda Erdo\u011fan. Yahudi \u00dcst\u00fcn Cesaret \u00d6d\u00fcl\u00fc\u2019n\u00fc kim ald\u0131? Erdo\u011fan. Mavi Marmara gemisine AKP milletvekilleri binecekti, binmelerine kim engel oldu? Erdo\u011fan. Vatanda\u015f\u0131n \u00e7ocu\u011fu gidip, hayat\u0131n\u0131 kaybederken, \u2019Milletvekillerinin can\u0131 tatl\u0131d\u0131r\u2019 deyip onlar\u0131 Ankara\u2019da, \u0130stanbul\u2019da tutan Erdo\u011fan. Peki, bunlarla ilgili su\u00e7 duyurusunda bulunuldu, Adalet Bakanl\u0131\u011f\u0131\u2019n\u0131n soru\u015fturma i\u00e7in izin vermesi laz\u0131m. Niye izin verilmiyor? Tarihini sordular Erdo\u011fan\u2019a, \u2019Sen izin verdin mi vermedin mi? \u0130srail ile ilgili soru\u015fturma yap\u0131lacakt\u0131 niye izin verilmiyor? Bunu yapmayan da Erdo\u011fan. Ayr\u0131ca Erdo\u011fan bir bakan\u0131n\u0131 g\u00f6nderdi \u0130srail\u2019e, kendisine yak\u0131n bir i\u015f adam\u0131na ihale verilmesi i\u00e7in. Onu yapan da Erdo\u011fan. Gelsin kar\u015f\u0131ma ona daha \u00e7ok s\u00fcrprizlerim olacak. \u0130srail\u2019e kim yaltaklan\u0131yor? Kim yaltaklanm\u0131yor ben ona g\u00f6sterece\u011fim. Kendi bakan\u0131n\u0131 g\u00f6nderip Avrupa\u2019da \u0130srail\u2019e kulis yapt\u0131r\u0131p, \u0130srailli bakanlarla nas\u0131l bar\u0131\u015fabiliriz? diye yollar\u0131 arayan kim? yine Erdo\u011fan. Erdo\u011fan s\u0131n\u0131fta kalm\u0131\u015ft\u0131r. Erdo\u011fan halk\u0131na do\u011frular\u0131 s\u00f6ylememektedir. Ben hi\u00e7bir yerde, hi\u00e7bir zaman, hi\u00e7 kimseden emir almad\u0131m. Hi\u00e7 kimseden talimat almad\u0131m, hi\u00e7 kimsenin \u00f6n\u00fcnde e\u011filip b\u00fck\u00fclmedim. O Erdo\u011fan\u2019a \u00f6zg\u00fc ko\u015fullard\u0131r. Ben \u00f6yle de\u011filim. Ben sadece talimat\u0131 e\u011fer alacaksam halk\u0131mdan al\u0131r\u0131m.&#8221;<\/p>\n<p style=\"text-align: justify;\"><strong>\u2019YANDA\u015e YAZARIM YOK\u2019 <\/strong><\/p>\n<p style=\"text-align: justify;\">K\u0131l\u0131\u00e7daro\u011flu, Erdo\u011fan\u2019\u0131n \u2019yanda\u015f yazarlar\u2019 konusundaki de\u011ferlendirmesi ile ilili olarak da \u015funlar\u0131 s\u00f6yledi:<\/p>\n<p style=\"text-align: justify;\">&#8220;Valla benim yanda\u015f yazar\u0131m yok. Ama yanda\u015f derseniz, gazeteleri ve televizyonlar\u0131 Erdo\u011fan\u2019\u0131n tonlarca var. Ayr\u0131ca bunu s\u00f6ylerken isimlerini verirse memnun olurum. Bizde yanda\u015f gazeteci arkada\u015flar\u0131m\u0131z\u0131 tan\u0131m\u0131\u015f oluruz.&#8221;<\/p>\n<p style=\"text-align: justify;\">K\u0131l\u0131\u00e7daro\u011flu, &#8220;Ba\u015fbakan \u015fu andaki anayasan\u0131n dilini anlamad\u0131\u011f\u0131n\u0131 terc\u00fcman gerekti\u011fini, terc\u00fcmans\u0131z bir anayasaya ihtiya\u00e7 var&#8221; diyor. Siz ne dersiniz? sorusunu ise, &#8220;Okudu\u011funu anlamayan tek ki\u015fi sadece Erdo\u011fan\u2019d\u0131r. Onun d\u0131\u015f\u0131nda herkes okudu\u011funu anl\u0131yor&#8221; diye yan\u0131tlad\u0131.<\/p>\n<p style=\"text-align: justify;\">K\u0131l\u0131\u00e7daro\u011flu daha sonra Atakent Beldesi\u2019nde bir \u00e7ilek tarlas\u0131 ile narenciye bah\u00e7esine girerek i\u015f\u00e7ilerle sohbet etti. \u00dcreticilerin b\u00fcy\u00fck ilgi g\u00f6sterdi\u011fi K\u0131l\u0131\u00e7daro\u011flu, CHP iktidar\u0131nda \u00e7it\u00e7ilerin sorunlar\u0131n\u0131n \u00e7\u00f6z\u00fcme kavu\u015fturulaca\u011f\u0131n\u0131 anlatt\u0131.<\/p>\n<p style=\"text-align: justify;\"><strong>TRAKT\u00d6RLE S\u0130L\u0130FKE\u2019YE G\u0130RD\u0130 <\/strong><\/p>\n<p style=\"text-align: justify;\">Se\u00e7im otob\u00fcs\u00fcyle Silifke\u2019nin Say Mahallesi\u2019ne gelen K\u0131l\u0131\u00e7daro\u011flu\u2019nu 150 trakt\u00f6rdeki \u00e7ift\u00e7iler ile 20 davulcu kar\u015f\u0131lad\u0131. Bunun \u00fczerine se\u00e7im otob\u00fcs\u00fcnden inen K\u0131l\u0131\u00e7daro\u011flu, \u00f6nde dev bir T\u00fcrk Bayra\u011f\u0131 as\u0131l\u0131 trakt\u00f6re binip, davulcular e\u015fli\u011finde yakla\u015f\u0131k 2 kilometre giderek Atat\u00fcrk Caddesi\u2019ndeki miting alan\u0131na ula\u015ft\u0131.<\/p>\n<p style=\"text-align: justify;\"><strong>O \u00c7\u0130FT\u00c7\u0130Y\u0130 YANINA ALDI <\/strong><\/p>\n<p style=\"text-align: justify;\">Kemal K\u0131l\u0131\u00e7daro\u011flu daha sonra se\u00e7im otob\u00fcs\u00fcn\u00fcn \u00fczerine \u00e7\u0131karak yakla\u015f\u0131k 10 bin ki\u015fiye hitap etti. K\u0131l\u0131\u00e7daro\u011flu, &#8220;2011\u2019i yar\u0131lad\u0131k. Aradan y\u0131llar ge\u00e7ti. Bu \u00fclkede Ba\u015fbakanl\u0131k yapan birisi, k\u00f6yl\u00fc derdini anlat\u0131nca ona ne s\u00f6yledi\u011fini biliyor musunuz? diye sordu. Alandan, &#8220;Biliyoruz&#8221; yan\u0131t\u0131 alan K\u0131l\u0131\u00e7daro\u011flu, 2005 y\u0131l\u0131nda Ba\u015fbakan Erdo\u011fan\u2019\u0131n, &#8220;Anan\u0131 da al git&#8221; diyerek azarlad\u0131\u011f\u0131 CHP\u2019den milletvekili aday aday\u0131 olan ancak s\u0131ralamaya giremeyen \u00e7ift\u00e7i Mustafa Kemal \u00d6ncel\u2019i yan\u0131na ald\u0131. \u015ealvar giyen \u00d6ncel, \u015fapkas\u0131n\u0131 \u00e7\u0131kart\u0131p K\u0131l\u0131\u00e7daro\u011flu\u2019nun ba\u015f\u0131na takarak birlikte mitinge kat\u0131lanlar\u0131 selamlad\u0131.<\/p>\n<p style=\"text-align: justify;\">K\u0131l\u0131\u00e7daro\u011flu, &#8220;Ba\u015fbakan \u00e7ift\u00e7i karde\u015fimize \u2019Anan\u0131 da al git\u2019 demi\u015fti. \u015eimdi bu karde\u015fimiz de, &#8220;Madem ba\u015fbakan bana \u2019Anan\u0131 da al git\u2019 dedi, ben de, se\u00e7ime, babam\u0131, teyzelerimi, a\u011fabeylerimi, halalar\u0131m\u0131 ve karde\u015flerimi al\u0131p sand\u0131\u011fa gidece\u011fim\u2019 diyecek. Gelsin bir televizyon kanal\u0131na boyunun \u00f6l\u00e7\u00fcs\u00fcn\u00fc alal\u0131m m\u0131?&#8221; dedi. Kalabal\u0131\u011f\u0131n \u2019Alal\u0131m yan\u0131t\u0131 \u00fczerine K\u0131l\u0131\u00e7daro\u011flu, \u015f\u00f6yle devam etti:<\/p>\n<p style=\"text-align: justify;\">&#8220;\u00c7\u0131kabilir mi kar\u015f\u0131ma \u00e7\u0131kamaz. Eee korkak adamdan ba\u015fbakan olur mu? Korkak adamdan hay\u0131r gelir mi? Korkak adamdan ba\u015fbakan olmaz. Erdo\u011fan \u00e7\u0131ks\u0131n kar\u015f\u0131ma. Bir televizyon program\u0131nda onun di\u015fini nas\u0131l s\u00f6kt\u00fc\u011f\u00fcm\u00fc g\u00f6sterece\u011fim. Bizim derdimiz bu \u00fclkede hukuk i\u00e7inde ya\u015fanmas\u0131d\u0131r. Herkesin al\u0131n terinin kar\u015f\u0131l\u0131\u011f\u0131n\u0131 almas\u0131d\u0131r. Onlar\u0131n derdi ise cebini nas\u0131l dolduraca\u011f\u0131d\u0131r. 12 Haziran\u2019da AK Parti\u2019ye ba\u011flanan hortumlar\u0131 kesece\u011fim. Sata sata bitiremediler. Bir de geriye d\u00f6n\u00fck diyor ki bize, \u2019Sizin dikili a\u011fac\u0131m\u0131z var m\u0131? Karab\u00fck Demir \u00c7elik\u2019i CHP kurdu biliyorsunuz. Bunlar satt\u0131lar.\u0130\u015f\u00e7ileri att\u0131lar. Size s\u00f6z\u00fcm var. Sizin i\u00e7in \u00e7al\u0131\u015faca\u011f\u0131z, sizin i\u00e7in \u00fcretece\u011fiz.&#8221;<\/p>\n<p style=\"text-align: justify;\"><strong>\u2019S\u0130L\u0130FKE\u2019N\u0130N YO\u011eURDU, RECEP SEN\u0130 ABD M\u0130 DO\u011eURDU?\u2019 <\/strong><\/p>\n<p style=\"text-align: justify;\">\u00c7ok iyi kadrolara sahip olduklar\u0131n\u0131, hepsinin devlette, \u00f6zel sekt\u00f6rde yeti\u015ftiklerini, yurt d\u0131\u015f\u0131nda e\u011fitim g\u00f6rd\u00fcklerini kaydeden K\u0131l\u0131\u00e7daro\u011flu s\u00f6zlerini \u015f\u00f6yle s\u00fcrd\u00fcrd\u00fc: &#8220;Bir de\u011fil, \u00fc\u00e7 bakanlar kurulu \u00e7\u0131kartacak kadrolar\u0131m\u0131z var. Buna g\u00fcc\u00fcm\u00fcz var. Yetki verin bu \u00fclkeyi adam gibi y\u00f6netelim. Sizler Akuyu\u2019da bir n\u00fckleer santral istemiyorsan\u0131z, 12 Haziran\u2019da oyunuzu 6 okun alt\u0131na basacaks\u0131n\u0131z, n\u00fckleer santral de tarihe kar\u0131\u015facak. Siz s\u00f6z verdiyseniz mesele yok. Silifke\u2019nin yo\u011furdu, Ahh Recep seni ABD mi do\u011furdu? Bunlar\u0131 biliyorsunuz, gidip ABD\u2019den icazet ald\u0131lar. Almanya, Fransa gibi \u00fclkeler n\u00fckleer santral projelerini art\u0131k g\u00f6zden ge\u00e7irip vazge\u00e7iyorlar. Japonya\u2019dan sonra n\u00fckleer enerjinin getirdi\u011fi felaketleri biliyorlar. Bu g\u00fczel co\u011frafyada denizin ye\u015fillikle bulu\u015ftu\u011fu, emekle al\u0131n terinin bulu\u015ftu\u011fu bir yerde Allah a\u015fk\u0131na n\u00fckleer santralin ne i\u015fi var? Birileri k\u00f6\u015feyi d\u00f6ns\u00fcn diye birilerine para aktars\u0131nlar diye, birilerini zengin edelim diye yap\u0131yorlar.&#8221;<\/p>\n<p style=\"text-align: justify;\"><strong>\u2019R\u00dcYASINDA KILI\u00c7DARO\u011eLU G\u00d6R\u00dcYOR\u2019 <\/strong><\/p>\n<p style=\"text-align: justify;\">CHP iktidar\u0131nda kendi ceplerini de\u011fil, halk\u0131n cebini d\u00fc\u015f\u00fcneceklerini, halk\u0131n al\u0131n terinin kar\u015f\u0131l\u0131\u011f\u0131n\u0131 alaca\u011f\u0131n\u0131 savunan K\u0131l\u0131\u00e7daro\u011flu \u015funlar\u0131 s\u00f6yledi: &#8220;Azrail\u2019i Kemal oldu. Pa\u00e7alar\u0131 yand\u0131 tutu\u015ftu. A\u011f\u0131z bozmaya hi\u00e7 gerek yok. 12 Haziran\u2019da Tayyip yolcu. Zaten dikkat edin, sabah konu\u015fuyor K\u0131l\u0131\u00e7daro\u011flu, ak\u015fam konu\u015fuyor K\u0131l\u0131\u00e7daro\u011flu. \u00d6\u011flen konu\u015fuyor K\u0131l\u0131\u00e7daro\u011flu, Ben eminim gece yata\u011fa girince r\u00fcya g\u00f6r\u00fcyor K\u0131l\u0131\u00e7daro\u011flu. Kan ter i\u00e7inde uyan\u0131yor, bir bak\u0131yor evde K\u0131l\u0131\u00e7daro\u011flu yok. Recep bey ka\u00e7acak yerin yok. Halk\u0131n g\u00fcc\u00fcn\u00fcn kar\u015f\u0131s\u0131nda tutunamazs\u0131n. Halk aya\u011fa kalkt\u0131. \u0130stedi\u011fin kadar bask\u0131 yaps\u0131n, korkmayaca\u011f\u0131z. \u0130stedi\u011fin kadar bask\u0131 yap iktidar olaca\u011f\u0131z. Halk y\u00fcreklendik\u00e7e Erdo\u011fan korkacak. Halk aya\u011fa kalkt\u0131k\u00e7a, halk hesab\u0131n\u0131 sorduk\u00e7a Erdo\u011fan korkacak. Onun ezberini bozdum, kimyas\u0131n\u0131 \u00e7\u00f6zd\u00fcm, \u015fifresini \u00e7\u00f6zd\u00fcm. A\u011fz\u0131n\u0131 da bozdu. Recep Tayyip Erdo\u011fan konu\u015furken sessize al\u0131n. \u00d6yle dinleyin, bak\u0131n bakal\u0131m konu\u015furken mimikleri nas\u0131l? Neden biliyor musunuz? A\u011fz\u0131n\u0131 o kadar bozuyor ki \u00e7ocuklar\u0131n ahlak\u0131n\u0131 bozuyor.&#8221;<\/p>\n<p style=\"text-align: justify;\"><strong>L\u0130MON A\u011eACININ \u0130DAMI <\/strong><\/p>\n<p style=\"text-align: justify;\">Miting alan\u0131nda \u00fcreticilerin narenciye sorunlar\u0131n\u0131 dile getirmek, bir limon a\u011fac\u0131 k\u00f6k\u00fcnden s\u00f6k\u00fclerek miting alan\u0131nda vin\u00e7le temsili olarak idam edilmesine de de\u011finen K\u0131l\u0131\u00e7daro\u011flu, s\u00f6zlerini \u015f\u00f6yle tamamland\u0131: &#8220;Bak\u0131n orada bir limon a\u011fac\u0131n\u0131 idam etmi\u015fler. Alt\u0131nda ise AKP yaz\u0131yor. Limon a\u011fac\u0131 e\u011fer AKP taraf\u0131ndan idam ediliyorsa, al\u0131n terinin kar\u015f\u0131l\u0131\u011f\u0131 \u00fcreticiye verilmiyorsa, o \u00fcreticiye bir i\u015f d\u00fc\u015f\u00fcyor. 12 Haziran\u2019da da sand\u0131\u011fa gidip CHP\u2019ye oyunu verecek. Gidip halk\u0131n partisine oy verecek. Size s\u00f6z verdiysem bir k\u00f6\u015feye yaz\u0131n. Benim s\u00f6z\u00fcm sizin Kemal\u2019inizin s\u00f6z\u00fcd\u00fcr. S\u00f6z verdim mi tutar\u0131m. Siz de s\u00f6z\u00fcn\u00fcz\u00fc tutun. Verin oyunuzu T\u00fcrkiye\u2019yi aya\u011fa kald\u0131ral\u0131m.&#8221; (dha)<\/p>\n<p style=\"text-align: justify;\"><a href=\"http:\/\/www.radikal.com.tr\/Radikal.aspx?aType=RadikalDetayV3&amp;ArticleID=1051907&amp;Date=06.06.2011&amp;CategoryID=78\" target=\"_blank\">Kaynak : Radikal<\/a><\/p>\n","protected":false},"excerpt":{"rendered":"<p style=\"text-align: justify;\">\n<p style=\"text-align: justify;\">CHP Genel Ba\u015fkan\u0131 K\u0131l\u0131\u00e7daro\u011flu Silifke&#8217;de Ba\u015fbakan&#8217;a y\u00fcklendi: Mavi Marmara soru\u015fturmas\u0131 i\u00e7in Adalet Bakanl\u0131\u011f\u0131 niye izin verilmiyor?<\/p>\n<p style=\"text-align: justify;\">MERS\u0130N &#8211; CHP Genel Ba\u015fkan\u0131 Kemal K\u0131l\u0131\u00e7daro\u011flu, Mersin\u2019in Silifke \u0130l\u00e7esi\u2019ndeki mitinge trakt\u00f6r \u00fczerinde geldi. Ba\u015fbakan Recep Tayyip Erdo\u011fan\u2019\u0131n, \u2019maskesinin d\u00fc\u015fmesinden korktu\u011fu i\u00e7in ekranda kar\u015f\u0131s\u0131na \u00e7\u0131kmad\u0131\u011f\u0131n\u0131\u2019 savunan K\u0131l\u0131\u00e7daro\u011flu, &#8220;Y\u00fcre\u011fi varsa \u00e7\u0131ks\u0131n kar\u015f\u0131ma konu\u015fsun&#8221; <\/p>\n","protected":false},"author":1,"featured_media":0,"comment_status":"open","ping_status":"closed","sticky":false,"template":"","format":"standard","meta":{"footnotes":""},"categories":[105],"tags":[],"class_list":["post-34139","post","type-post","status-publish","format-standard","hentry","category-gundem","odd"],"_links":{"self":[{"href":"http:\/\/www.korhanyilmaz.com\/index.php?rest_route=\/wp\/v2\/posts\/34139","targetHints":{"allow":["GET"]}}],"collection":[{"href":"http:\/\/www.korhanyilmaz.com\/index.php?rest_route=\/wp\/v2\/posts"}],"about":[{"href":"http:\/\/www.korhanyilmaz.com\/index.php?rest_route=\/wp\/v2\/types\/post"}],"author":[{"embeddable":true,"href":"http:\/\/www.korhanyilmaz.com\/index.php?rest_route=\/wp\/v2\/users\/1"}],"replies":[{"embeddable":true,"href":"http:\/\/www.korhanyilmaz.com\/index.php?rest_route=%2Fwp%2Fv2%2Fcomments&post=34139"}],"version-history":[{"count":0,"href":"http:\/\/www.korhanyilmaz.com\/index.php?rest_route=\/wp\/v2\/posts\/34139\/revisions"}],"wp:attachment":[{"href":"http:\/\/www.korhanyilmaz.com\/index.php?rest_route=%2Fwp%2Fv2%2Fmedia&parent=34139"}],"wp:term":[{"taxonomy":"category","embeddable":true,"href":"http:\/\/www.korhanyilmaz.com\/index.php?rest_route=%2Fwp%2Fv2%2Fcategories&post=34139"},{"taxonomy":"post_tag","embeddable":true,"href":"http:\/\/www.korhanyilmaz.com\/index.php?rest_route=%2Fwp%2Fv2%2Ftags&post=34139"}],"curies":[{"name":"wp","href":"https:\/\/api.w.org\/{rel}","templated":true}]}}