{"id":34129,"date":"2011-06-06T16:54:14","date_gmt":"2011-06-06T13:54:14","guid":{"rendered":"http:\/\/www.korhanyilmaz.com\/?p=34129"},"modified":"2011-07-10T21:34:15","modified_gmt":"2011-07-10T18:34:15","slug":"istanbulu-da-ben-fethettim-diyecek","status":"publish","type":"post","link":"http:\/\/www.korhanyilmaz.com\/?p=34129","title":{"rendered":"&#8220;\u0130stanbul&#8217;u da ben fethettim diyecek&#8221;"},"content":{"rendered":"<p style=\"text-align: center;\"><a href=\"http:\/\/www.korhanyilmaz.com\/wp-content\/uploads\/2011\/06\/020.jpg\"  class=\"lightview\"><img loading=\"lazy\" decoding=\"async\" class=\"aligncenter\" src=\"http:\/\/www.korhanyilmaz.com\/wp-content\/uploads\/2011\/06\/020.jpg\" alt=\"\" width=\"292\" height=\"237\" \/><\/a><\/p>\n<p style=\"text-align: justify;\">CHP lideri Kemal K\u0131l\u0131\u00e7daro\u011flu, &#8220;Ba\u015fbakan sabah-ak\u015fam, \u00f6\u011fle-ikindi K\u0131l\u0131\u00e7daro\u011flu&#8217;nu konu\u015fuyor. Yata\u011fa girince r\u00fcyas\u0131nda K\u0131l\u0131\u00e7daro\u011flu\u2019nu g\u00f6r\u00fcp, kan ter i\u00e7inde uyan\u0131yor&#8221; dedi. Ayd\u0131n&#8217;dan da Erdo\u011fan&#8217;\u0131 ele\u015ftiren CHP lideri, &#8220;Dilinin ucuna gelse diyecek ki, &#8216;\u0130stanbul&#8217;un fethini de ben yapt\u0131m&#8217; diyecek&#8221; dedi.<!--more--><\/p>\n<p style=\"text-align: justify;\">CHP lideri Kemal K\u0131l\u0131\u00e7daro\u011flu, partisinin Mersin\u2019in Silifke il\u00e7esinde d\u00fczenlenen mitinginde konu\u015ftu.<\/p>\n<p style=\"text-align: justify;\">K\u0131l\u0131\u00e7daro\u011flu\u2019nun konu\u015fmas\u0131ndan baz\u0131 ba\u015fl\u0131klar \u015fu \u015fekilde:<\/p>\n<p style=\"text-align: justify;\"><strong>\u201cGece r\u00fcyas\u0131nda beni g\u00f6r\u00fcyor&#8221; <\/strong><\/p>\n<p style=\"text-align: justify;\">\u201cBa\u015fbakan, sabah-ak\u015fam, \u00f6\u011fle-ikindi K\u0131l\u0131\u00e7daro\u011flu&#8217;nu konu\u015fuyor. Ben eminim, yata\u011fa girince r\u00fcyas\u0131nda K\u0131l\u0131\u00e7daro\u011flu\u2019nu g\u00f6r\u00fcp, kan ter i\u00e7inde uyan\u0131yor. Evde K\u0131l\u0131\u00e7daro\u011flu\u2019nun olmad\u0131\u011f\u0131n\u0131 g\u00f6r\u00fcnce \u2018oh\u2019 diyor. Recep Bey, ka\u00e7acak yerin yok. Halk aya\u011fa kalkt\u0131, korkular\u0131 yendi.&#8221;<\/p>\n<p style=\"text-align: justify;\"><strong>&#8220;Korkak adam&#8230;&#8221; <\/strong><\/p>\n<p style=\"text-align: justify;\">\u201cKorkak adamdan hay\u0131r gelmez. Korkak adamdan ba\u015fbakan olmaz. Bir insan\u0131n \u00fclkeyi y\u00f6netmesi i\u00e7in yi\u011fit olmas\u0131, ge\u00e7mi\u015finin temiz olmas\u0131 laz\u0131m. Kul hakk\u0131 yememesi laz\u0131m. Erdo\u011fan\u2019da bunlar var m\u0131? Olmad\u0131\u011f\u0131 i\u00e7in korkudan kar\u015f\u0131ma \u00e7\u0131kam\u0131yor.&#8221;<\/p>\n<p style=\"text-align: justify;\"><strong>\u201c3 Bakanlar Kurulu \u00e7\u0131karacak g\u00fcc\u00fcm\u00fcz var&#8221; <\/strong><\/p>\n<p style=\"text-align: justify;\">\u201cKadrolar\u0131m\u0131z\u0131n hepsi \u00e7ok g\u00fc\u00e7l\u00fc. Yurtd\u0131\u015f\u0131nda e\u011fitim g\u00f6rd\u00fcler. Devlette, \u00f6zel sekt\u00f6rde yeti\u015ftiler.Bir de\u011fil, \u00fc\u00e7 bakanlar kurulu \u00e7\u0131karacak g\u00fcc\u00fcm\u00fcz var. Yetki verin bak\u0131n bu \u00fclke adam gibi nas\u0131l y\u00f6netilir.&#8221;<\/p>\n<p style=\"text-align: justify;\"><strong>\u201c81 ile giden tek lider benim&#8221; <\/strong><\/p>\n<p style=\"text-align: justify;\">\u201cSadece bu se\u00e7im s\u00fcrecinde, 81 ile, 200\u2019\u00fcn \u00fczerinde il\u00e7eye giden tek genel ba\u015fkan benim. T\u00fcrkiye\u2019nin b\u00fct\u00fcn co\u011frafyas\u0131na gidece\u011fim. Beni dinlemeye giden tek ki\u015fi bile olsa derdini dinleyece\u011fim. S\u00f6z\u00fcm s\u00f6z.&#8221;<\/p>\n<p style=\"text-align: justify;\"><strong>&#8220;Cesaretin varsa&#8230;&#8221; <\/strong><\/p>\n<p style=\"text-align: justify;\">K\u0131l\u0131\u00e7daro\u011flu, Erdo\u011fan ile bir televizyon kanal\u0131nda kar\u015f\u0131 kar\u015f\u0131ya gelme \u00e7a\u011fr\u0131s\u0131n\u0131 yineleyerek, &#8221; E\u011fer y\u00fcre\u011fi varsa, cesareti varsa, istedi\u011fi televizyon kanal\u0131nda kar\u015f\u0131ma \u00e7\u0131kar, bu laflar\u0131 bana s\u00f6yler yan\u0131t\u0131n\u0131 al\u0131r. Korkuyor. Ben korkulacak adam de\u011filim. Sakin bir insan\u0131m. Niye benden korkuyor? \u00c7\u0131ks\u0131n televizyona cesareti varsa, y\u00fcre\u011fi varsa, onuru varsa&#8221; dedi.<\/p>\n<p style=\"text-align: justify;\"><strong>&#8220;CHP birinci parti \u00e7\u0131kacak&#8221; tepkisi <\/strong><\/p>\n<p style=\"text-align: justify;\">K\u0131l\u0131\u00e7daro\u011flu, ge\u00e7en y\u0131l anayasa de\u011fi\u015fikli\u011fi i\u00e7in referandum yap\u0131ld\u0131\u011f\u0131n\u0131, hi\u00e7bir \u00fcniversitenin \u00e7\u0131k\u0131p &#8220;Bu anayasa do\u011frudur ya da yanl\u0131\u015ft\u0131r&#8221; demedi\u011fini belirterek, &#8220;\u00c7\u00fcnk\u00fc, korktular. Daha iki \u00fc\u00e7 g\u00fcn \u00f6nce, bir i\u015f adam\u0131 &#8216;CHP b\u00fcy\u00fck ihtimalle birinci parti olacak&#8217; dedi\u011fi i\u00e7in neredeyse lin\u00e7 edilecekti. &#8216;Vay efendim sen bunu nas\u0131l s\u00f6ylersin&#8217;. S\u00f6ylerim, vatanda\u015f de\u011fil miyim? Bunu s\u00f6yledi diye adam\u0131 iflas m\u0131 ettirmek gerekiyor? Bak\u0131n\u0131z bir de uluslararas\u0131 bir dergi, &#8216;Oylar\u0131n\u0131z\u0131 CHP&#8217;ye verin&#8217; diye yaz\u0131 yazm\u0131\u015f. &#8216;Vay efendim CHP uluslararas\u0131 \u00e7etelerle i\u015fbirli\u011fi yap\u0131yor&#8217;. Ben, The Economist dergisini ve sahiplerini tan\u0131mam. Ama, biz demokrasiyi \u00f6zg\u00fcrl\u00fckleri ve bat\u0131 standartlar\u0131nda insan haklar\u0131n\u0131, kad\u0131n erkek e\u015fitli\u011fini savunuyoruz. Herkes okusun, \u00e7ocuklar yata\u011fa a\u00e7 girmesin istiyoruz. Bat\u0131 da bunu anl\u0131yor bunun ne anlama geldi\u011fini, ama bizimkiler anlam\u0131yor&#8221; dedi.<\/p>\n<p style=\"text-align: justify;\"><strong>Mersin&#8217;de Ayd\u0131n&#8217;a ge\u00e7ti <\/strong><\/p>\n<p style=\"text-align: justify;\">CHP lideri K\u0131l\u0131\u00e7daro\u011flu, Ayd\u0131n \u0130stasyon Meydan\u0131nda d\u00fczenlenen mitingde, &#8220;devlet mitingi yapmad\u0131klar\u0131n\u0131&#8221;, AK Parti mitinglerine memurlar\u0131n zorla g\u00f6t\u00fcr\u00fcld\u00fc\u011f\u00fcn\u00fc savundu.<\/p>\n<p style=\"text-align: justify;\">CHP olarak halk\u0131n partisi olduklar\u0131n\u0131, emekten, \u00e7al\u0131\u015fandan yana olduklar\u0131n\u0131 kaydeden K\u0131l\u0131\u00e7daro\u011flu, &#8220;Bak\u0131n\u0131z bir belge var yay\u0131nlanm\u0131\u015f, diyor ki, &#8216;Resmi plakal\u0131 ara\u00e7lar\u0131 tahsis edeceksiniz, plakalar\u0131 s\u00f6kecek, yerine sivil plaka takacaks\u0131n\u0131z. Recep Bey&#8217;in mitingine gideceksiniz&#8217; diyor. Ne yaparlarsa yaps\u0131nlar CHP&#8217;nin oylar\u0131 y\u00fckseliyor. AKP&#8217;nin oylar\u0131 d\u00fc\u015f\u00fcyor&#8221; dedi.<\/p>\n<p style=\"text-align: justify;\">&#8220;Temeli 1923 olmayan\u0131n gelece\u011fi 2023 olamaz&#8221; \u015feklinde bir pankart okuyan K\u0131l\u0131\u00e7daro\u011flu, &#8220;1920&#8217;lerde Samsun&#8217;a \u00e7\u0131k\u0131\u015fla ba\u015flayan ulusal ba\u011f\u0131ms\u0131zl\u0131k sava\u015f\u0131m\u0131zda, yi\u011fit insanlar Cumhuriyet&#8217;i kurdular ve onlar dediler ki, &#8216;K\u00f6yl\u00fc milletin efendisidir.&#8217; 2011 y\u0131l\u0131nday\u0131z, Allah a\u015fk\u0131na, &#8216;Anan\u0131 da al git&#8217; dedi k\u00f6yl\u00fcye. Biz CHP olarak 1923&#8217;\u00fcn ruhuna sahibiz. Kuvayi Milliye ruhu var bizde. Yine s\u00f6yl\u00fcyoruz k\u00f6yl\u00fc milletin efendisidir. B\u00fct\u00fcn \u00fcreticilere sesleniyorum. Recep Tayyip Erdo\u011fan&#8217;a 12 Haziran&#8217;dan sonra ders verin. Recep Bey&#8217;in ezberi bozulacak. Bozulsun mu? Recep Bey&#8217;in ezberini bozduk. Kimyas\u0131n\u0131 bozduk. A\u011fz\u0131n\u0131 da bozduk, art\u0131k normal konu\u015fam\u0131yor&#8221; dedi.<\/p>\n<p style=\"text-align: justify;\">&#8220;Dilinin ucuna gelse diyecek ki, &#8216;\u0130stanbul&#8217;un fethini de ben yapt\u0131m&#8217; diyecek&#8221; diyen K\u0131l\u0131\u00e7daro\u011flu, &#8220;Sen itiraf etmedin mi, &#8216;Benim bakanlar\u0131m yolsuzluk yapt\u0131&#8217; diye? Pamuk, angus ba\u015fka yerden geliyor. Bu \u00fclkenin ovalar\u0131 var m\u0131, yaylalar\u0131 var m\u0131, bereketli ya\u011fmurlar\u0131 var m\u0131, yi\u011fit insanlar\u0131 var m\u0131, birileri k\u00f6\u015feyi d\u00f6ns\u00fcn diye kimse kazanmas\u0131n, \u00fcretici kazanmas\u0131n m\u0131? Halk\u0131n iktidar\u0131nda buna izin vermeyece\u011fiz&#8221; diye konu\u015ftu.<\/p>\n<p style=\"text-align: justify;\"><a href=\"http:\/\/www.cnnturk.com\/2011\/turkiye\/06\/06\/istanbulu.da.ben.fethettim.diyecek\/619117.0\/index.html\" target=\"_blank\">Kaynak : CNN T\u00dcRK<\/a><\/p>\n","protected":false},"excerpt":{"rendered":"<p style=\"text-align: center;\">\n<p style=\"text-align: justify;\">CHP lideri Kemal K\u0131l\u0131\u00e7daro\u011flu, &#8220;Ba\u015fbakan sabah-ak\u015fam, \u00f6\u011fle-ikindi K\u0131l\u0131\u00e7daro\u011flu&#8217;nu konu\u015fuyor. Yata\u011fa girince r\u00fcyas\u0131nda K\u0131l\u0131\u00e7daro\u011flu\u2019nu g\u00f6r\u00fcp, kan ter i\u00e7inde uyan\u0131yor&#8221; dedi. Ayd\u0131n&#8217;dan da Erdo\u011fan&#8217;\u0131 ele\u015ftiren CHP lideri, &#8220;Dilinin ucuna gelse diyecek ki, &#8216;\u0130stanbul&#8217;un fethini de ben yapt\u0131m&#8217; diyecek&#8221; dedi.<\/p>\n","protected":false},"author":1,"featured_media":0,"comment_status":"open","ping_status":"closed","sticky":false,"template":"","format":"standard","meta":{"footnotes":""},"categories":[105],"tags":[],"class_list":["post-34129","post","type-post","status-publish","format-standard","hentry","category-gundem","odd"],"_links":{"self":[{"href":"http:\/\/www.korhanyilmaz.com\/index.php?rest_route=\/wp\/v2\/posts\/34129","targetHints":{"allow":["GET"]}}],"collection":[{"href":"http:\/\/www.korhanyilmaz.com\/index.php?rest_route=\/wp\/v2\/posts"}],"about":[{"href":"http:\/\/www.korhanyilmaz.com\/index.php?rest_route=\/wp\/v2\/types\/post"}],"author":[{"embeddable":true,"href":"http:\/\/www.korhanyilmaz.com\/index.php?rest_route=\/wp\/v2\/users\/1"}],"replies":[{"embeddable":true,"href":"http:\/\/www.korhanyilmaz.com\/index.php?rest_route=%2Fwp%2Fv2%2Fcomments&post=34129"}],"version-history":[{"count":0,"href":"http:\/\/www.korhanyilmaz.com\/index.php?rest_route=\/wp\/v2\/posts\/34129\/revisions"}],"wp:attachment":[{"href":"http:\/\/www.korhanyilmaz.com\/index.php?rest_route=%2Fwp%2Fv2%2Fmedia&parent=34129"}],"wp:term":[{"taxonomy":"category","embeddable":true,"href":"http:\/\/www.korhanyilmaz.com\/index.php?rest_route=%2Fwp%2Fv2%2Fcategories&post=34129"},{"taxonomy":"post_tag","embeddable":true,"href":"http:\/\/www.korhanyilmaz.com\/index.php?rest_route=%2Fwp%2Fv2%2Ftags&post=34129"}],"curies":[{"name":"wp","href":"https:\/\/api.w.org\/{rel}","templated":true}]}}