{"id":34125,"date":"2011-06-06T18:18:11","date_gmt":"2011-06-06T15:18:11","guid":{"rendered":"http:\/\/www.korhanyilmaz.com\/?p=34125"},"modified":"2011-06-06T18:18:11","modified_gmt":"2011-06-06T15:18:11","slug":"artvin-jandarma-komutani-gorevden-alindi","status":"publish","type":"post","link":"http:\/\/www.korhanyilmaz.com\/?p=34125","title":{"rendered":"Artvin Jandarma Komutan\u0131 g\u00f6revden al\u0131nd\u0131"},"content":{"rendered":"<p><a rel=\"attachment wp-att-34126\" href=\"http:\/\/www.korhanyilmaz.com\/?attachment_id=34126\"><img loading=\"lazy\" decoding=\"async\" class=\"aligncenter size-full wp-image-34126\" src=\"http:\/\/www.korhanyilmaz.com\/wp-content\/uploads\/2011\/06\/019.jpg\" alt=\"\" width=\"346\" height=\"266\" \/ class=\"lightview\"><\/a><\/p>\n<p style=\"text-align: justify;\">Hopa&#8217;da ge\u00e7ti\u011fimiz hafta 1 ki\u015finin hayat\u0131n\u0131 kaybetti\u011fi olaylar\u0131n ard\u0131ndan Artvin Jandarma Komutan\u0131 Mehmet Nasif g\u00f6revden al\u0131nd\u0131. Hopa \u0130l\u00e7e Jandarma Komutan\u0131 da merkeze al\u0131nd\u0131. <!--more--><\/p>\n<p style=\"text-align: justify;\">Artvin Valisi Mustafa Yemlihal\u0131o\u011flu, \u0130l Jandarma Komutan\u0131 Jandarma Albay Mehmet Nasif&#8217;in, bug\u00fcn itibariyle Jandarma Genel Komutanl\u0131\u011f\u0131 emrine al\u0131nd\u0131\u011f\u0131n\u0131, yerine Jandarma Yarbay Alper S\u0131r&#8217;\u0131n atand\u0131\u011f\u0131n\u0131 bildirdi.<\/p>\n<p style=\"text-align: justify;\">Yemlihal\u0131o\u011flu, AA muhabirine yapt\u0131\u011f\u0131 a\u00e7\u0131klamada, Hopa&#8217;da 31 May\u0131s&#8217;taki AK Parti mitingi \u00f6ncesi ve sonras\u0131nda \u00e7\u0131kan olaylara ili\u015fkin m\u00fcfetti\u015flerin y\u00fcr\u00fctt\u00fc\u011f\u00fc soru\u015fturma \u00e7er\u00e7evesinde \u0130l Jandarma Komutan\u0131 Jandarma Albay Mehmet Nasif&#8217;in Jandarma Genel Komutanl\u0131\u011f\u0131 emrine al\u0131nmas\u0131n\u0131n uygun g\u00f6r\u00fcld\u00fc\u011f\u00fcn\u00fc s\u00f6yledi.<\/p>\n<p style=\"text-align: justify;\">Vali Yemlihal\u0131o\u011flu, Artvin \u0130l Jandarma Komutanl\u0131\u011f\u0131&#8217;na Jandarma Yarbay Alper S\u0131r&#8217;\u0131n atand\u0131\u011f\u0131n\u0131 ve S\u0131r&#8217;\u0131n bug\u00fcn itibariyle g\u00f6reve ba\u015flad\u0131\u011f\u0131n\u0131 belirtti.<\/p>\n<p style=\"text-align: justify;\">Hopa&#8217;daki olaylar ile ilgili daha \u00f6nce de Artvin Emniyet M\u00fcd\u00fcr\u00fc Muhsin Arma\u011fan g\u00f6revden al\u0131nm\u0131\u015ft\u0131.<\/p>\n<p style=\"text-align: justify;\"><a href=\"http:\/\/www.cnnturk.com\/2011\/turkiye\/06\/06\/artvin.jandarma.komutani.gorevden.alindi\/619180.0\/index.html\" target=\"_blank\">Kaynak : CNN T\u00dcRK<\/a><\/p>\n<p>&nbsp;<\/p>\n","protected":false},"excerpt":{"rendered":"<\/p>\n<p style=\"text-align: justify;\">Hopa&#8217;da ge\u00e7ti\u011fimiz hafta 1 ki\u015finin hayat\u0131n\u0131 kaybetti\u011fi olaylar\u0131n ard\u0131ndan Artvin Jandarma Komutan\u0131 Mehmet Nasif g\u00f6revden al\u0131nd\u0131. Hopa \u0130l\u00e7e Jandarma Komutan\u0131 da merkeze al\u0131nd\u0131. <\/p>\n","protected":false},"author":1,"featured_media":0,"comment_status":"open","ping_status":"closed","sticky":false,"template":"","format":"standard","meta":{"footnotes":""},"categories":[105],"tags":[],"class_list":["post-34125","post","type-post","status-publish","format-standard","hentry","category-gundem","odd"],"_links":{"self":[{"href":"http:\/\/www.korhanyilmaz.com\/index.php?rest_route=\/wp\/v2\/posts\/34125","targetHints":{"allow":["GET"]}}],"collection":[{"href":"http:\/\/www.korhanyilmaz.com\/index.php?rest_route=\/wp\/v2\/posts"}],"about":[{"href":"http:\/\/www.korhanyilmaz.com\/index.php?rest_route=\/wp\/v2\/types\/post"}],"author":[{"embeddable":true,"href":"http:\/\/www.korhanyilmaz.com\/index.php?rest_route=\/wp\/v2\/users\/1"}],"replies":[{"embeddable":true,"href":"http:\/\/www.korhanyilmaz.com\/index.php?rest_route=%2Fwp%2Fv2%2Fcomments&post=34125"}],"version-history":[{"count":0,"href":"http:\/\/www.korhanyilmaz.com\/index.php?rest_route=\/wp\/v2\/posts\/34125\/revisions"}],"wp:attachment":[{"href":"http:\/\/www.korhanyilmaz.com\/index.php?rest_route=%2Fwp%2Fv2%2Fmedia&parent=34125"}],"wp:term":[{"taxonomy":"category","embeddable":true,"href":"http:\/\/www.korhanyilmaz.com\/index.php?rest_route=%2Fwp%2Fv2%2Fcategories&post=34125"},{"taxonomy":"post_tag","embeddable":true,"href":"http:\/\/www.korhanyilmaz.com\/index.php?rest_route=%2Fwp%2Fv2%2Ftags&post=34125"}],"curies":[{"name":"wp","href":"https:\/\/api.w.org\/{rel}","templated":true}]}}