{"id":34119,"date":"2011-06-06T17:07:42","date_gmt":"2011-06-06T14:07:42","guid":{"rendered":"http:\/\/www.korhanyilmaz.com\/?p=34119"},"modified":"2011-06-06T17:07:42","modified_gmt":"2011-06-06T14:07:42","slug":"bahceliden-diyarbakirda-onemli-mesajlar","status":"publish","type":"post","link":"http:\/\/www.korhanyilmaz.com\/?p=34119","title":{"rendered":"Bah\u00e7eli&#8217;den Diyarbak\u0131r&#8217;da \u00f6nemli mesajlar"},"content":{"rendered":"<p style=\"text-align: justify;\"><a rel=\"attachment wp-att-34120\" href=\"http:\/\/www.korhanyilmaz.com\/?attachment_id=34120\"><img loading=\"lazy\" decoding=\"async\" class=\"aligncenter size-full wp-image-34120\" src=\"http:\/\/www.korhanyilmaz.com\/wp-content\/uploads\/2011\/06\/018.jpg\" alt=\"\" width=\"346\" height=\"266\" \/ class=\"lightview\"><\/a><\/p>\n<p style=\"text-align: justify;\">&#8216;MHP&#8217;nin 16 y\u0131l sonra d\u00fczenledi\u011fi mitingte Bah\u00e7eli, \u00f6nemli mesajlar verdi. &#8221;T\u00fcrk milletinin hi\u00e7bir ferdi bu \u00fclkenin zencisi de\u011fildir&#8221; diyen Bah\u00e7eli, &#8221;Anadili Anayasa&#8217;ya koyunca karn\u0131n\u0131z m\u0131 doyacak&#8221; diye sordu. <!--more--><\/p>\n<p style=\"text-align: justify;\">Bah\u00e7eli, partisince Diyarbak\u0131r&#8217;da d\u00fczenlenen mitingde, Diyarbak\u0131rl\u0131lara &#8220;Siz T\u00fcrk milletinin e\u015fit, onurlu ve yeri doldurulamaz birer mensubusunuz. Siz bizim her \u015feyimizsiniz. G\u00f6nl\u00fcm\u00fczdesiniz, dilimizdesiniz. Washington&#8217;dakiler sizi benden daha fazla sevemez. Br\u00fcksel&#8217;dekiler benden daha \u00e7ok anlayamaz. Erbil&#8217;deki pe\u015fmerge sizi benden daha \u00e7ok sahiplenemez&#8221; diye seslendi.<\/p>\n<p style=\"text-align: justify;\">Bah\u00e7eli, &#8220;T\u00fcrk milletinin hi\u00e7bir evlad\u0131 bu \u00fclkenin zencisi de\u011fildir. Buna inand\u0131k. T\u00fcrk milletinin hi\u00e7bir ferdi bu \u00fclkenin \u00f6tekisi de\u011fildir. Bundan asla taviz vermedik. Kimsenin kendi evinde yabanc\u0131 olmas\u0131n\u0131 istemedik, akl\u0131m\u0131zdan ge\u00e7irmedik. Aksini d\u00fc\u015f\u00fcnenlerin ise heybetli bir \u015fekilde kar\u015f\u0131s\u0131nda durduk. Diyarbak\u0131rl\u0131 karde\u015fim, siz bizsiniz biz de siz&#8221; dedi.<\/p>\n<p style=\"text-align: justify;\">S\u0131k\u0131nt\u0131y\u0131 sadece Diyarbak\u0131rl\u0131lar\u0131n ya\u015famad\u0131\u011f\u0131n\u0131 s\u00f6yleyen Bah\u00e7eli, \u015f\u00f6yle konu\u015ftu: &#8220;Anadili Anayasaya koyunca karn\u0131n\u0131z doyacak m\u0131? S\u0131rt\u0131n\u0131za yeni elbise alabilecek misiniz? Anadilinize sayg\u0131m\u0131z vard\u0131r ama hepimizin meselesi i\u015fsizliktir, yoksulluktur. Elbette s\u0131k\u0131nt\u0131lar\u0131m\u0131z\u0131n olmad\u0131\u011f\u0131n\u0131 iddia etmiyorum. &#8216;Sorunlar\u0131n\u0131z yok&#8217; demek istemiyorum, ama sorunlarla bo\u011fu\u015fan yaln\u0131zca siz de\u011filsiniz. S\u0131k\u0131nt\u0131y\u0131 sadece siz ya\u015fam\u0131yorsunuz. Yurdumun her k\u00f6\u015fesinde en az sizler kadar problemleri olmu\u015f insanlar\u0131m\u0131z var. Ancak her sorunu olan ve her derdi bulunan da \u00e7\u00f6z\u00fcm ve \u00e7areyi \u00e7\u0131kmaz sokaklarda aram\u0131yor. T\u00fcrk milletinden ayr\u0131lma r\u00fcyas\u0131 g\u00f6renler, ba\u011f\u0131ms\u0131z devlet \u00f6zlemi i\u00e7inde olanlar ak\u0131llar\u0131n\u0131 ba\u015flar\u0131na almal\u0131d\u0131rlar. Bizim ne verecek bir \u00e7ak\u0131l ta\u015f\u0131m\u0131z ne de vazge\u00e7ecek bir insan\u0131m\u0131z vard\u0131r.&#8221;<\/p>\n<p style=\"text-align: justify;\"><strong>&#8220;Verecek bir \u00e7ak\u0131l ta\u015f\u0131m\u0131z yoktur&#8221; <\/strong><\/p>\n<p style=\"text-align: justify;\">T\u00fcrkiye&#8217;den ayr\u0131lmak isteyenlere de seslenen ve, &#8220;Bizim verecek bir \u00e7ak\u0131l ta\u015f\u0131m\u0131z yoktur&#8221; diyen Bah\u00e7eli, &#8220;Elbette s\u0131k\u0131nt\u0131lar\u0131m\u0131z\u0131n olmad\u0131\u011f\u0131n\u0131 iddia etmiyorum. &#8216;Sorunlar\u0131n\u0131z yok&#8217; demek istemiyorum ama sorunlarla bo\u011fu\u015fan yaln\u0131zca siz de\u011filsiniz. S\u0131k\u0131nt\u0131y\u0131 sadece siz ya\u015fam\u0131yorsunuz. Yurdumun her k\u00f6\u015fesinde en az sizler kadar problemleri olmu\u015f insanlar\u0131m\u0131z var. Ancak her sorunu olan ve her derdi bulunan da \u00e7\u00f6z\u00fcm ve \u00e7areyi \u00e7\u0131kmaz sokaklarda aram\u0131yor. T\u00fcrk milletinden ayr\u0131lma r\u00fcyas\u0131 g\u00f6renler, ba\u011f\u0131ms\u0131z devlet \u00f6zlemi i\u00e7inde olanlar ak\u0131llar\u0131n\u0131 ba\u015flar\u0131na almal\u0131d\u0131rlar. Bizim ne verecek bir \u00e7ak\u0131l ta\u015f\u0131m\u0131z ne de vazge\u00e7ecek bir insan\u0131m\u0131z vard\u0131r&#8221; dedi.<\/p>\n<p style=\"text-align: justify;\">T\u00fcrk milleti i\u00e7in gidilecek, g\u00f6\u00e7 edilecek ve ya\u015fan\u0131lacak ba\u015fka bir toprak par\u00e7as\u0131 olmad\u0131\u011f\u0131n\u0131 vurgulayan Bah\u00e7eli, &#8220;Son vatan\u0131m\u0131zda ya\u015famaya karar verdi\u011fimizden bu tarafa b\u00fct\u00fcn hesaplar\u0131 bizi bu co\u011frafyadan atmak \u00fczere \u015fekillenmi\u015ftir. T\u00fcrk milletini meydanlarda yenemeyenler, topla t\u00fcfekle \u00fcstesinden gelemeyeceklerini anlayan gafiller, \u015ferefsizce \u00fczerimizde oyunlar oynamaktad\u0131rlar. Kudretli oldu\u011fumuz \u00e7a\u011flarda p\u0131sanlar, bug\u00fcn zorda oldu\u011fumuzu g\u00f6r\u00fcnce bizi i\u00e7ten da\u011f\u0131tmaya odaklanm\u0131\u015flard\u0131r. \u00c7anakkale, millet olarak \u00e7ekilebilece\u011fimiz son s\u0131n\u0131r\u0131n ilan\u0131 olarak iftiharla ve h\u00fcz\u00fcnle hat\u0131r\u0131m\u0131zda olan bir m\u00fccadele destan\u0131d\u0131r. Misak-\u0131 Milli kazan\u0131lm\u0131\u015f vatan topraklar\u0131n\u0131n son ve kesin hatt\u0131n\u0131 \u00e7izmi\u015f ve belirlemi\u015ftir. Bizim bu hattan zerre kadar geri \u00e7ekilmemiz ve taviz vermemiz m\u00fcmk\u00fcn de\u011fildir&#8221; dedi.<\/p>\n<p style=\"text-align: justify;\">&#8220;Ba\u015fka bir vatan \u00fczerinde ya\u015famak ya da ba\u015fka bir milletin s\u0131\u011f\u0131nt\u0131s\u0131 olmak gibi se\u00e7ene\u011fimiz, tercihimiz kesinlikle bulunmamaktad\u0131r.&#8221; \u015feklinde konu\u015fan Genel Ba\u015fkan Bah\u00e7eli, konu\u015fmas\u0131n\u0131 \u015f\u00f6yle s\u00fcrd\u00fcrd\u00fc:<\/p>\n<p style=\"text-align: justify;\">&#8220;Biz T\u00fcrkiye Cumhuriyeti&#8217;nde T\u00fcrk milleti olarak ya\u015famaya Allah&#8217;\u0131n izni ile sonuna kadar devam edece\u011fiz. \u0130rademiz budur, azmimiz ve dile\u011fimiz buna y\u00f6neliktir. Unutmay\u0131n\u0131z ki ya bu vatan \u00fczerinde bir ve b\u00fct\u00fcn olarak karde\u015f\u00e7e ya\u015fayaca\u011f\u0131z ya da millet olarak yaln\u0131zca Diyarbak\u0131r&#8217;dan de\u011fil, Anadolu&#8217;dan da at\u0131laca\u011f\u0131z. Yedi d\u00fcvelin karanl\u0131k planlar\u0131 durmak bilmiyor, bunun i\u00e7in ter\u00f6rist PKK&#8217;y\u0131 ta\u015feron olarak kullan\u0131yor, da\u011flar\u0131m\u0131zdaki eli silahl\u0131 e\u015fk\u0131yay\u0131 s\u00fcrekli besliyor. Bir tarafta hepimiz var\u0131z, di\u011fer yanda milletimizi ayr\u0131\u015ft\u0131rmaya \u00e7al\u0131\u015fan odaklar var. Bir yanda T\u00fcrk milleti var, di\u011fer yanda i\u015ftahlar\u0131 y\u00fczy\u0131llard\u0131r doymayan Ha\u00e7l\u0131 zihniyeti. Umuyorlar ki birbirimizden kopal\u0131m, istiyorlar ki karde\u015f kavgas\u0131n\u0131n taraf\u0131 olal\u0131m. Diliyorlar ki birbirimize k\u00fcselim ve \u00e7\u00f6z\u00fclelim. Aram\u0131z\u0131 bozmaya \u00e7al\u0131\u015f\u0131yorlar, birbirimize d\u00fc\u015f\u00fcrmeye \u00e7abal\u0131yorlar. Bizi birlikteyken ama\u00e7lar\u0131na ula\u015famad\u0131lar, ula\u015famayacaklar\u0131n\u0131 da biliyorlar, \u015fimdi de da\u011f\u0131tarak sonu\u00e7 almay\u0131 istiyorlar. Ama asla ba\u015faramayacaklar, emellerine muvaffak olamayacaklar, bizi asla b\u00f6lmeyecekler. Son s\u00f6z\u00fcm\u00fcz\u00fc 29 Ekim 1923&#8217;te s\u00f6yledik. Kimse heveslenmesin bu tarihi yeminden geri ad\u0131m atmayaca\u011f\u0131z.&#8221;<\/p>\n<p style=\"text-align: justify;\"><strong>&#8220;B\u00f6l\u00fcnmeye taraf de\u011filiz&#8221; <\/strong><\/p>\n<p style=\"text-align: justify;\">Bah\u00e7eli, &#8220;Her derde deva olaca\u011f\u0131z. Kim olursa olsun, k\u00f6keni nereye dayan\u0131rsa dayans\u0131n T\u00fcrk milletinin b\u00fct\u00fcn fertlerini bir ve beraber g\u00f6recek, kucaklayaca\u011f\u0131z. Alevi karde\u015fim, S\u00fcnni karde\u015fim hi\u00e7 endi\u015felenmesin. Biz var\u0131z. K\u00fcrt k\u00f6kenli karde\u015fim merak etmesin biz, ortak payda ve m\u00fc\u015fterek de\u011ferler ekseninde her meselenin \u00fcstesinden gelece\u011fiz&#8221; dedi.<\/p>\n<p style=\"text-align: justify;\">&#8220;Anayasa \u00e7\u00f6z\u00fcmlerini koro gibi seslendirenlerin, onlar gibi d\u00fc\u015f\u00fcnmedikleri i\u00e7in MHP&#8217;yi &#8216;De\u011fi\u015fim kar\u015f\u0131t\u0131&#8217; olarak sunacaklar\u0131&#8221; \u00f6ng\u00f6r\u00fcs\u00fcnde bulunan Bah\u00e7eli, &#8220;Biz b\u00f6l\u00fcnmeye taraf de\u011filiz. Biz ayr\u0131\u015fmaya taraf de\u011filiz. Ancak ekme\u011fimizi, sofram\u0131z\u0131 ve sevgimizi payla\u015fmaktan yanay\u0131z. Adaletli payla\u015fmaktan, karde\u015f\u00e7e ya\u015famaktan, birlikte ekonomik kalk\u0131nm\u0131\u015fl\u0131ktan taraf\u0131z. S\u00f6zlerimizi kim nas\u0131l anlarsa anlas\u0131n. Biz buyuz. \u0130nan\u00e7lar\u0131m\u0131z ve g\u00f6r\u00fc\u015flerimiz bunlard\u0131r. \u00dclke sizin karar sizin, tercih sizin&#8221; dedi.<\/p>\n<p style=\"text-align: justify;\"><a href=\"http:\/\/www.cnnturk.com\/2011\/turkiye\/06\/06\/bahceliden.diyarbakirda.onemli.mesajlar\/619148.0\/index.html\" target=\"_blank\">Kaynak : CNN T\u00dcRK<\/a><\/p>\n","protected":false},"excerpt":{"rendered":"<p style=\"text-align: justify;\">\n<p style=\"text-align: justify;\">&#8216;MHP&#8217;nin 16 y\u0131l sonra d\u00fczenledi\u011fi mitingte Bah\u00e7eli, \u00f6nemli mesajlar verdi. &#8221;T\u00fcrk milletinin hi\u00e7bir ferdi bu \u00fclkenin zencisi de\u011fildir&#8221; diyen Bah\u00e7eli, &#8221;Anadili Anayasa&#8217;ya koyunca karn\u0131n\u0131z m\u0131 doyacak&#8221; diye sordu. <\/p>\n","protected":false},"author":1,"featured_media":0,"comment_status":"open","ping_status":"closed","sticky":false,"template":"","format":"standard","meta":{"footnotes":""},"categories":[105],"tags":[],"class_list":["post-34119","post","type-post","status-publish","format-standard","hentry","category-gundem","odd"],"_links":{"self":[{"href":"http:\/\/www.korhanyilmaz.com\/index.php?rest_route=\/wp\/v2\/posts\/34119","targetHints":{"allow":["GET"]}}],"collection":[{"href":"http:\/\/www.korhanyilmaz.com\/index.php?rest_route=\/wp\/v2\/posts"}],"about":[{"href":"http:\/\/www.korhanyilmaz.com\/index.php?rest_route=\/wp\/v2\/types\/post"}],"author":[{"embeddable":true,"href":"http:\/\/www.korhanyilmaz.com\/index.php?rest_route=\/wp\/v2\/users\/1"}],"replies":[{"embeddable":true,"href":"http:\/\/www.korhanyilmaz.com\/index.php?rest_route=%2Fwp%2Fv2%2Fcomments&post=34119"}],"version-history":[{"count":0,"href":"http:\/\/www.korhanyilmaz.com\/index.php?rest_route=\/wp\/v2\/posts\/34119\/revisions"}],"wp:attachment":[{"href":"http:\/\/www.korhanyilmaz.com\/index.php?rest_route=%2Fwp%2Fv2%2Fmedia&parent=34119"}],"wp:term":[{"taxonomy":"category","embeddable":true,"href":"http:\/\/www.korhanyilmaz.com\/index.php?rest_route=%2Fwp%2Fv2%2Fcategories&post=34119"},{"taxonomy":"post_tag","embeddable":true,"href":"http:\/\/www.korhanyilmaz.com\/index.php?rest_route=%2Fwp%2Fv2%2Ftags&post=34119"}],"curies":[{"name":"wp","href":"https:\/\/api.w.org\/{rel}","templated":true}]}}