{"id":34114,"date":"2011-06-06T12:55:30","date_gmt":"2011-06-06T09:55:30","guid":{"rendered":"http:\/\/www.korhanyilmaz.com\/?p=34114"},"modified":"2011-06-06T12:55:30","modified_gmt":"2011-06-06T09:55:30","slug":"kilicdaroglundan-onemli-iddia","status":"publish","type":"post","link":"http:\/\/www.korhanyilmaz.com\/?p=34114","title":{"rendered":"K\u0131l\u0131\u00e7daro\u011flu&#8217;ndan \u00f6nemli iddia"},"content":{"rendered":"<p style=\"text-align: center;\"><a rel=\"attachment wp-att-34115\" href=\"http:\/\/www.korhanyilmaz.com\/?attachment_id=34115\"><img loading=\"lazy\" decoding=\"async\" class=\"aligncenter size-full wp-image-34115\" src=\"http:\/\/www.korhanyilmaz.com\/wp-content\/uploads\/2011\/06\/017.jpg\" alt=\"\" width=\"436\" height=\"198\" \/ class=\"lightview\"><\/a><\/p>\n<p style=\"text-align: justify;\">CHP lideri K\u0131l\u0131\u00e7daro\u011flu, Ba\u015fbakan Erdo\u011fan&#8217;\u0131n kendisine yak\u0131n bir i\u015f adam\u0131na ihale verilmesi i\u00e7in bir bakan\u0131n\u0131 \u0130srail&#8217;e g\u00f6nderdi\u011fini iddia ederek, &#8220;Gelsin kar\u015f\u0131ma ona daha \u00e7ok s\u00fcrprizlerim olacak. \u0130srail&#8217;e kim yaltaklan\u0131yor, kim yaltaklanm\u0131yor ben ona g\u00f6sterece\u011fim&#8221; dedi.<!--more--><\/p>\n<p style=\"text-align: justify;\">S\u0130L\u0130FKE- CHP Genel Ba\u015fkan\u0131 Kemal K\u0131l\u0131\u00e7daro\u011flu, Ba\u015fbakan Recep Tayyip Erdo\u011fan ile bir televizyon kanal\u0131nda kar\u015f\u0131 kar\u015f\u0131ya gelme \u00e7a\u011fr\u0131s\u0131n\u0131 yineleyerek, &#8221;E\u011fer y\u00fcre\u011fi varsa, cesareti varsa, istedi\u011fi televizyon kanal\u0131nda kar\u015f\u0131ma \u00e7\u0131kar, bu laflar\u0131 bana s\u00f6yler yan\u0131t\u0131n\u0131 al\u0131r. Korkuyor. Ben korkulacak adam de\u011filim. Sakin bir insan\u0131m. Niye benden korkuyor? \u00c7\u0131ks\u0131n televizyona cesareti varsa, y\u00fcre\u011fi varsa, onuru varsa&#8221; dedi.<\/p>\n<p style=\"text-align: justify;\">K\u0131l\u0131\u00e7daro\u011flu, Mersin&#8217;in Silifke il\u00e7esine ba\u011fl\u0131 Narl\u0131kuyu beldesindeki Alt\u0131norfoz Otel&#8217;de, sabah kahvalt\u0131s\u0131nda partililer ve baz\u0131 muhtarlarla biraraya geldi.<\/p>\n<p style=\"text-align: justify;\"><strong>TELEFONLARIN D\u0130NLENMED\u0130\u011e\u0130 B\u0130R T\u00dcRK\u0130YE \u0130\u00c7\u0130N<\/strong><\/p>\n<p style=\"text-align: justify;\">T\u00fcrkiye&#8217;deki \u00f6zg\u00fcrl\u00fcklere vurgu yapan K\u0131l\u0131\u00e7daro\u011flu, &#8221;Aslolan kar\u015f\u0131 d\u00fc\u015f\u00fcnceyi dinlemektir. Herkesin d\u00fc\u015f\u00fcnd\u00fc\u011f\u00fcn\u00fc \u00f6zg\u00fcrce s\u00f6yleyebildi\u011fi bir T\u00fcrkiye hayal ediyoruz. \u00d6zg\u00fcrl\u00fckler ile demokrasi getirmek istiyoruz. Biz, hi\u00e7 kimsenin telefonunun dinlenmedi\u011fi, \u00fcniversitelerin \u00f6zg\u00fcrce konu\u015fabildi\u011fi bir T\u00fcrkiye istiyoruz&#8221; dedi.<\/p>\n<p style=\"text-align: justify;\">K\u0131l\u0131\u00e7daro\u011flu, ge\u00e7en y\u0131l anayasa de\u011fi\u015fikli\u011fi i\u00e7in referandum yap\u0131ld\u0131\u011f\u0131n\u0131, hi\u00e7bir \u00fcniversitenin \u00e7\u0131k\u0131p &#8221;Bu anayasa do\u011frudur ya da yanl\u0131\u015ft\u0131r&#8221; demedi\u011fini belirterek, \u015f\u00f6yle konu\u015ftu:<\/p>\n<p style=\"text-align: justify;\">&#8221;\u00c7\u00fcnk\u00fc, korktular. Daha iki \u00fc\u00e7 g\u00fcn \u00f6nce, bir i\u015f adam\u0131 &#8216;CHP b\u00fcy\u00fck ihtimalle birinci parti olacak&#8217; dedi\u011fi i\u00e7in neredeyse lin\u00e7 edilecekti. &#8216;Vay efendim sen bunu nas\u0131l s\u00f6ylersin&#8217;. S\u00f6ylerim, vatanda\u015f de\u011fil miyim? Bunu s\u00f6yledi diye adam\u0131 iflas m\u0131 ettirmek gerekiyor? Bak\u0131n\u0131z bir de uluslararas\u0131 bir dergi, &#8216;Oylar\u0131n\u0131z\u0131 CHP&#8217;ye verin&#8217; diye yaz\u0131 yazm\u0131\u015f. &#8216;Vay efendim CHP uluslararas\u0131 \u00e7etelerle i\u015fbirli\u011fi yap\u0131yor&#8217;. Ben, The Economist dergisini ve sahiplerini tan\u0131mam. Ama, biz demokrasiyi \u00f6zg\u00fcrl\u00fckleri ve bat\u0131 standartlar\u0131nda insan haklar\u0131n\u0131, kad\u0131n erkek e\u015fitli\u011fini savunuyoruz. Herkes okusun, \u00e7ocuklar yata\u011fa a\u00e7 girmesin istiyoruz. Bat\u0131 da bunu anl\u0131yor bunun ne anlama geldi\u011fini, ama bizimkiler anlam\u0131yor.&#8221;<\/p>\n<p style=\"text-align: justify;\"><strong>&#8220;BEN KORKULACAK ADAM DE\u011e\u0130L\u0130M&#8221;<\/strong><\/p>\n<p style=\"text-align: justify;\">Gazetecilerin sorular\u0131n\u0131 da yan\u0131tlayan K\u0131l\u0131\u00e7daro\u011flu, bir gazetecinin Ba\u015fbakan Erdo\u011fan&#8217;\u0131n, &#8221;CHP yeniden dizayn edildi. \u00c7etelere avukatl\u0131k eden CHP&#8217;yi \u00e7etelere kol kanat geren CHP&#8217;ye d\u00f6n\u00fc\u015ft\u00fcrd\u00fcler&#8221; \u015feklindeki s\u00f6zlerini hat\u0131rlatmas\u0131 \u00fczerine &#8221;Aynaya bakarak konu\u015fmu\u015f herhalde&#8221; diye konu\u015ftu.<\/p>\n<p style=\"text-align: justify;\">K\u0131l\u0131\u00e7daro\u011flu, &#8221;Ba\u015fbakan sizin CHP&#8217;nin ba\u015f\u0131na gelen en b\u00fcy\u00fck talihsizlik oldu\u011funuzu, ayak \u00fcst\u00fc on yalan\u0131 arka arkaya s\u0131ralad\u0131\u011f\u0131n\u0131z\u0131 s\u00f6yl\u00fcyor, bu konuda neler s\u00f6yleyeceksiniz?&#8221; sorusu \u00fczerine de \u015funlar\u0131 kaydetti:<\/p>\n<p style=\"text-align: justify;\">&#8221;Yine aynaya bakarak konu\u015fmu\u015f herhalde. E\u011fer y\u00fcre\u011fi varsa, cesareti varsa, onun istedi\u011fi televizyon kanal\u0131nda kar\u015f\u0131ma \u00e7\u0131kar, bu laflar\u0131 bana s\u00f6yler yan\u0131t\u0131n\u0131 al\u0131r. Korkuyor. Ben korkulacak adam de\u011filim. Sakin bir insan\u0131m. Niye benden korkuyor? \u00c7\u0131ks\u0131n televizyona cesareti varsa, y\u00fcre\u011fi varsa, onuru varsa. Demokrasilerde siyasal parti liderleri biraraya gelirler, tart\u0131\u015f\u0131rlar, vatanda\u015f da evinde oturur, bakar kim do\u011fruyu s\u00f6yl\u00fcyor, kim do\u011fruyu s\u00f6ylemiyor. Ama kendisi maskesi inece\u011fi i\u00e7in korkudan kar\u015f\u0131ma \u00e7\u0131kmaya cesaret edemiyor. Ama ezberini bozaca\u011f\u0131m.&#8221;<\/p>\n<p style=\"text-align: justify;\"><strong>&#8220;AKP M\u0130LLETVEK\u0130LLER\u0130N\u0130 O GEM\u0130YE B\u0130ND\u0130RMED\u0130 \u00c7\u00dcNK\u00dc&#8230;&#8221;<\/strong><\/p>\n<p style=\"text-align: justify;\">K\u0131l\u0131\u00e7daro\u011flu, &#8221;Ba\u015fbakan sizin i\u00e7in cesareti varsa \u0130srail&#8217;e yaltaklanmak yerine Akdeniz&#8217;deki korsanl\u0131\u011f\u0131 ele\u015ftirsin&#8221; s\u00f6zlerinin hat\u0131rlat\u0131lmas\u0131 \u00fczerine \u015f\u00f6yle konu\u015ftu:<\/p>\n<p style=\"text-align: justify;\">&#8221;Bizim 49 y\u0131ll\u0131\u011f\u0131na may\u0131ndan ar\u0131nd\u0131r\u0131lacak arazilerin \u0130srail&#8217;e verilmesini kim teklif etti? Parlamentoda Erdo\u011fan. Yahudi \u00fcst\u00fcn cesaret \u00f6d\u00fcl\u00fcn\u00fc kim ald\u0131? Erdo\u011fan.  Mavi Marmara gemisine AKP milletvekilleri binecekti, binmelerine kim engel oldu? Erdo\u011fan. Vatanda\u015f\u0131n \u00e7ocu\u011fu gidip hayat\u0131n\u0131 kaybederken &#8216;milletvekillerinin can\u0131 tatl\u0131d\u0131r&#8217; deyip onlar\u0131 Ankara&#8217;da, \u0130stanbul&#8217;da tutan Erdo\u011fan. Peki bunlarla ilgili su\u00e7 duyurusunda bulunuldu, Adalet Bakanl\u0131\u011f\u0131n\u0131n soru\u015fturma i\u00e7in izin vermesi laz\u0131m. Niye izin verilmiyor? Tarihini sordular Erdo\u011fan&#8217;a, sen izin verdin mi vermedin mi? \u0130srail ile ilgili soru\u015fturma yap\u0131lacakt\u0131 niye izin verilmiyor? Bunu yapmayan da Erdo\u011fan.&#8221;<\/p>\n<p style=\"text-align: justify;\"><strong>&#8220;O BAKANINI \u0130SRA\u0130L&#8217;E G\u00d6NDERD\u0130&#8221;<\/strong><\/p>\n<p style=\"text-align: justify;\">&#8220;Ayr\u0131ca Erdo\u011fan bir bakan\u0131n\u0131 g\u00f6nderdi \u0130srail&#8217;e, kendisine yak\u0131n bir i\u015f adam\u0131na ihale verilmesi i\u00e7in. Onu yapan da Erdo\u011fan. Gelsin kar\u015f\u0131ma ona daha \u00e7ok s\u00fcrprizlerim olacak. \u0130srail&#8217;e kim yaltaklan\u0131yor, kim yaltaklanm\u0131yor ben ona g\u00f6sterece\u011fim. Kendi bakan\u0131n\u0131 g\u00f6nderip Avrupa&#8217;da \u0130srail&#8217;e kulis yapt\u0131r\u0131p, \u0130srailli bakanlarla nas\u0131l bar\u0131\u015fabiliriz diye yollar arayan kim? Yine Erdo\u011fan.  Erdo\u011fan, s\u0131n\u0131fta kalm\u0131\u015ft\u0131r.  Erdo\u011fan, halk\u0131na do\u011frular\u0131 s\u00f6ylememektedir.&#8221;<\/p>\n<p style=\"text-align: justify;\">K\u0131l\u0131\u00e7daro\u011flu, hi\u00e7bir yerde hi\u00e7bir zaman hi\u00e7 kimseden emir almad\u0131\u011f\u0131n\u0131, hi\u00e7 kimseden talimat almad\u0131\u011f\u0131n\u0131, hi\u00e7 kimsenin \u00f6n\u00fcnde e\u011filip b\u00fck\u00fclmedi\u011fini belirterek, &#8221;O Erdo\u011fan&#8217;a \u00f6zg\u00fc ko\u015fullard\u0131r. Ben \u00f6yle de\u011filim. Ben talimat alacaksam sadece halk\u0131mdan al\u0131r\u0131m&#8221; dedi.<\/p>\n<p style=\"text-align: justify;\"><strong>&#8220;OKUDU\u011eUNU ANLAMAYAN TEK K\u0130\u015e\u0130 ERDO\u011eAN&#8217;DIR&#8221;<\/strong><\/p>\n<p style=\"text-align: justify;\">Bir gazetecinin, &#8221;Ba\u015fbakan, CHP&#8217;nin yanda\u015f diye tabir etti\u011fi yazarlar\u0131 sizin arkan\u0131z\u0131 toplamaktan yoruldu\u011funu iddia ediyor. Nas\u0131l de\u011ferlendiriyorsunuz?&#8221; sorusuna K\u0131l\u0131\u00e7daro\u011flu, &#8221;Vallahi benim yanda\u015f yazar\u0131m yok. Ama yanda\u015f derseniz gazeteleri ve televizyonlar\u0131 Erdo\u011fan&#8217;\u0131n tonla var. Ayr\u0131ca bunu s\u00f6ylerken isimlerini verirse memnun olurum. Biz de yanda\u015f gazeteci arkada\u015flar\u0131m\u0131z\u0131 tan\u0131m\u0131\u015f oluruz&#8221; yan\u0131t\u0131n\u0131 verdi.<\/p>\n<p style=\"text-align: justify;\">K\u0131l\u0131\u00e7daro\u011flu, &#8221;Ba\u015fbakan  Erdo\u011fan, \u015fu andaki anayasan\u0131n dilini anlamad\u0131\u011f\u0131n\u0131, terc\u00fcman gerekti\u011fini, terc\u00fcmans\u0131z bir anayasaya ihtiya\u00e7 oldu\u011funu belirtiyor. Ne dersiniz?&#8221; sorusu \u00fczerine, &#8221;Okudu\u011funu anlamayan tek ki\u015fi sadece Erdo\u011fan&#8217;d\u0131r. Onun d\u0131\u015f\u0131nda herkes okudu\u011funu anl\u0131yor&#8221; dedi.<\/p>\n<p style=\"text-align: justify;\"><strong>&#8221;AKKUYU&#8217;DA N\u00dcKLEER SANTRAL \u0130STEM\u0130YORSANIZ SANDI\u011eA G\u0130D\u0130N&#8221;<\/strong><\/p>\n<p style=\"text-align: justify;\">K\u0131l\u0131\u00e7daro\u011flu, daha sonra trakt\u00f6r \u00fczerinde geldi\u011fi An\u0131t Meydan\u0131&#8217;nda, se\u00e7im otob\u00fcs\u00fcn\u00fcn \u00fczerinden halka hitap etti.<\/p>\n<p style=\"text-align: justify;\">K\u0131l\u0131\u00e7daro\u011flu, Erdo\u011fan&#8217;\u0131n Karab\u00fck&#8217;teki konu\u015fmas\u0131n\u0131 an\u0131msatarak, &#8221;Erdo\u011fan gitmi\u015f Karab\u00fck&#8217;e&#8230; Karab\u00fck Demir \u00c7elik Fabrikas\u0131n\u0131 CHP kurdu biliyorsunuz, onlar satt\u0131, i\u015f\u00e7ileri att\u0131lar. Size s\u00f6z\u00fcm var, aht\u0131m var, sizin i\u00e7in \u00e7al\u0131\u015faca\u011f\u0131m, sizin i\u00e7in \u00fcretece\u011fim. Bir de\u011fil \u00fc\u00e7 Bakanlar Kurulu \u00e7\u0131karacak g\u00fcc\u00fcm\u00fcz ve kadromuz var. Yetki verin, bak\u0131n bakal\u0131m bu \u00fclke nas\u0131l y\u00f6netiliyormu\u015f&#8221; dedi.<\/p>\n<p style=\"text-align: justify;\">Mersin&#8217;in G\u00fclnar il\u00e7esine ba\u011fl\u0131 B\u00fcy\u00fckeceli beldesinde kurulacak Akkuyu n\u00fckleer santral\u0131na da dikkati \u00e7eken K\u0131l\u0131\u00e7daro\u011flu, &#8221;Akkuyu&#8217;da n\u00fckleer santral istemiyorsan\u0131z, 12 Haziran&#8217;da sand\u0131\u011fa gidip alt\u0131 okun alt\u0131na evet m\u00fchr\u00fcn\u00fc basacaks\u0131n\u0131z, n\u00fckleer santral tarihe kar\u0131\u015facak. N\u00fckleer santral\u0131 Almanya, Fransa, pek \u00e7ok \u00fclke g\u00f6zden ge\u00e7iriyor Japonya&#8217;daki felaketten sonra. Denizin ye\u015fillikle bulu\u015ftu\u011fu bu g\u00fczel co\u011frafyada n\u00fckleer santral\u0131n ne i\u015fi var? Birileri k\u00f6\u015feyi d\u00f6ns\u00fcn diye, birilerine para aktars\u0131nlar cebini zengin edelim diye yapmak istiyorlar. Bizim iktidar\u0131m\u0131zda, halk\u0131n iktidar\u0131nda biz, cebimizi de\u011fil halk\u0131n cebini d\u00fc\u015f\u00fcnece\u011fiz, halk zenginle\u015fecek&#8221; diye konu\u015ftu.<\/p>\n<p style=\"text-align: justify;\">Kemal K\u0131l\u0131\u00e7daro\u011flu, kendisini dinleyenlerden birinin ta\u015f\u0131d\u0131\u011f\u0131 &#8221;Silifke&#8217;nin yo\u011furdu ah Recep seni ABD mi do\u011furdu&#8221; \u015feklindeki yaz\u0131y\u0131 okuyarak, &#8221;Bunlar ABD&#8217;den icazet ald\u0131lar, \u00f6yle geldiler&#8221; dedi.<\/p>\n<p style=\"text-align: justify;\">K\u0131l\u0131\u00e7daro\u011flu, milletvekili adaylar\u0131n\u0131 yan\u0131na \u00e7a\u011f\u0131rarak, &#8221;Onlar\u0131 size emanet ediyorum&#8221; diyerek, miting alan\u0131ndan ayr\u0131ld\u0131.<\/p>\n<p style=\"text-align: justify;\"><a href=\"http:\/\/www.gazeteport.com.tr\/haber\/36139\/kilicdaroglundan_onemli_iddia\" target=\"_blank\">Kaynak : GAZETEPORT<\/a><\/p>\n","protected":false},"excerpt":{"rendered":"<p style=\"text-align: center;\">\n<p style=\"text-align: justify;\">CHP lideri K\u0131l\u0131\u00e7daro\u011flu, Ba\u015fbakan Erdo\u011fan&#8217;\u0131n kendisine yak\u0131n bir i\u015f adam\u0131na ihale verilmesi i\u00e7in bir bakan\u0131n\u0131 \u0130srail&#8217;e g\u00f6nderdi\u011fini iddia ederek, &#8220;Gelsin kar\u015f\u0131ma ona daha \u00e7ok s\u00fcrprizlerim olacak. \u0130srail&#8217;e kim yaltaklan\u0131yor, kim yaltaklanm\u0131yor ben ona g\u00f6sterece\u011fim&#8221; dedi.<\/p>\n","protected":false},"author":1,"featured_media":0,"comment_status":"open","ping_status":"closed","sticky":false,"template":"","format":"standard","meta":{"footnotes":""},"categories":[105],"tags":[],"class_list":["post-34114","post","type-post","status-publish","format-standard","hentry","category-gundem","odd"],"_links":{"self":[{"href":"http:\/\/www.korhanyilmaz.com\/index.php?rest_route=\/wp\/v2\/posts\/34114","targetHints":{"allow":["GET"]}}],"collection":[{"href":"http:\/\/www.korhanyilmaz.com\/index.php?rest_route=\/wp\/v2\/posts"}],"about":[{"href":"http:\/\/www.korhanyilmaz.com\/index.php?rest_route=\/wp\/v2\/types\/post"}],"author":[{"embeddable":true,"href":"http:\/\/www.korhanyilmaz.com\/index.php?rest_route=\/wp\/v2\/users\/1"}],"replies":[{"embeddable":true,"href":"http:\/\/www.korhanyilmaz.com\/index.php?rest_route=%2Fwp%2Fv2%2Fcomments&post=34114"}],"version-history":[{"count":0,"href":"http:\/\/www.korhanyilmaz.com\/index.php?rest_route=\/wp\/v2\/posts\/34114\/revisions"}],"wp:attachment":[{"href":"http:\/\/www.korhanyilmaz.com\/index.php?rest_route=%2Fwp%2Fv2%2Fmedia&parent=34114"}],"wp:term":[{"taxonomy":"category","embeddable":true,"href":"http:\/\/www.korhanyilmaz.com\/index.php?rest_route=%2Fwp%2Fv2%2Fcategories&post=34114"},{"taxonomy":"post_tag","embeddable":true,"href":"http:\/\/www.korhanyilmaz.com\/index.php?rest_route=%2Fwp%2Fv2%2Ftags&post=34114"}],"curies":[{"name":"wp","href":"https:\/\/api.w.org\/{rel}","templated":true}]}}