{"id":34102,"date":"2011-06-05T22:30:19","date_gmt":"2011-06-05T19:30:19","guid":{"rendered":"http:\/\/www.korhanyilmaz.com\/?p=34102"},"modified":"2011-06-05T22:30:19","modified_gmt":"2011-06-05T19:30:19","slug":"basbakanin-restine-yanit","status":"publish","type":"post","link":"http:\/\/www.korhanyilmaz.com\/?p=34102","title":{"rendered":"Ba\u015fbakan&#8217;\u0131n restine yan\u0131t"},"content":{"rendered":"<p style=\"text-align: center;\"><a rel=\"attachment wp-att-34103\" href=\"http:\/\/www.korhanyilmaz.com\/?attachment_id=34103\"><img loading=\"lazy\" decoding=\"async\" class=\"aligncenter size-full wp-image-34103\" src=\"http:\/\/www.korhanyilmaz.com\/wp-content\/uploads\/2011\/06\/015.jpg\" alt=\"\" width=\"462\" height=\"210\" \/ class=\"lightview\"><\/a><\/p>\n<p style=\"text-align: justify;\">\u0130ZM\u0130R &#8211; \u0130zmir B\u00fcy\u00fck\u015fehir Belediye Ba\u015fkan\u0131 Aziz Kocao\u011flu, Ba\u015fbakan Recep Tayyip Erdo\u011fan&#8217;\u0131n \u0130zmir mitinginde s\u00f6yledi\u011fi &#8220;Tayyip Erdo\u011fan hi\u00e7bir belediyeye adaletsizlik yapmam\u0131\u015ft\u0131r. \u0130spat etsinler, ben bu g\u00f6revi b\u0131rak\u0131r\u0131m&#8221; s\u00f6zleri i\u00e7in &#8220;Herhalde Say\u0131n Ba\u015fbakan, \u0130zmir&#8217;e yap\u0131lan engellemeler konusunda bilgi sahibi de\u011fil. Yoksa bu kadar iddial\u0131 konu\u015fmazd\u0131&#8221; dedi. Ba\u015fbakan&#8217;\u0131n yerel y\u00f6netim ve hizmetlerle ilgili ele\u015ftirilerine de yan\u0131t verdi.<!--more--><\/p>\n<p style=\"text-align: justify;\">Ba\u015fbakan Erdo\u011fan&#8217;\u0131n, \u0130zmir&#8217;de G\u00fcndo\u011fdu Meydan\u0131&#8217;nda d\u00fcn yapt\u0131\u011f\u0131 mitingteki konu\u015fmas\u0131nda \u00e7eli\u015fkiler oldu\u011funu belirten Belediye Ba\u015fkan\u0131 Aziz Kocao\u011flu, bir taraftan &#8220;Mevlana&#8217;n\u0131n ho\u015fg\u00f6r\u00fcs\u00fcnden&#8221; s\u00f6z eden Erdo\u011fan&#8217;\u0131n, di\u011fer taraftan \u0130zmir&#8217;deki yerel y\u00f6netimin bir ba\u015fka siyasi partiye mensup belediye ba\u015fkan\u0131 taraf\u0131ndan y\u00f6netilmesini &#8220;K\u00f6r bir ideoloji \u0130zmir&#8217;i esir alm\u0131\u015f durumda&#8221; olarak tan\u0131mlad\u0131\u011f\u0131na dikkat \u00e7ekti. Ba\u015fbakan&#8217;\u0131n &#8220;yalanc\u0131l\u0131k ve nank\u00f6rl\u00fck&#8221; ithamlar\u0131 kar\u015f\u0131s\u0131nda sessiz kalamayaca\u011f\u0131n\u0131 s\u00f6yleyen Kocao\u011flu, \u015f\u00f6yle dedi:<\/p>\n<p style=\"text-align: justify;\">&#8220;Say\u0131n Ba\u015fbakan, 2009 yerel se\u00e7imi \u00f6ncesinde \u0130zmir B\u00fcy\u00fck\u015fehir Belediyesi hakk\u0131nda a\u011f\u0131r ithamlarda bulunmu\u015ftu. Ancak biz,  &#8216;Yerel se\u00e7im s\u00fcrecidir, yerelde s\u00f6z s\u00f6ylemesi gerekebilir&#8217; d\u00fc\u015f\u00fcncesiyle cevap vermemi\u015ftik. Bug\u00fcn ise genel se\u00e7im s\u00fcrecindeyiz. Ben B\u00fcy\u00fck\u015fehir Belediyesi&#8217;nin genel siyaseti d\u0131\u015f\u0131nda tutulmas\u0131n\u0131n do\u011fru olaca\u011f\u0131 ve bu se\u00e7imlerde genel politikalar\u0131n konu\u015fulmas\u0131 gerekti\u011fi konusunda defalarca a\u00e7\u0131klamalar yapt\u0131m. Ama \u00fcz\u00fclerek ifade etmeliyim ki, \u0130zmir&#8217;de genel se\u00e7im, B\u00fcy\u00fck\u015fehir Belediyesi \u00fczerinden yap\u0131l\u0131yor. Bunun en son ve en somut \u00f6rne\u011fi, Say\u0131n Ba\u015fbakan&#8217;\u0131n \u0130zmir mitingindeki s\u00f6zleridir. O nedenle, B\u00fcy\u00fck\u015fehir Belediyesi&#8217;ne y\u00f6nelik haks\u0131z su\u00e7lamalara sat\u0131r ba\u015flar\u0131yla da olsa yan\u0131t vermek, bizim a\u00e7\u0131m\u0131zdan bir zorunluluk olmu\u015ftur.&#8221;<\/p>\n<p style=\"text-align: justify;\">Ba\u015fbakan&#8217;\u0131n miting konu\u015fmas\u0131nda s\u00f6yledi\u011fi, &#8220;Tayyip Erdo\u011fan hi\u00e7bir belediyeye adaletsizlik yapmam\u0131\u015ft\u0131r. \u0130spat etsinler, ben bu g\u00f6revi b\u0131rak\u0131r\u0131m&#8221; s\u00f6zlerini hat\u0131rlatan Kocao\u011flu, \u015funlar\u0131 s\u00f6yledi:<\/p>\n<p style=\"text-align: justify;\">&#8220;\u00d6yleyse ben de s\u00f6yl\u00fcyorum: 2009 y\u0131l\u0131nda Bakanlar Kurulu Karar\u0131, sadece \u0130zmir i\u00e7in farkl\u0131 yorumlanarak bizden Hazine bor\u00e7lar\u0131m\u0131za kar\u015f\u0131l\u0131k 63 milyon lira fazla para kesildi. Konuyu Maliye Bakanl\u0131\u011f\u0131 b\u00fcnyesinde d\u00fczeltmek i\u00e7in \u00e7ok u\u011fra\u015ft\u0131k. 5.5 milyon liral\u0131k b\u00f6l\u00fcm\u00fcne dava a\u00e7\u0131p kazand\u0131k. Emsal karar olu\u015ftu. Ancak geriye kalan 56.5 milyon liram\u0131z\u0131 zaman a\u015f\u0131m\u0131ndan dolay\u0131 \u00f6demediler. Hazine&#8217;nin mahalli idarelerden alaca\u011f\u0131 paran\u0131n sadece y\u00fczde 2&#8217;si \u0130zmir B\u00fcy\u00fck\u015fehir Belediyesi&#8217;ne aitken, tahsilat\u0131n y\u00fczde 56&#8217;s\u0131 \u0130zmir&#8217;den yap\u0131ld\u0131. Nisan 2011 sonu itibariyle Ankara B\u00fcy\u00fck\u015fehir Belediyesi&#8217;nin toplam 2 milyar 541 milyon TL borcuna kar\u015f\u0131l\u0131k sadece 23 milyon TL kesilirken, \u0130zmir B\u00fcy\u00fck\u015fehir Belediyesi&#8217;nin 312 milyon TL borcuna kar\u015f\u0131l\u0131k ise tam 86.6 milyon TL tahsilat yap\u0131ld\u0131. Hazine&#8217;nin kesinti oranlar\u0131yla ilgili \u00f6rneklerimizi \u00e7o\u011faltabiliriz.&#8221;<\/p>\n<p style=\"text-align: justify;\"><strong>&#8220;\u0130ZM\u0130R&#8217;E BA\u015eKA ANKARA&#8217;YA BA\u015eKA&#8221; <\/strong><\/p>\n<p style=\"text-align: justify;\">Devlet Su \u0130\u015fleri (DS\u0130) bug\u00fcne kadarki \u00f6rneklerde kendi konusundaki t\u00fcm projeleri \u00fcstlenip tamamlad\u0131ktan sonra belediyelere devrederken, G\u00f6rdes Baraj\u0131&#8217;ndan \u0130zmir&#8217;e gelecek suyun ar\u0131tmalar\u0131n\u0131n \u0130zmir B\u00fcy\u00fck\u015fehir Belediyesi taraf\u0131ndan yap\u0131lmas\u0131 i\u00e7in protokol imzalad\u0131\u011f\u0131n\u0131 da anlatan Kocao\u011flu, &#8220;\u015eimdi soruyoruz: Ayn\u0131 d\u00f6nemde Ankara&#8217;ya K\u0131z\u0131l\u0131rmak&#8217;tan getirilen suyun bedelini kim \u00f6demi\u015ftir? Milli Emlak Genel M\u00fcd\u00fcrl\u00fc\u011f\u00fc&#8217;nden Belediye Hizmet Alan\u0131 imarl\u0131 arazileri para kar\u015f\u0131l\u0131\u011f\u0131 sat\u0131n almak zorunda kalan ba\u015fka bir belediye var m\u0131d\u0131r? Kadifekale Kentsel D\u00f6n\u00fc\u015f\u00fcm Projesi&#8217;nde i\u015fbirli\u011fi yapt\u0131\u011f\u0131m\u0131z TOK\u0130, aram\u0131zdaki protokole ra\u011fmen, yapt\u0131\u011f\u0131 binalar\u0131 bize satm\u0131\u015ft\u0131r. Heyelan b\u00f6lgesinin bo\u015falt\u0131lmas\u0131 projesini de bu y\u00fczden sadece \u0130zmir B\u00fcy\u00fck\u015fehir Belediyesi y\u00fcr\u00fctmektedir. Bu i\u015fin maliyeti \u015fu anda 175 milyon lirad\u0131r. H\u00fck\u00fcmetin ve TOK\u0130&#8217;nin maalesef bu projede bir kuru\u015f paras\u0131 yoktur. `Pis koktu\u011fu&#8217; s\u00f6ylenen \u0130zmir, \u015fu anda t\u00fcm T\u00fcrkiye&#8217;deki ileri biyolojik ar\u0131tma kapasitesinin y\u00fczde 38&#8217;ini tek ba\u015f\u0131na kar\u015f\u0131lamaktad\u0131r. \u015eimdi \u0130zmir B\u00fcy\u00fck\u015fehir Belediyesi, \u0130zmir K\u00f6rfezi&#8217;ni y\u00fcz\u00fclebilir hale getirmek i\u00e7in B\u00fcy\u00fck K\u00f6rfez Projesi&#8217;ni ba\u015flatmaktad\u0131r.&#8221;<\/p>\n<p style=\"text-align: justify;\"><strong>&#8220;A\u00c7IKLAMAYI \u0130STEMEDEN YAPTIM AF D\u0130L\u0130YORUM&#8221; <\/strong><\/p>\n<p style=\"text-align: justify;\">Aziz Kocao\u011flu yaz\u0131l\u0131 a\u00e7\u0131klamas\u0131n\u0131n devam\u0131nda Ba\u015fbakan Erdo\u011fan&#8217;\u0131n kendilerini yalanc\u0131l\u0131k ve nank\u00f6rl\u00fckle su\u00e7lad\u0131\u011f\u0131 i\u00e7in yan\u0131t vermek zorunda kald\u0131\u011f\u0131n\u0131 anlat\u0131rken, \u015f\u00f6yle devam etti:<\/p>\n<p style=\"text-align: justify;\">&#8220;Ama d\u00fcr\u00fcstl\u00fck ve vefa duygusu gibi bizi biz yapan, ki\u015fili\u011fimizi olu\u015fturan de\u011ferlerimize sald\u0131r\u0131lmas\u0131, bu a\u00e7\u0131klamam\u0131z\u0131 zorunlu hale getirdi. Biz biliyoruz ki, \u0130zmirli hem\u015fehrilerimiz, hangi siyasi g\u00f6r\u00fc\u015ften, hangi d\u00fc\u015f\u00fcnceden, hangi inan\u00e7tan olursa olsun, bizim d\u00fcr\u00fcstl\u00fc\u011f\u00fcm\u00fcze olan inan\u00e7lar\u0131n\u0131 g\u00fc\u00e7lendirerek s\u00fcrd\u00fcr\u00fcyor. 7 senedir sadece \u0130zmir ve \u0130zmirliler i\u00e7in yapt\u0131\u011f\u0131m\u0131z \u00f6zverili duru\u015f ve \u00e7al\u0131\u015fmalar\u0131 \u00e7ok iyi biliyorlar. Biz kendimizi 4 milyon \u0130zmirli hem\u015fehrimizin g\u00f6nl\u00fcne emanet ettik. Onlara hizmetten ba\u015fka da bir amac\u0131m\u0131z olamaz. \u0130stemeden yapt\u0131\u011f\u0131m bu a\u00e7\u0131klama i\u00e7in \u0130zmirli hem\u015fehrilerimin aff\u0131n\u0131 diliyorum.&#8221; (DHA)<\/p>\n<p style=\"text-align: justify;\"><a href=\"http:\/\/www.gazeteport.com.tr\/haber\/36020\/basbakanin_restine_belgeli_yanit\" target=\"_blank\">Kaynak : GAZETEPORT<\/a><\/p>\n","protected":false},"excerpt":{"rendered":"<p style=\"text-align: center;\">\n<p style=\"text-align: justify;\">\u0130ZM\u0130R &#8211; \u0130zmir B\u00fcy\u00fck\u015fehir Belediye Ba\u015fkan\u0131 Aziz Kocao\u011flu, Ba\u015fbakan Recep Tayyip Erdo\u011fan&#8217;\u0131n \u0130zmir mitinginde s\u00f6yledi\u011fi &#8220;Tayyip Erdo\u011fan hi\u00e7bir belediyeye adaletsizlik yapmam\u0131\u015ft\u0131r. \u0130spat etsinler, ben bu g\u00f6revi b\u0131rak\u0131r\u0131m&#8221; s\u00f6zleri i\u00e7in &#8220;Herhalde Say\u0131n Ba\u015fbakan, \u0130zmir&#8217;e yap\u0131lan engellemeler konusunda bilgi sahibi de\u011fil. Yoksa bu kadar iddial\u0131 konu\u015fmazd\u0131&#8221; dedi. Ba\u015fbakan&#8217;\u0131n yerel y\u00f6netim ve hizmetlerle <\/p>\n","protected":false},"author":1,"featured_media":0,"comment_status":"open","ping_status":"closed","sticky":false,"template":"","format":"standard","meta":{"footnotes":""},"categories":[105],"tags":[],"class_list":["post-34102","post","type-post","status-publish","format-standard","hentry","category-gundem","odd"],"_links":{"self":[{"href":"http:\/\/www.korhanyilmaz.com\/index.php?rest_route=\/wp\/v2\/posts\/34102","targetHints":{"allow":["GET"]}}],"collection":[{"href":"http:\/\/www.korhanyilmaz.com\/index.php?rest_route=\/wp\/v2\/posts"}],"about":[{"href":"http:\/\/www.korhanyilmaz.com\/index.php?rest_route=\/wp\/v2\/types\/post"}],"author":[{"embeddable":true,"href":"http:\/\/www.korhanyilmaz.com\/index.php?rest_route=\/wp\/v2\/users\/1"}],"replies":[{"embeddable":true,"href":"http:\/\/www.korhanyilmaz.com\/index.php?rest_route=%2Fwp%2Fv2%2Fcomments&post=34102"}],"version-history":[{"count":0,"href":"http:\/\/www.korhanyilmaz.com\/index.php?rest_route=\/wp\/v2\/posts\/34102\/revisions"}],"wp:attachment":[{"href":"http:\/\/www.korhanyilmaz.com\/index.php?rest_route=%2Fwp%2Fv2%2Fmedia&parent=34102"}],"wp:term":[{"taxonomy":"category","embeddable":true,"href":"http:\/\/www.korhanyilmaz.com\/index.php?rest_route=%2Fwp%2Fv2%2Fcategories&post=34102"},{"taxonomy":"post_tag","embeddable":true,"href":"http:\/\/www.korhanyilmaz.com\/index.php?rest_route=%2Fwp%2Fv2%2Ftags&post=34102"}],"curies":[{"name":"wp","href":"https:\/\/api.w.org\/{rel}","templated":true}]}}