{"id":34093,"date":"2011-06-06T00:10:15","date_gmt":"2011-06-05T21:10:15","guid":{"rendered":"http:\/\/www.korhanyilmaz.com\/?p=34093"},"modified":"2011-06-06T00:10:15","modified_gmt":"2011-06-05T21:10:15","slug":"farac-ve-arseven-birbirine-girdi","status":"publish","type":"post","link":"http:\/\/www.korhanyilmaz.com\/?p=34093","title":{"rendered":"Fara\u00e7 ve Arseven birbirine girdi"},"content":{"rendered":"<p style=\"text-align: center;\"><a rel=\"attachment wp-att-34094\" href=\"http:\/\/www.korhanyilmaz.com\/?attachment_id=34094\"><img loading=\"lazy\" decoding=\"async\" class=\"aligncenter size-full wp-image-34094\" src=\"http:\/\/www.korhanyilmaz.com\/wp-content\/uploads\/2011\/06\/014.jpg\" alt=\"\" width=\"364\" height=\"187\" \/ class=\"lightview\"><\/a><\/p>\n<p style=\"text-align: justify;\">Beyaz TV&#8217;deki Y\u00fcksek Gerilim program\u0131 sert tart\u0131\u015fmalara sahne oldu. Mehmet Fara\u00e7 ve Serdar Arseven birbirlerine adeta k\u00fcf\u00fcrler ya\u011fd\u0131rd\u0131. Fara\u00e7, Arseven&#8217;in \u00fczerine y\u00fcr\u00fcd\u00fc. <!--more--><\/p>\n<p style=\"text-align: justify;\">Beyaz TV&#8217;de d\u00fcn gece yay\u0131nlanan Y\u00fcksek Gerilim program\u0131nda Mehmet Fara\u00e7 ve Serdar Arseven birbirlerine adeta k\u00fcf\u00fcrler ya\u011fd\u0131rd\u0131.<\/p>\n<p style=\"text-align: justify;\">Faruk Mang\u0131rc\u0131&#8217;n\u0131n sundu\u011fu MHP Ankara Milletvekili Aday\u0131 \u00d6zcan Yeni\u00e7eri, Ayd\u0131nl\u0131k Gazetesi yazar\u0131 Mehmet Fara\u00e7 ve Akit Gazetesi yazar\u0131 Serdar Arseven&#8217;in kat\u0131ld\u0131\u011f\u0131 programda tansiyon hayli y\u00fckseldi.<\/p>\n<p style=\"text-align: justify;\">Gazeteci Serdar Arseven&#8217;in &#8220;d\u00fczg\u00fcn bir insan CHP&#8217;ye oy vermez, CHP&#8217;liler darbecidir&#8221; demesi \u00fczerine st\u00fcdyoda gergin anlar ya\u015fand\u0131. Arseven&#8217;in &#8216;kudurma lan&#8217; diyen Fara\u00e7&#8217;a &#8220;k\u00f6pek&#8221; demesi ise adeta fitili ate\u015fledi.<\/p>\n<p style=\"text-align: justify;\">Sinirlenen Mehmet Fara\u00e7, Arseven&#8217;in \u00fczerine y\u00fcr\u00fcrken canl\u0131 yay\u0131nda al\u0131\u015f\u0131k olunmayan s\u00f6zler sarf etti.<\/p>\n<p style=\"text-align: justify;\">&#8220;As\u0131l AKP&#8217;darbeci, sen CHP&#8217;yi ele\u015ftiremezsin, senin CHP&#8217;yi ele\u015ftirmen i\u00e7in 1000 kitap okuman laz\u0131m&#8221;, diyen Fara\u00e7 canl\u0131 yay\u0131nda &#8220;k\u00f6pek o\u011flu k\u00f6pek, \u015ferefsiz&#8221; gibi izleyicileri \u015foke eden s\u00f6zler s\u00f6yledi.<\/p>\n<p style=\"text-align: justify;\">Program\u0131n moderat\u00f6r\u00fc Faruk Mang\u0131rc\u0131 ise bu tart\u0131\u015fman\u0131n \u00fczerine \u00e7areyi reklam aras\u0131na gitmekte buldu.<\/p>\n<p style=\"text-align: justify;\"><strong>SERDAR ARSEVEN PROGRAMI TERK ETT\u0130 <\/strong><\/p>\n<p style=\"text-align: justify;\">Reklamlar bitti\u011finde moderat\u00f6r Faruk Mang\u0131rc\u0131, gazeteci Serdar Arseven&#8217;in st\u00fcdyoyu terk etti\u011fini bildirirken, Mehmet Fara\u00e7 ise sarf etti\u011fi sert s\u00f6zlerden dolay\u0131 ekran ba\u015f\u0131ndakilerden \u00f6z\u00fcr diledi.<\/p>\n<p><a class=\"lightview\" title=\" :::: width:550, height:413\" rel=\"set[]\" href=\"\/swf\/flvplayer.swf?file=http:\/\/91.93.103.35\/starvideo\/2011\/06\/05\/2858\/video.flv&amp;skin=\/swf\/nacht.zip&amp;menu=false&amp;volume=45&amp;autostart=true&amp;volume=50&amp;controlbar=over&amp;stretching=exactfit\"><img decoding=\"async\" class=\"aligncenter\" src=\"http:\/\/korhanyilmaz.com\/wp-data\/images\/videoizle1.png\" alt=\"\" \/><\/a><\/p>\n<p style=\"text-align: justify;\"><a href=\"http:\/\/www.stargazete.com\/politika\/farac-ve-arseven-birbirine-girdi-haber-356657.htm\" target=\"_blank\">Kaynak : STAR<\/a><\/p>\n","protected":false},"excerpt":{"rendered":"<p style=\"text-align: center;\">\n<p style=\"text-align: justify;\">Beyaz TV&#8217;deki Y\u00fcksek Gerilim program\u0131 sert tart\u0131\u015fmalara sahne oldu. Mehmet Fara\u00e7 ve Serdar Arseven birbirlerine adeta k\u00fcf\u00fcrler ya\u011fd\u0131rd\u0131. Fara\u00e7, Arseven&#8217;in \u00fczerine y\u00fcr\u00fcd\u00fc. <\/p>\n","protected":false},"author":1,"featured_media":0,"comment_status":"open","ping_status":"closed","sticky":false,"template":"","format":"standard","meta":{"footnotes":""},"categories":[105],"tags":[],"class_list":["post-34093","post","type-post","status-publish","format-standard","hentry","category-gundem","odd"],"_links":{"self":[{"href":"http:\/\/www.korhanyilmaz.com\/index.php?rest_route=\/wp\/v2\/posts\/34093","targetHints":{"allow":["GET"]}}],"collection":[{"href":"http:\/\/www.korhanyilmaz.com\/index.php?rest_route=\/wp\/v2\/posts"}],"about":[{"href":"http:\/\/www.korhanyilmaz.com\/index.php?rest_route=\/wp\/v2\/types\/post"}],"author":[{"embeddable":true,"href":"http:\/\/www.korhanyilmaz.com\/index.php?rest_route=\/wp\/v2\/users\/1"}],"replies":[{"embeddable":true,"href":"http:\/\/www.korhanyilmaz.com\/index.php?rest_route=%2Fwp%2Fv2%2Fcomments&post=34093"}],"version-history":[{"count":0,"href":"http:\/\/www.korhanyilmaz.com\/index.php?rest_route=\/wp\/v2\/posts\/34093\/revisions"}],"wp:attachment":[{"href":"http:\/\/www.korhanyilmaz.com\/index.php?rest_route=%2Fwp%2Fv2%2Fmedia&parent=34093"}],"wp:term":[{"taxonomy":"category","embeddable":true,"href":"http:\/\/www.korhanyilmaz.com\/index.php?rest_route=%2Fwp%2Fv2%2Fcategories&post=34093"},{"taxonomy":"post_tag","embeddable":true,"href":"http:\/\/www.korhanyilmaz.com\/index.php?rest_route=%2Fwp%2Fv2%2Ftags&post=34093"}],"curies":[{"name":"wp","href":"https:\/\/api.w.org\/{rel}","templated":true}]}}