{"id":34088,"date":"2011-06-05T10:17:48","date_gmt":"2011-06-05T07:17:48","guid":{"rendered":"http:\/\/www.korhanyilmaz.com\/?p=34088"},"modified":"2011-06-05T10:17:48","modified_gmt":"2011-06-05T07:17:48","slug":"bdpyle-sozlesme-iddiasi-yargiya-gidiyor","status":"publish","type":"post","link":"http:\/\/www.korhanyilmaz.com\/?p=34088","title":{"rendered":"&#8216;BDP&#8217;yle s\u00f6zle\u015fme&#8217; iddias\u0131 yarg\u0131ya gidiyor"},"content":{"rendered":"<p style=\"text-align: center;\"><a href=\"http:\/\/www.korhanyilmaz.com\/wp-content\/uploads\/2011\/06\/013.jpg\"  class=\"lightview\"><img loading=\"lazy\" decoding=\"async\" class=\"aligncenter size-full wp-image-34089\" src=\"http:\/\/www.korhanyilmaz.com\/wp-content\/uploads\/2011\/06\/013.jpg\" alt=\"\" width=\"322\" height=\"241\" \/><\/a><\/p>\n<p style=\"text-align: justify;\">CHP Genel Ba\u015fkan\u0131 Kemal K\u0131l\u0131\u00e7daro\u011flu, Ba\u015fbakan Erdo\u011fan&#8217;\u0131n, &#8221;CHP ile BDP be\u015f maddelik bir s\u00f6zle\u015fme yapt\u0131&#8221; \u015feklinde iddialar\u0131n\u0131 yarg\u0131ya ta\u015f\u0131yaca\u011f\u0131n\u0131 a\u00e7\u0131klad\u0131.<\/p>\n<p style=\"text-align: justify;\">Ankara- K\u0131l\u0131\u00e7daro\u011flu, TRT 1 televizyonunda yay\u0131mlanan &#8221;Se\u00e7im \u00d6zel&#8221; program\u0131na kat\u0131ld\u0131. Programda K\u0131l\u0131\u00e7daro\u011flu&#8217;na, &#8221;Miting meydanlar\u0131nda dile getirip daha sonra, &#8216;ke\u015fke bu c\u00fcmleyi kullanmasayd\u0131m&#8217; dedi\u011finiz oluyor mu?&#8221; sorusu y\u00f6neltildi. <!--more--><\/p>\n<p style=\"text-align: justify;\">Mitinglerde yanl\u0131\u015f c\u00fcmle kulland\u0131\u011f\u0131n\u0131 sanmad\u0131\u011f\u0131n\u0131 ifade eden K\u0131l\u0131\u00e7daro\u011flu, Zonguldak&#8217;taki mitingde kullanmaktan vazge\u00e7ti\u011fi, yar\u0131m b\u0131rakt\u0131\u011f\u0131 ifadesinin bilin\u00e7li olarak yanl\u0131\u015f yorumland\u0131\u011f\u0131n\u0131 ifade ederek, &#8221;Sanki Ba\u015fbakan&#8217;\u0131n annesiyle ilgili bir \u015fey s\u00f6yl\u00fcyormu\u015fum gibi alg\u0131land\u0131. Ama niye \u00f6yle alg\u0131land\u0131 onu anlamakta zorland\u0131m&#8221; dedi.<\/p>\n<p style=\"text-align: justify;\">&#8221;27 Nisan 2007&#8217;de Genelkurmay Ba\u015fkanl\u0131\u011f\u0131&#8217;n\u0131n internet sitesinden a\u00e7\u0131klad\u0131\u011f\u0131 bildiriye ili\u015fkin soru\u015fturma a\u00e7\u0131lmas\u0131n\u0131 talep etti\u011fi, oysa d\u00f6nemin CHP y\u00f6neticilerinin farkl\u0131 \u015feyler s\u00f6yledi\u011finin&#8221; hat\u0131rlat\u0131lmas\u0131 \u00fczerine K\u0131l\u0131\u00e7daro\u011flu, &#8221;Genel Ba\u015fkan benim. Sonu\u00e7ta benim s\u00f6ylediklerim kurumsal olarak partiyi de ba\u011fl\u0131yor&#8221; de\u011ferlendirmesinde bulundu.<\/p>\n<p style=\"text-align: justify;\">K\u0131l\u0131\u00e7daro\u011flu&#8217;na, Ergenekon davas\u0131na ili\u015fkin d\u00fc\u015f\u00fcnceleri de soruldu. Hayatlar\u0131 boyunca yan yana gelmemi\u015f insanlar\u0131n bu davada birle\u015ftirildi\u011fini iddia eden K\u0131l\u0131\u00e7daro\u011flu, &#8221;Bir \u00e7ok a\u00e7\u0131dan ciddi sorunlar, kayg\u0131lar, ku\u015fkular var. Davan\u0131n kendi \u00f6z\u00fcnde de ciddi ku\u015fkular var&#8221; diye konu\u015ftu.<\/p>\n<p style=\"text-align: justify;\">K\u0131l\u0131\u00e7daro\u011flu, Ergenekon davas\u0131n\u0131n siyasi bir dava oldu\u011funu iddia ederek, bu davay\u0131 hukuk davas\u0131 olarak g\u00f6rmedi\u011fini anlatt\u0131.<\/p>\n<p style=\"text-align: justify;\">CHP iktidara geldi\u011finde bu davan\u0131n y\u00fcr\u00fctme aya\u011f\u0131n\u0131n durdurulup durdurulmayaca\u011f\u0131na ili\u015fkin soru \u00fczerine K\u0131l\u0131\u00e7daro\u011flu, devam eden bir yarg\u0131lamay\u0131 y\u00fcr\u00fctme organ\u0131n\u0131n durdurmas\u0131n\u0131n m\u00fcmk\u00fcn olmad\u0131\u011f\u0131n\u0131 s\u00f6yledi. K\u0131l\u0131\u00e7daro\u011flu, dava s\u00fcrecinde baz\u0131 \u00e7eli\u015fkiler oldu\u011funu iddia ederek, &#8221;Bu dava, hukukun \u00fcst\u00fcnl\u00fc\u011f\u00fc ilkesi \u00e7er\u00e7evesinde s\u00fcren bir dava de\u011fildir&#8221; dedi.<\/p>\n<p style=\"text-align: justify;\">T\u00fcrkiye&#8217;de &#8221;ola\u011fan\u00fcst\u00fc hal&#8221; oldu\u011funu s\u00f6yleyen K\u0131l\u0131\u00e7daro\u011flu, i\u015f adam\u0131 \u0130nan K\u0131ra\u00e7&#8217;\u0131n se\u00e7im sonu\u00e7lar\u0131na ili\u015fkin bahse girdi\u011fi i\u00e7in ele\u015ftirildi\u011fini savunarak, &#8221;D\u00fc\u015f\u00fcnebiliyor musunuz? 21. y\u00fczy\u0131l T\u00fcrkiyesinde bir i\u015f adam\u0131 g\u00f6r\u00fc\u015f a\u00e7\u0131klad\u0131 diye lin\u00e7 ediliyor? Nas\u0131l oluyor bu i\u015f?&#8221; diye sordu.<\/p>\n<p style=\"text-align: justify;\">K\u0131l\u0131\u00e7daro\u011flu, &#8221;Ergenekon ad\u0131nda bir silahl\u0131 \u00f6rg\u00fct var m\u0131d\u0131r, yok mudur?&#8221; sorusunu ise &#8221;Efendim daha yarg\u0131\u00e7lar karar vermedi. Ben nas\u0131l vereyim?&#8221; \u015feklinde cevaplad\u0131.<\/p>\n<p style=\"text-align: justify;\">Programda bir gazeteci, K\u0131l\u0131\u00e7daro\u011flu&#8217;na, se\u00e7im \u00f6ncesi baz\u0131 y\u00fcksek r\u00fctbeli subaylar\u0131n tutuklanmas\u0131 \u00fczerine, askerlerden tepki vermemesini istedi\u011fini hat\u0131rlatarak, &#8221;Bu, se\u00e7im s\u00fcrecinde de\u011fil de sonras\u0131nda olsayd\u0131 yine tepki vermemelerini ister miydiniz?&#8221; sorusunu y\u00f6neltti. K\u0131l\u0131\u00e7daro\u011flu bu soruya, &#8221;Ben hi\u00e7bir zaman askerin kamuoyuna y\u00f6nelik bir tepki vermesini istemem. Varsa bir \u015fikayeti kendi hukuk m\u00fc\u015favirleri var, onun arac\u0131l\u0131\u011f\u0131yla veya do\u011frudan do\u011fruya Ba\u015fbakanla veya Cumhurba\u015fkan\u0131yla g\u00f6r\u00fc\u015ferek bu tepkilerini iletebilirler&#8221; yan\u0131t\u0131 verdi.<\/p>\n<p style=\"text-align: justify;\"><strong>&#8221;Benim telefonlar\u0131m dinlendi&#8221; <\/strong><\/p>\n<p style=\"text-align: justify;\">Kendi telefon konu\u015fmalar\u0131n\u0131n da yasa d\u0131\u015f\u0131 dinlendi\u011fini ve Ergenekon davas\u0131 dosyalar\u0131na konuldu\u011funu iddia eden K\u0131l\u0131\u00e7daro\u011flu, \u015funlar\u0131 s\u00f6yledi:<\/p>\n<p style=\"text-align: justify;\">&#8221;Benim bir gazeteciyle yapt\u0131\u011f\u0131m konu\u015fma, tutanaklar\u0131 tape edildi. &#8216;Ergenekon&#8217; dosyas\u0131na kondu. Ne benim hakk\u0131mda bir mahkeme karar\u0131 var ne de konu\u015ftu\u011fum gazeteci hakk\u0131nda var. Adalet Bakanl\u0131\u011f\u0131na \u015fikayet ettim, &#8216;savc\u0131 hakk\u0131nda soru\u015fturma a\u00e7\u0131n&#8217; diye. Verilen yan\u0131t, &#8216;\u0130\u015flerinin yo\u011funlu\u011fu nedeniyle konulmu\u015ftur. Soru\u015fturmaya gerek yoktur&#8217; diye. Siz &#8216;hukuk&#8217; diyorsunuz, &#8216;adalet&#8217; diyorsunuz, &#8216;Adalet Bakanl\u0131\u011f\u0131&#8217; diyorsunuz. Allah a\u015fk\u0131na ka\u00e7\u0131n\u0131z ele\u015ftirdiniz bunu? Bir milletvekilinin telefonu dinlenecek yasa d\u0131\u015f\u0131, tape edilecek, Ergenekon dosyas\u0131na konulacak. Ve hi\u00e7bir mahkeme karar\u0131 olmayacak. Ve siz bunun arkas\u0131nda duracaks\u0131n\u0131z. Ve diyeceksiniz ki &#8216;Bu dava hukukun \u00fcst\u00fcnl\u00fc\u011f\u00fcne inanan yarg\u0131\u00e7lar taraf\u0131ndan y\u00fcr\u00fct\u00fcl\u00fcyor.&#8217; Kesinlikle hay\u0131r.&#8221;<\/p>\n<p style=\"text-align: justify;\">&#8221;Yeni CHP&#8221; s\u00f6yleminin baz\u0131 \u00e7eli\u015fkiler i\u00e7erip i\u00e7ermedi\u011fi sorusunu da yan\u0131tlayan K\u0131l\u0131\u00e7daro\u011flu, her kurumun zamanla de\u011fi\u015fece\u011fini anlatarak, &#8221;Bu de\u011fi\u015fimin alt\u0131nda hukukun \u00fcst\u00fcnl\u00fc\u011f\u00fc, insan haklar\u0131, kad\u0131n erkek e\u015fitli\u011fi, sosyal devlet vurgusuna her ge\u00e7en g\u00fcn biraz daha fazla a\u011f\u0131rl\u0131k vermek var. Bu de\u011fi\u015fim alt\u0131nda ta\u015feron i\u015f\u00e7ili\u011fe kar\u015f\u0131 \u00e7\u0131kmak, medyan\u0131n \u00f6zg\u00fcrl\u00fc\u011f\u00fc, siyasi otoritenin yarg\u0131ya m\u00fcdahale etmemesi var. Bu de\u011fi\u015fimin alt\u0131nda bat\u0131 standartlarda bir anayasaya kavu\u015fma iste\u011fi var&#8221; \u015feklinde konu\u015ftu.<\/p>\n<p style=\"text-align: justify;\">&#8221;Yeni CHP&#8221; s\u00f6yleminin, eski taban\u0131 partiden so\u011futtu\u011fu iddialar\u0131n\u0131n hat\u0131rlat\u0131lmas\u0131 \u00fczerine K\u0131l\u0131\u00e7daro\u011flu, &#8221;Eski tabanla aram\u0131zda hi\u00e7bir sorun yok. Biz g\u00fcc\u00fcm\u00fcz\u00fc Kuvay\u0131milliye ruhundan al\u0131yoruz. Lozan&#8217;a ba\u011fl\u0131y\u0131z. Alt\u0131 oka ba\u011fl\u0131y\u0131z. Ama hi\u00e7bir zaman de\u011fi\u015fime a\u00e7\u0131k olmad\u0131\u011f\u0131m\u0131z\u0131 s\u00f6ylemiyoruz. Yenili\u011fin adresi CHP&#8217;dir&#8221; kar\u015f\u0131l\u0131\u011f\u0131n\u0131 verdi.<\/p>\n<p style=\"text-align: justify;\">CHP&#8217;nin T\u00fcrkiye&#8217;de, Cumhuriyet, \u00e7ok partili rejim ve sosyal demokrasi olmak \u00fczere \u00dc\u00c7 b\u00fcy\u00fck de\u011fi\u015fime imza att\u0131\u011f\u0131n\u0131 s\u00f6yleyen K\u0131l\u0131\u00e7daro\u011flu, &#8221;demokrasi ve \u00f6zg\u00fcrl\u00fck&#8221; olmak \u00fczere d\u00f6rd\u00fcnc\u00fc b\u00fcy\u00fck de\u011fi\u015fime de kendilerinin imza atmak istediklerini dile getirdi.<\/p>\n<p style=\"text-align: justify;\">K\u0131l\u0131\u00e7daro\u011flu&#8217;na, &#8221;CHP&#8217;nin \u0130mam Hatiplerle bir s\u0131k\u0131nt\u0131s\u0131 var m\u0131?&#8221; sorusu y\u00f6neltildi, CHP parti program\u0131nda \u0130mam Hatiplerin kapat\u0131lmas\u0131 \u00f6nerisinin bulundu\u011fu iddialar\u0131 hat\u0131rlat\u0131ld\u0131. K\u0131l\u0131\u00e7daro\u011flu, \u0130mam Hatipleri kuran partinin CHP oldu\u011funu vurgulayarak, &#8221;B\u00fct\u00fcn okullar ihtiya\u00e7 kadar olmal\u0131. \u0130htiya\u00e7 kadar sanat okulu, t\u0131p fak\u00fcltesi olmal\u0131. S\u00f6yledi\u011fimiz o. Toplumun beklentilerine uygun e\u011fitim planlamas\u0131 yap\u0131lmal\u0131. \u0130mam Hatiplere, Kur&#8217;an kurslar\u0131na kar\u015f\u0131 hi\u00e7bir \u00f6n yarg\u0131m\u0131z yok&#8221; diye konu\u015ftu.<\/p>\n<p style=\"text-align: justify;\"><strong>The Economist&#8217;teki &#8221;CHP&#8217;ye oy verin&#8221; yorumu <\/strong><\/p>\n<p style=\"text-align: justify;\">The Economist&#8217;teki &#8221;CHP&#8217;ye oy verin&#8221; yorumuna de\u011finen K\u0131l\u0131\u00e7daro\u011flu, bu yorumun yerine &#8221;AK Parti&#8217;ye oy verin&#8221; yorumu yap\u0131lsayd\u0131 kendisinin yine bu yaz\u0131y\u0131 ele\u015ftirmeyece\u011fini kaydetti.<\/p>\n<p style=\"text-align: justify;\">&#8221;\u0130ktidarda biz olsayd\u0131k &#8216;Mavi Marmara&#8217; gemisine izin vermezdik&#8221; \u015feklindeki demecine y\u00f6nelik ele\u015ftirilerin hat\u0131rlat\u0131lmas\u0131 \u00fczerine K\u0131l\u0131\u00e7daro\u011flu, &#8221;Mavi Marmara T\u00fcrk Bayra\u011f\u0131 \u00e7ekemez. Mavi Marmara ile ilgili g\u00fcmr\u00fck kay\u0131tlar\u0131 a\u00e7\u0131klans\u0131n. Uluslararas\u0131 sulara a\u00e7\u0131lma ko\u015fullar\u0131 yok o gemide. O nedenle, oradaki g\u00f6reve izin verilemez&#8221; diye konu\u015ftu.<\/p>\n<p style=\"text-align: justify;\">Bu olayda dokuz T\u00fcrk yurtta\u015f\u0131n\u0131n \u00f6ld\u00fcr\u00fclmesinden ac\u0131 duydu\u011funu anlatan K\u0131l\u0131\u00e7daro\u011flu, &#8221;Dokuz yurtta\u015f\u0131m\u0131z\u0131n kan\u0131 yerde kald\u0131. \u0130srail&#8217;i her zaman k\u0131nad\u0131k. Orant\u0131s\u0131z g\u00fc\u00e7 kulland\u0131. Silah olmayan yere silahl\u0131 adam g\u00f6ndereceksin. Oradaki bizim \u00e7ocuklar\u0131m\u0131z\u0131 \u00f6ld\u00fcreceksin. Bunun masum olan bir taraf\u0131 var m\u0131? Hay\u0131r. Ama insanlar\u0131 bile bile \u00f6l\u00fcme g\u00f6nderemezsin&#8221; de\u011ferlendirmesinde bulundu.<\/p>\n<p style=\"text-align: justify;\">Miting meydanlar\u0131ndaki \u00fcslubunun zaman zaman sertle\u015fti\u011fi y\u00f6n\u00fcndeki ele\u015ftirilere kat\u0131lmad\u0131\u011f\u0131n\u0131 dile getiren K\u0131l\u0131\u00e7daro\u011flu&#8217;na, &#8221;AKP&#8217;ye oy vermeyece\u011fim. \u00c7\u00fcnk\u00fc hala beynim var&#8221; pankart\u0131n\u0131 okudu\u011fu hat\u0131rlat\u0131larak, &#8221;Bu da bir \u00e7e\u015fit sert \u00fcslup de\u011fil midir?&#8221; sorusu y\u00f6neltildi. O pankartta yaz\u0131lanlar\u0131 do\u011fru bulmad\u0131\u011f\u0131n\u0131 vurgulayan K\u0131l\u0131\u00e7daro\u011flu, &#8221;Okudum, ama bitirmek zorundayd\u0131m. Do\u011fru de\u011fil. Bu \u00fclkenin yurtta\u015flar\u0131 istedi\u011fi partiye gidip oylar\u0131n\u0131 verebilirler&#8221; dedi.<\/p>\n<p style=\"text-align: justify;\">K\u00fcrt\u00e7e Anadilde e\u011fitim \u00f6\u011fretim ve yerel \u00f6zerklik konular\u0131ndaki g\u00f6r\u00fc\u015fleri sorulan K\u0131l\u0131\u00e7daro\u011flu, &#8221;K\u00fcrt sorununu da i\u00e7eren G\u00fcneydo\u011fu sorununun \u00e7ok karma\u015f\u0131k bir sorun oldu\u011funu, dolay\u0131s\u0131yla bir partinin tek ba\u015f\u0131na bu sorunu \u00e7\u00f6zemeyece\u011fini&#8221; anlatt\u0131.<\/p>\n<p style=\"text-align: justify;\">K\u0131l\u0131\u00e7daro\u011flu, \u015f\u00f6yle konu\u015ftu:<\/p>\n<p style=\"text-align: justify;\">&#8221;Siyaset kurumu bunu bir toplumsal uzla\u015fmayla \u00e7\u00f6zmek zorundad\u0131r. Parlamentoda akil adamlar grubu olu\u015fturabilirsiniz, her siyasi partiden. \u00dclkesini seven, \u00fclkesinin \u00e7\u0131karlar\u0131n\u0131 koruyan, devlet adam\u0131 kimli\u011fi olan, g\u00fcnl\u00fck politikaya fazla bula\u015fmam\u0131\u015f&#8230; Partiler diyebilir ki &#8216;benim aday\u0131m \u015fudur&#8217;. Sadece milletvekilleri de\u011fil. Sivil toplumun, \u00fcniversitelerin de katk\u0131 vermesi laz\u0131m. Bu olay\u0131n kesinlikle i\u00e7 politika malzemesi yap\u0131lmamas\u0131 laz\u0131m. Say\u0131n Erdo\u011fan i\u00e7 politika malzemesi yapt\u0131. Bu i\u015fi kapatt\u0131. Yar\u0131n gelecek, sorunun \u00e7\u00f6z\u00fcm\u00fc i\u00e7in. Hepsini \u00f6n\u00fcne koyaca\u011f\u0131m. Benden \u00f6z\u00fcr dilemesini isteyece\u011fim. \u00c7\u0131k\u0131p \u00f6z\u00fcr dilemezse kusura bakmas\u0131n hi\u00e7 bir katk\u0131 vermeyece\u011fim.&#8221;<\/p>\n<p style=\"text-align: justify;\">Hakkari mitinginde &#8221;Avrupa yerel y\u00f6netimlere \u00f6zerklik \u015fart\u0131&#8221; konusundaki a\u00e7\u0131klamalar\u0131n\u0131n Ba\u015fbakan Recep Tayyip Erdo\u011fan taraf\u0131ndan ele\u015ftirildi\u011fini ifade eden K\u0131l\u0131\u00e7daro\u011flu, AKP&#8217;nin program\u0131nda da &#8221;Avrupa yerel y\u00f6netimler \u00f6zerklik \u015fart\u0131na uygun olarak anayasal sistemimize yerel y\u00f6netim hakk\u0131n\u0131n dahil edilmesinin sa\u011flanaca\u011f\u0131 vaadinin bulundu\u011funu&#8221; savundu.<\/p>\n<p style=\"text-align: justify;\">K\u0131l\u0131\u00e7daro\u011flu, Ba\u015fbakan Erdo\u011fan&#8217;\u0131n, &#8221;CHP ile BDP be\u015f maddelik bir s\u00f6zle\u015fme yapt\u0131&#8221; \u015feklinde iddialarda bulundu\u011funu s\u00f6yleyerek, bu konuyu yarg\u0131ya ta\u015f\u0131yacaklar\u0131n\u0131 dile getirdi. Bu iddian\u0131n ger\u00e7ek d\u0131\u015f\u0131 oldu\u011funu ifade eden K\u0131l\u0131\u00e7daro\u011flu, b\u00f6yle bir \u015feyin ispat edilmesi halinde yar\u0131n genel ba\u015fkanl\u0131ktan ayr\u0131laca\u011f\u0131n\u0131 kaydetti.<\/p>\n<p style=\"text-align: justify;\">Partisinin Hakkari mitinginde T\u00fcrk Bayra\u011f\u0131 a\u00e7\u0131lmad\u0131\u011f\u0131 ele\u015ftirilerinden de yak\u0131nan K\u0131l\u0131\u00e7daro\u011flu, bayrak \u00fczerinden politika yap\u0131lmamas\u0131 gerekti\u011fini anlatt\u0131. CHP&#8217;nin AKP&#8217;ye kar\u015f\u0131 belli illerde BDP ya da MHP ile i\u015fbirli\u011fi yap\u0131p yapmad\u0131\u011f\u0131 sorulan K\u0131l\u0131\u00e7daro\u011flu, &#8221;Biz her ilde se\u00e7ime giriyoruz. Ba\u015fka bir partiye de destek vermiyoruz. Di\u011fer partiler bize oy verirse memnun oluruz&#8221; dedi.<\/p>\n<p style=\"text-align: justify;\">Bir soru \u00fczerine, T\u00fcrk\u00e7e d\u0131\u015f\u0131nda anadilde e\u011fitime s\u0131cak bakmad\u0131klar\u0131n\u0131 belirten K\u0131l\u0131\u00e7daro\u011flu, &#8221;Anadilde \u00f6\u011frenim tamam. Herkes dilini \u00f6\u011frenebilir. K\u00fcrt\u00e7e se\u00e7meli bir ders olabilir&#8221; yan\u0131t\u0131n\u0131 verdi.<\/p>\n<p style=\"text-align: justify;\"><a href=\"http:\/\/www.cumhuriyet.com.tr\/?hn=250330&amp;kw=%27BDP%27yle+s%F6zle%FEme%27+iddias%FD+yarg%FDya+gidiyor\" target=\"_blank\">Kaynak : Cumhuriyet Haber Portal\u0131<\/a><\/p>\n","protected":false},"excerpt":{"rendered":"<p style=\"text-align: center;\">\n<p style=\"text-align: justify;\">CHP Genel Ba\u015fkan\u0131 Kemal K\u0131l\u0131\u00e7daro\u011flu, Ba\u015fbakan Erdo\u011fan&#8217;\u0131n, &#8221;CHP ile BDP be\u015f maddelik bir s\u00f6zle\u015fme yapt\u0131&#8221; \u015feklinde iddialar\u0131n\u0131 yarg\u0131ya ta\u015f\u0131yaca\u011f\u0131n\u0131 a\u00e7\u0131klad\u0131.<\/p>\n<p style=\"text-align: justify;\">Ankara- K\u0131l\u0131\u00e7daro\u011flu, TRT 1 televizyonunda yay\u0131mlanan &#8221;Se\u00e7im \u00d6zel&#8221; program\u0131na kat\u0131ld\u0131. Programda K\u0131l\u0131\u00e7daro\u011flu&#8217;na, &#8221;Miting meydanlar\u0131nda dile getirip daha sonra, &#8216;ke\u015fke bu c\u00fcmleyi kullanmasayd\u0131m&#8217; dedi\u011finiz oluyor mu?&#8221; sorusu y\u00f6neltildi. <\/p>\n","protected":false},"author":1,"featured_media":0,"comment_status":"open","ping_status":"closed","sticky":false,"template":"","format":"standard","meta":{"footnotes":""},"categories":[105],"tags":[],"class_list":["post-34088","post","type-post","status-publish","format-standard","hentry","category-gundem","odd"],"_links":{"self":[{"href":"http:\/\/www.korhanyilmaz.com\/index.php?rest_route=\/wp\/v2\/posts\/34088","targetHints":{"allow":["GET"]}}],"collection":[{"href":"http:\/\/www.korhanyilmaz.com\/index.php?rest_route=\/wp\/v2\/posts"}],"about":[{"href":"http:\/\/www.korhanyilmaz.com\/index.php?rest_route=\/wp\/v2\/types\/post"}],"author":[{"embeddable":true,"href":"http:\/\/www.korhanyilmaz.com\/index.php?rest_route=\/wp\/v2\/users\/1"}],"replies":[{"embeddable":true,"href":"http:\/\/www.korhanyilmaz.com\/index.php?rest_route=%2Fwp%2Fv2%2Fcomments&post=34088"}],"version-history":[{"count":0,"href":"http:\/\/www.korhanyilmaz.com\/index.php?rest_route=\/wp\/v2\/posts\/34088\/revisions"}],"wp:attachment":[{"href":"http:\/\/www.korhanyilmaz.com\/index.php?rest_route=%2Fwp%2Fv2%2Fmedia&parent=34088"}],"wp:term":[{"taxonomy":"category","embeddable":true,"href":"http:\/\/www.korhanyilmaz.com\/index.php?rest_route=%2Fwp%2Fv2%2Fcategories&post=34088"},{"taxonomy":"post_tag","embeddable":true,"href":"http:\/\/www.korhanyilmaz.com\/index.php?rest_route=%2Fwp%2Fv2%2Ftags&post=34088"}],"curies":[{"name":"wp","href":"https:\/\/api.w.org\/{rel}","templated":true}]}}