{"id":3408,"date":"2009-02-20T19:37:31","date_gmt":"2009-02-20T17:37:31","guid":{"rendered":"http:\/\/www.korhanyilmaz.com\/?p=3408"},"modified":"2009-02-20T19:37:31","modified_gmt":"2009-02-20T17:37:31","slug":"gordugum-en-sonuk-akp-mitingi","status":"publish","type":"post","link":"http:\/\/www.korhanyilmaz.com\/?p=3408","title":{"rendered":"G\u00f6rd\u00fc\u011f\u00fcm en s\u00f6n\u00fck AKP mitingi"},"content":{"rendered":"<p style=\"text-align: center;\"><img loading=\"lazy\" decoding=\"async\" class=\"aligncenter size-full wp-image-3409\" title=\"G\u00f6rd\u00fc\u011f\u00fcm en s\u00f6n\u00fck AKP mitingi\" src=\"http:\/\/www.korhanyilmaz.com\/wp-content\/uploads\/2009\/02\/210220090412365011861.jpg\" alt=\"G\u00f6rd\u00fc\u011f\u00fcm en s\u00f6n\u00fck AKP mitingi\" width=\"338\" height=\"216\" \/><\/p>\n<p style=\"text-align: justify;\">Se\u00e7im kampanyalar\u0131nda mitinglerin yeri ve \u00f6nemi nedir? Her se\u00e7im d\u00f6neminde bu soru sorulur ve alanlar\u0131 doldurabilece\u011fini d\u00fc\u015f\u00fcnen partiler mitingleri kampanyalar\u0131n\u0131n merkezine al\u0131rken di\u011ferleri &#8220;art\u0131k mitinglerin anlam\u0131 kalmad\u0131&#8221; derler. Bu se\u00e7imde de ayn\u0131 olay ya\u015fan\u0131yor, fakat \u00f6nemli bir farkla: 22 Temmuz 2007 se\u00e7imleri \u00f6ncesi m\u00fcmk\u00fcn oldu\u011funca alanlara \u00e7\u0131kmaya \u00e7al\u0131\u015fan CHP ve MHP bu kez daha tutuklar ve meydan\u0131, d\u00fcne kadar 11 miting d\u00fczenleyen AKP&#8217;ye b\u0131rakt\u0131lar. Nitekim AKP lideri Erdo\u011fan da her mitingde bu durumu ele al\u0131yor ve muhalefeti &#8220;siyasetin er meydan\u0131&#8221; olarak tan\u0131mlad\u0131\u011f\u0131 miting alanlar\u0131ndan ka\u00e7makla su\u00e7luyor.<!--more--><br \/>\nAyn\u0131 tart\u0131\u015fman\u0131n bir benzeri gazeteciler aras\u0131nda da ya\u015fan\u0131yor. Mitinglerde, g\u00f6revlendirilmi\u015f muhabirleri, foto muhabirlerini, kameramanlar\u0131 ve de liderlerin u\u00e7a\u011f\u0131na binip gelmi\u015f yazarlar\u0131 saymazsak gazeteci g\u00f6rmek neredeyse imkans\u0131zd\u0131r. Bir\u00e7ok meslekta\u015f\u0131m\u0131z, siyasetin nabz\u0131n\u0131 miting meydanlar\u0131nda tutmay\u0131 \u00e7oktan b\u0131rakt\u0131 ya da kendi yorumlar\u0131na g\u00f6re &#8220;a\u015ft\u0131&#8221;. \u00c7\u00fcnk\u00fc bir mitingi yerinden de\u011fil de televizyondan izlemenin yeterli, hatta daha iyi olaca\u011f\u0131n\u0131 d\u00fc\u015f\u00fcn\u00fcyorlar.\n<\/p>\n<p style=\"text-align: justify;\">Bense ayn\u0131 kan\u0131da de\u011filim. D\u00fcn RP ve FP, bug\u00fcnse AKP&#8217;nin, bu arada di\u011fer partilerin de olabildi\u011fince \u00e7ok mitingini izlemeye \u00e7al\u0131\u015f\u0131yorum ve her gitti\u011fim mitingde yeni insanlar tan\u0131yor, yeni \u015feyler \u00f6\u011freniyorum. \u00d6rne\u011fin d\u00fcn Sakarya Kent Meydan\u0131&#8217;ndaki mitingin, bug\u00fcne kadar izledi\u011fim onlarca AKP mitinginin en s\u00f6n\u00fc\u011f\u00fc oldu\u011funu s\u00f6yleyebilirim.<\/p>\n<p style=\"text-align: justify;\">Asl\u0131nda ba\u015flang\u0131\u00e7ta her \u015fey AKP&#8217;liler i\u00e7in \u00e7ok iyiydi. 2004 yerel ve 2007 genel se\u00e7imlerindeki Sakarya mitinglerinden -ki her ikisini de izlemi\u015ftim- bariz bir \u015fekilde daha b\u00fcy\u00fck bir kalabal\u0131k vard\u0131. Sakarya&#8217;n\u0131n ge\u00e7mi\u015fte Milli G\u00f6r\u00fc\u015f&#8217;e, son d\u00f6nemde de AKP&#8217;ye g\u00f6sterdi\u011fi geni\u015f ilgi ve bu se\u00e7imlerde en iddial\u0131 partinin yine AKP oldu\u011fu d\u00fc\u015f\u00fcn\u00fcl\u00fcrse bu da \u00e7ok do\u011fald\u0131. Fakat sonradan bir\u00e7ok \u015fey de\u011fi\u015fti. Hem Erdo\u011fan gecikti, hem de hava \u00e7ok k\u00f6t\u00fc bozdu. Sonu\u00e7ta Erdo\u011fan&#8217;\u0131 izlemeye gelmi\u015f olanlar\u0131n \u00f6nemli bir b\u00f6l\u00fcm\u00fc \u015fiddetli ya\u011fmur alt\u0131nda \u00e7ok fazla duramay\u0131p meydan\u0131 bo\u015faltt\u0131 ve AKP lideri de konu\u015fmas\u0131n\u0131 k\u0131sa kesmek durumunda kald\u0131.<\/p>\n<p style=\"text-align: justify;\"><strong>\u00c7eki\u015fmeli yar\u0131\u015f<\/strong><\/p>\n<p style=\"text-align: justify;\">Konu\u015ftu\u011fum baz\u0131 AKP&#8217;liler durumu tamamen hava ko\u015fullar\u0131na ba\u011flad\u0131lar ve bir &#8220;talihsizlik&#8221; olarak nitelediler. Olabilir. Ne var ki \u00f6nceki Pazar g\u00fcn\u00fc Sakarya&#8217;ya kom\u015fu Kocaeli&#8217;nde de AKP mitingi yo\u011fun ya\u011fmur alt\u0131nda yap\u0131lm\u0131\u015f, \u00e7ok az ki\u015fi meydan\u0131 terk etmi\u015f, geri kalanlarsa liderleriyle birlikte &#8220;beraber y\u00fcr\u00fcd\u00fck biz bu yollarda, beraber \u0131sland\u0131k ya\u011fan ya\u011fmurda&#8221; diye slogan atm\u0131\u015flard\u0131. Ard\u0131ndan Erdo\u011fan Nev\u015fehir&#8217;de kar alt\u0131nda co\u015fkulu bir kalabal\u0131\u011fa hitap etmi\u015f ve bu mitingin g\u00f6r\u00fcnt\u00fcleri \u00fclke \u00e7ap\u0131ndaki AKP&#8217;lileri daha da co\u015fturmu\u015f ve AKP muhaliflerinin de moralini iyice bozmu\u015ftu.<\/p>\n<p style=\"text-align: justify;\">B\u00fct\u00fcn bu \u00f6rnekleri d\u00fc\u015f\u00fcn\u00fcnce d\u00fcnk\u00fc Sakarya mitingi daha fazla anlam kazan\u0131yor. &#8220;Neden b\u00f6yle oldu?&#8221; sorusunun cevab\u0131n\u0131 bilmiyorum. Mutlaka bunun hem genel, hem de Sakarya&#8217;ya \u00f6zg\u00fc baz\u0131 nedenleri vard\u0131r. Ancak \u015fundan eminim: Her bir miting konusunda titizlenen ve \u00f6teden beri Sakarya&#8217;ya apayr\u0131 bir \u00f6nem veren Erdo\u011fan&#8217;\u0131n &#8220;ya\u011fmur ya\u011fd\u0131 b\u00f6yle oldu&#8221; a\u00e7\u0131klamalar\u0131na itibar etmeyecektir.<\/p>\n<p style=\"text-align: justify;\">Erdo\u011fan d\u00fcn Sakarya&#8217;da zaten k\u0131sa tuttu\u011fu konu\u015fmas\u0131nda fazla yeni bir \u015fey s\u00f6ylemedi. Ancak bildi\u011fim kadar\u0131yla ilk defa bir mitingde Davos olay\u0131n\u0131 vatanda\u015flardan \u00f6nce bizzat kendisi dile getirdi. AKP Liderinin d\u00fcn &#8220;milli hassasiyetleri&#8221; \u00f6ne \u00e7\u0131karmas\u0131nda Sakarya&#8217;daki \u00e7eki\u015fmeli yar\u0131\u015f\u0131n pay\u0131 y\u00fcksek olsa gerek. \u015e\u00f6yle ki iktidar partisi Sakarya&#8217;y\u0131 15 sene y\u00f6neten Aziz Duran yerine Zeki To\u00e7o\u011flu&#8217;nu B\u00fcy\u00fck\u015fehir&#8217;de aday g\u00f6sterdi, onun kar\u015f\u0131s\u0131ndaki en iddial\u0131 isimse \u00f6z amcao\u011flu Enver To\u00e7o\u011flu. 2004&#8217;te DYP&#8217;den aday olup ikinci gelen eski sendikac\u0131 Enver To\u00e7o\u011flu bu kez MHP&#8217;den aday.<\/p>\n<p style=\"text-align: justify;\"><span style=\"color: #888888;\">Ru\u015fen \u00c7ak\u0131r \/ Vatan Gazetesi<\/span><\/p>\n","protected":false},"excerpt":{"rendered":"<p style=\"text-align: center;\">\n<p style=\"text-align: justify;\">Se\u00e7im kampanyalar\u0131nda mitinglerin yeri ve \u00f6nemi nedir? Her se\u00e7im d\u00f6neminde bu soru sorulur ve alanlar\u0131 doldurabilece\u011fini d\u00fc\u015f\u00fcnen partiler mitingleri kampanyalar\u0131n\u0131n merkezine al\u0131rken di\u011ferleri &#8220;art\u0131k mitinglerin anlam\u0131 kalmad\u0131&#8221; derler. Bu se\u00e7imde de ayn\u0131 olay ya\u015fan\u0131yor, fakat \u00f6nemli bir farkla: 22 Temmuz 2007 se\u00e7imleri \u00f6ncesi m\u00fcmk\u00fcn oldu\u011funca alanlara \u00e7\u0131kmaya \u00e7al\u0131\u015fan CHP ve <\/p>\n","protected":false},"author":1,"featured_media":0,"comment_status":"open","ping_status":"closed","sticky":false,"template":"","format":"standard","meta":{"footnotes":""},"categories":[105],"tags":[],"class_list":["post-3408","post","type-post","status-publish","format-standard","hentry","category-gundem","odd"],"_links":{"self":[{"href":"http:\/\/www.korhanyilmaz.com\/index.php?rest_route=\/wp\/v2\/posts\/3408","targetHints":{"allow":["GET"]}}],"collection":[{"href":"http:\/\/www.korhanyilmaz.com\/index.php?rest_route=\/wp\/v2\/posts"}],"about":[{"href":"http:\/\/www.korhanyilmaz.com\/index.php?rest_route=\/wp\/v2\/types\/post"}],"author":[{"embeddable":true,"href":"http:\/\/www.korhanyilmaz.com\/index.php?rest_route=\/wp\/v2\/users\/1"}],"replies":[{"embeddable":true,"href":"http:\/\/www.korhanyilmaz.com\/index.php?rest_route=%2Fwp%2Fv2%2Fcomments&post=3408"}],"version-history":[{"count":0,"href":"http:\/\/www.korhanyilmaz.com\/index.php?rest_route=\/wp\/v2\/posts\/3408\/revisions"}],"wp:attachment":[{"href":"http:\/\/www.korhanyilmaz.com\/index.php?rest_route=%2Fwp%2Fv2%2Fmedia&parent=3408"}],"wp:term":[{"taxonomy":"category","embeddable":true,"href":"http:\/\/www.korhanyilmaz.com\/index.php?rest_route=%2Fwp%2Fv2%2Fcategories&post=3408"},{"taxonomy":"post_tag","embeddable":true,"href":"http:\/\/www.korhanyilmaz.com\/index.php?rest_route=%2Fwp%2Fv2%2Ftags&post=3408"}],"curies":[{"name":"wp","href":"https:\/\/api.w.org\/{rel}","templated":true}]}}