{"id":34066,"date":"2011-06-04T15:43:35","date_gmt":"2011-06-04T12:43:35","guid":{"rendered":"http:\/\/www.korhanyilmaz.com\/?p=34066"},"modified":"2011-06-04T15:43:35","modified_gmt":"2011-06-04T12:43:35","slug":"bagis-hic-bu-kadar-adilesmemislerdi","status":"publish","type":"post","link":"http:\/\/www.korhanyilmaz.com\/?p=34066","title":{"rendered":"Ba\u011f\u0131\u015f: &#8220;Hi\u00e7 bu kadar adile\u015fmemi\u015flerdi&#8221;"},"content":{"rendered":"<p style=\"text-align: justify;\"><a href=\"http:\/\/www.korhanyilmaz.com\/wp-content\/uploads\/2011\/06\/012.jpg\"  class=\"lightview\"><img loading=\"lazy\" decoding=\"async\" class=\"aligncenter size-full wp-image-34067\" src=\"http:\/\/www.korhanyilmaz.com\/wp-content\/uploads\/2011\/06\/012.jpg\" alt=\"\" width=\"292\" height=\"185\" \/><\/a><\/p>\n<p style=\"text-align: justify;\">Devlet Bakan\u0131 ve Ba\u015fm\u00fczakereci Egemen Ba\u011f\u0131\u015f CHP&#8217;ye sert ele\u015ftirilerde bulundu. Ba\u011f\u0131\u015f, &#8220;Say\u0131n Ba\u015fbakan\u0131m\u0131z\u0131n se\u00e7im konvoyuna ikidir sald\u0131r\u0131l\u0131yor. Ellerinde CHP bayraklar\u0131 olan bir grup kocaman ta\u015flarla Ba\u015fbakan&#8217;\u0131m\u0131z\u0131n otob\u00fcs\u00fcne sald\u0131r\u0131rken, bir polis karde\u015fimiz otob\u00fcsten d\u00fc\u015ft\u00fc ve hala yo\u011fun bak\u0131mda. Hi\u00e7bir se\u00e7im d\u00f6neminde bu kadar adile\u015fmemi\u015flerdi&#8221; dedi. <!--more--><\/p>\n<p style=\"text-align: justify;\">Ba\u011f\u0131\u015f, T\u00fcrkiye \u0130\u015fadamlar\u0131 ve Sanayiciler Konfederasyonu (TUSKON) ve Marmara \u0130\u015f Hayat\u0131 Dernekleri Federasyonu (MAR\u0130FED) \u00fcyeleri ile Crowne Plaza \u0130stanbul Asia Business Hotel Pendik&#8217;te bir araya geldi.<\/p>\n<p style=\"text-align: justify;\">Ba\u011f\u0131\u015f, yapt\u0131\u011f\u0131 konu\u015fmada AK Parti d\u00f6neminde ilk defa ders kitaplar\u0131na Alevilik ile ilgili ger\u00e7ek bilgilerin yer almas\u0131n\u0131n sa\u011fland\u0131\u011f\u0131n\u0131 kaydeden Ba\u011f\u0131\u015f, &#8220;Peki kendisi bizzat Alevi olan Kemal K\u0131l\u0131\u00e7daro\u011flu bir kere te\u015fekk\u00fcr etti mi? Hay\u0131r. Bu b\u00f6lgede milletvekili aday\u0131 olan, kad\u0131n demeye dahi dilim varm\u0131yor, Sabahat Tuncel isimli ki\u015filik, bir T\u00fcrk polisine el kald\u0131rm\u0131\u015ft\u0131, kendisi de bir Alevi olarak bir kere te\u015fekk\u00fcr etti mi? Yine Alevi olan Siirt&#8217;ten ba\u011f\u0131ms\u0131z aday olan G\u00fcltan K\u0131\u015fanak han\u0131mefendi, te\u015fekk\u00fcr etti mi? Hay\u0131r&#8221; diye konu\u015ftu.<\/p>\n<p style=\"text-align: justify;\"><strong>&#8220;Hi\u00e7bir se\u00e7im d\u00f6neminde&#8230; &#8221; <\/strong><\/p>\n<p style=\"text-align: justify;\">Egemen Ba\u011f\u0131\u015f, bug\u00fcnk\u00fc anayasan\u0131n 1980 darbesinden sonra yaz\u0131lm\u0131\u015f askeri anayasa oldu\u011funu, askeri bir anayasayla da asgari demokrasi olaca\u011f\u0131n\u0131 kaydederek, \u015funlar\u0131 s\u00f6yledi:<\/p>\n<p style=\"text-align: justify;\">&#8220;Milletin vicdan\u0131nda yarg\u0131lan\u0131p, m\u00fcebbet muhalefete mahkum olmu\u015f partilerin, anayasay\u0131 de\u011fi\u015ftirmemek i\u00e7in nas\u0131l kol kola girdiklerine hep beraber \u015fahitlik ettik. Bak\u0131n z\u0131t kutuplar zannetti\u011fimiz, CHP&#8217;nin de MHP&#8217;nin de BDP&#8217;nin de 12 Eyl\u00fcl referandumundan \u00f6nceki Meclis&#8217;te ortaya koyduklar\u0131 duru\u015f, ruh \u00fc\u00e7\u00fcz\u00fc olduklar\u0131 ger\u00e7e\u011fini ortaya \u00e7\u0131kartt\u0131. BDP&#8217;liler, bug\u00fcne kadar hep partilerinin kapat\u0131lmas\u0131ndan \u015fikayet ederlerdi. Anayasa de\u011fi\u015fiklik paketinde parti kapat\u0131lmas\u0131n\u0131 adeta imkans\u0131z hale getirecek maddede bile bir g\u00fcn \u00f6ncesine kadar destek vereceklerini s\u00f6ylerken, Meclis&#8217;e giremediler. \u00c7\u00fcnk\u00fc ayn\u0131 talimat tuzaklar\u0131, ayn\u0131 karanl\u0131k ve derin odaklar di\u011fer iki partiye yapt\u0131\u011f\u0131 gibi onlara da &#8216;girmeyeceksiniz&#8217; talimat\u0131n\u0131 verdi. Onun i\u00e7in Silivri ile Kandil aras\u0131nda teleferikle dola\u015fan zihniyetin art\u0131k bu milletin \u00fczerinden elini \u00e7ekmesinin vakti gelmi\u015ftir.<\/p>\n<p style=\"text-align: justify;\"><strong>&#8220;Hi\u00e7 bu kadar adile\u015fmemi\u015flerdi&#8221; <\/strong><\/p>\n<p style=\"text-align: justify;\">Kim hangi odaklarla i\u015f birli\u011fi yaparsa yaps\u0131n, kim kiminle kol kola girerse girsin, biz bu yola kefenimizle girmi\u015fiz. Say\u0131n Ba\u015fbakan\u0131m\u0131z\u0131n se\u00e7im konvoyuna ikidir sald\u0131r\u0131l\u0131yor. Bir polis karde\u015fimiz \u015fehit oldu, bir polis karde\u015fimiz yaraland\u0131. Hopa&#8217;daki sald\u0131r\u0131da ellerinde CHP bayraklar\u0131 olan bir grup kocaman ta\u015flarla Ba\u015fbakan&#8217;\u0131m\u0131z\u0131n otob\u00fcs\u00fcne sald\u0131r\u0131rken, bir polis karde\u015fimiz otob\u00fcsten d\u00fc\u015ft\u00fc ve hala yo\u011fun bak\u0131mda. Hi\u00e7bir se\u00e7im d\u00f6neminde bu kadar adile\u015fmemi\u015flerdi. Demek ki T\u00fcrkiye&#8217;nin \u00e7a\u011fda\u015fla\u015fmas\u0131, \u015feffafla\u015fmas\u0131, milli iradenin muktedir olmas\u0131 bunlar\u0131 bu kadar rahats\u0131z ediyor. &#8220;<\/p>\n<p style=\"text-align: justify;\"><a href=\"http:\/\/www.cnnturk.com\/2011\/turkiye\/06\/04\/bagis.hic.bu.kadar.adilesmemislerdi\/618977.0\/index.html\" target=\"_blank\">Kaynak : CNN T\u00dcRK<\/a><\/p>\n","protected":false},"excerpt":{"rendered":"<p style=\"text-align: justify;\">\n<p style=\"text-align: justify;\">Devlet Bakan\u0131 ve Ba\u015fm\u00fczakereci Egemen Ba\u011f\u0131\u015f CHP&#8217;ye sert ele\u015ftirilerde bulundu. Ba\u011f\u0131\u015f, &#8220;Say\u0131n Ba\u015fbakan\u0131m\u0131z\u0131n se\u00e7im konvoyuna ikidir sald\u0131r\u0131l\u0131yor. Ellerinde CHP bayraklar\u0131 olan bir grup kocaman ta\u015flarla Ba\u015fbakan&#8217;\u0131m\u0131z\u0131n otob\u00fcs\u00fcne sald\u0131r\u0131rken, bir polis karde\u015fimiz otob\u00fcsten d\u00fc\u015ft\u00fc ve hala yo\u011fun bak\u0131mda. Hi\u00e7bir se\u00e7im d\u00f6neminde bu kadar adile\u015fmemi\u015flerdi&#8221; dedi. <\/p>\n","protected":false},"author":1,"featured_media":0,"comment_status":"open","ping_status":"closed","sticky":false,"template":"","format":"standard","meta":{"footnotes":""},"categories":[105],"tags":[],"class_list":["post-34066","post","type-post","status-publish","format-standard","hentry","category-gundem","odd"],"_links":{"self":[{"href":"http:\/\/www.korhanyilmaz.com\/index.php?rest_route=\/wp\/v2\/posts\/34066","targetHints":{"allow":["GET"]}}],"collection":[{"href":"http:\/\/www.korhanyilmaz.com\/index.php?rest_route=\/wp\/v2\/posts"}],"about":[{"href":"http:\/\/www.korhanyilmaz.com\/index.php?rest_route=\/wp\/v2\/types\/post"}],"author":[{"embeddable":true,"href":"http:\/\/www.korhanyilmaz.com\/index.php?rest_route=\/wp\/v2\/users\/1"}],"replies":[{"embeddable":true,"href":"http:\/\/www.korhanyilmaz.com\/index.php?rest_route=%2Fwp%2Fv2%2Fcomments&post=34066"}],"version-history":[{"count":0,"href":"http:\/\/www.korhanyilmaz.com\/index.php?rest_route=\/wp\/v2\/posts\/34066\/revisions"}],"wp:attachment":[{"href":"http:\/\/www.korhanyilmaz.com\/index.php?rest_route=%2Fwp%2Fv2%2Fmedia&parent=34066"}],"wp:term":[{"taxonomy":"category","embeddable":true,"href":"http:\/\/www.korhanyilmaz.com\/index.php?rest_route=%2Fwp%2Fv2%2Fcategories&post=34066"},{"taxonomy":"post_tag","embeddable":true,"href":"http:\/\/www.korhanyilmaz.com\/index.php?rest_route=%2Fwp%2Fv2%2Ftags&post=34066"}],"curies":[{"name":"wp","href":"https:\/\/api.w.org\/{rel}","templated":true}]}}