{"id":34045,"date":"2011-06-03T17:36:26","date_gmt":"2011-06-03T14:36:26","guid":{"rendered":"http:\/\/www.korhanyilmaz.com\/?p=34045"},"modified":"2011-06-03T17:36:26","modified_gmt":"2011-06-03T14:36:26","slug":"daha-cok-telefonlar-cikacak","status":"publish","type":"post","link":"http:\/\/www.korhanyilmaz.com\/?p=34045","title":{"rendered":"Daha \u00e7ok telefonlar \u00e7\u0131kacak"},"content":{"rendered":"<p style=\"text-align: center;\"><a href=\"http:\/\/www.korhanyilmaz.com\/wp-content\/uploads\/2011\/06\/007.jpg\"  class=\"lightview\"><img loading=\"lazy\" decoding=\"async\" class=\"aligncenter size-full wp-image-34046\" src=\"http:\/\/www.korhanyilmaz.com\/wp-content\/uploads\/2011\/06\/007.jpg\" alt=\"\" width=\"436\" height=\"198\" \/><\/a><\/p>\n<p style=\"text-align: justify;\">B\u00fclent Ar\u0131n\u00e7, &#8220;Daha \u00e7ok telefon, mektuplar \u00e7\u0131kacak. Bunlar\u0131 daha \u00e7ok konu\u015faca\u011f\u0131z&#8221; dedi.<\/p>\n<p style=\"text-align: justify;\">BURSA &#8211; Devlet Bakan\u0131 ve Ba\u015fbakan Yard\u0131mc\u0131s\u0131 B\u00fclent Ar\u0131n\u00e7, 2007 y\u0131l\u0131nda Cumhurba\u015fkanl\u0131\u011f\u0131 se\u00e7imleri s\u0131ras\u0131nda haz\u0131rland\u0131\u011f\u0131 iddia edilen bilgi notuyla ilgili soru \u00fczerine, &#8220;Daha \u00e7ok telefon, mektuplar \u00e7\u0131kacak. Bunlar\u0131 daha \u00e7ok konu\u015faca\u011f\u0131z&#8221; dedi. CHP Genel Ba\u015fkan\u0131 Kemal K\u0131l\u0131\u00e7daro\u011flu\u2019nun vaatlerini de ele\u015ftiren Ar\u0131n\u00e7, &#8220;Bay Kemal, Noel Baba gibi \u00e7antas\u0131na b\u00fct\u00fcn hediyeleri doldurmu\u015f. Keles\u2019e gelince bir tanesini veriyor. Nil\u00fcfer\u2019e gidince ba\u015fka bir \u015fey \u00e7\u0131kart\u0131yor \u00e7antas\u0131ndan&#8221; diye konu\u015ftu. <!--more--><\/p>\n<p style=\"text-align: justify;\">Se\u00e7im b\u00f6lgesi olan Bursa\u2019da propaganda \u00e7al\u0131\u015fmalar\u0131n\u0131 s\u00fcrd\u00fcren Devlet Bakan\u0131 ve Ba\u015fbakan Yard\u0131mc\u0131s\u0131 B\u00fclent Ar\u0131n\u00e7, Keles \u0130l\u00e7esi\u2019ni ziyaret etti. Ar\u0131n\u00e7\u2019\u0131n makam amac\u0131n\u0131n yolu G\u00fcneybay\u0131 K\u00f6y\u00fc giri\u015finde k\u00f6yl\u00fcler taraf\u0131ndan kesildi. Kendisine g\u00f6sterilen, k\u00f6y\u00fcn giri\u015fine as\u0131lan &#8216;T\u00fcrkiye\u2019de bir tek susuz ve yolsuz k\u00f6y kalmad\u0131&#8217; diyorsunuz. Ama G\u00fcneybay\u0131r senelerdir i\u00e7me suyuna hasret bilmiyor musunuz&#8217; yaz\u0131l\u0131 pankart\u0131 g\u00f6ren Ar\u0131n\u00e7, k\u00f6yl\u00fclere &#8220;Yaz\u0131y\u0131 g\u00f6rd\u00fcm. Hedefi tam 12 den vurdunuz&#8221; yan\u0131t\u0131n\u0131 verdi.<\/p>\n<p style=\"text-align: justify;\">Daha sonra Keles il\u00e7e merkezine ge\u00e7en B\u00fclent Ar\u0131n\u00e7, burada Merkez Camii&#8217;nde cuma namaz\u0131n\u0131 k\u0131ld\u0131. Ard\u0131ndan belediye meydan\u0131nda toplanan vatanda\u015flara hitap eden B\u00fclent Ar\u0131n\u00e7, Keles\u2019in yol ve i\u00e7me suyu problemlerini \u00e7\u00f6zece\u011fini belirterek \u015funlar\u0131 s\u00f6yledi:<\/p>\n<p style=\"text-align: justify;\">&#8220;Hi\u00e7 merak etmeyin biz yol \u015fampiyonuyuz. Yolsuzluklar\u0131 ba\u015fkalar\u0131 yap\u0131yor. Buradaki sorunlar\u0131 \u00e7\u00f6zece\u011fiz bundan emin olun. Su olmayan k\u00f6y kalmayacak. Suyun olmad\u0131\u011f\u0131 yere, &#8216;medeniyet geldi&#8217; diyemeyiz. Su azizdir. En k\u0131sa s\u00fcrede bu sorunu \u00e7\u00f6zece\u011fiz. &#8216;Bunu nas\u0131l yapacaks\u0131n?&#8217; diye sordu\u011fumuzda, &#8216;Benim ad\u0131m Kemal\u2019diyen biri var. Ama ben, &#8216;Benim ad\u0131m B\u00fclent&#8217; demiyorum. Benim g\u00fc\u00e7l\u00fc bir h\u00fck\u00fcmetim var. Bu bay Kemal\u2019in &#8216;benim ad\u0131m Kemal&#8217; demesine benzemez.&#8221;<\/p>\n<p style=\"text-align: justify;\">Tam 8.5 y\u0131ld\u0131r iktidarda olduklar\u0131n\u0131 hat\u0131rlatan Ar\u0131n\u00e7, \u201cBizi bir defa getirdiniz ama, bir daha gitmiyoruz. Ne top t\u00fcfek kar ediyor, ne hilekarl\u0131k. Tekrar 10 g\u00fcn sonra iktidara gelecek g\u00fcc\u00fc hissediyoruz&#8221; diye konu\u015ftu.<\/p>\n<p style=\"text-align: justify;\"><strong>&#8216;HER \u015eEY\u0130N HESABI K\u0130TABI OLMASI LAZIM&#8217; <\/strong><\/p>\n<p style=\"text-align: justify;\">Ak parti h\u00fck\u00fcmeti olarak millete bo\u015f vaatlerde bulunmad\u0131klar\u0131n\u0131 anlatan Ar\u0131n\u00e7, \u015f\u00f6yle devam etti:<\/p>\n<p style=\"text-align: justify;\">&#8220;Bo\u015f vaatlerde bulunmak ba\u015fkalar\u0131n\u0131n i\u015fi . Hayatlar\u0131nda bir tek dikili a\u011fac\u0131 olmayanlar, koalisyonda bulunduklar\u0131 d\u00f6nemlerde, ekme\u011fi gaz\u0131, motorini her \u015feyi karneye ba\u011flayan insanlar, ge\u00e7mi\u015fe ait bir tek olumlu \u00f6rnek g\u00f6steremezler. Ama ma\u015fallah Bay Kemal Noel Baba gibi \u00e7antas\u0131na b\u00fct\u00fcn hediyeleri doldurmu\u015f. Keles\u2019e gelince bir tanesini veriyor. Buradan Nil\u00fcfer\u2019e gitti\u011finde ba\u015fka bir \u015fey \u00e7\u0131kart\u0131yor \u00e7antas\u0131ndan. &#8216;Mazot 1.5 lira olacak. KDV, \u00d6TV\u2019yi kald\u0131rd\u0131m&#8217; diyor. &#8216;Emekli maa\u015flar\u0131n\u0131 400 TL artt\u0131raca\u011f\u0131m&#8217; diyor. Tabi s\u0131rt\u0131nda yumurta k\u00fcfesi yok. Bunlar\u0131 kim istemez ve konu\u015fmaz. Ama her \u015feyin bir hesab\u0131n\u0131n kitab\u0131n\u0131n olmas\u0131 laz\u0131m.&#8221;<\/p>\n<p style=\"text-align: justify;\"><strong>GENELKURMAY B\u0130LG\u0130 NOTU <\/strong><\/p>\n<p style=\"text-align: justify;\">D\u00f6nemin Genelkurmay \u0130stihbarat \u015eube M\u00fcd\u00fcr\u00fc Albay Turgut Ak taraf\u0131ndan haz\u0131rland\u0131\u011f\u0131 iddia edilen bilgi notuna g\u00f6re, d\u00f6nemin Kara Kuvvetleri Komutan\u0131 \u0130lker Ba\u015fbu\u011f&#8217;un, Anavatan Partisi Genel Ba\u015fkan\u0131 Erkan Mumcu&#8217;ya &#8216;Anayasa Mahkemesi ile konu\u015ftuk. AKP&#8217;yi kapacaklar. Erdo\u011fan, G\u00fcl ya da Ar\u0131n\u00e7 se\u00e7ilirse TSK m\u00fcdahale edecek. Size yeni olu\u015fum s\u00f6z\u00fc veriyoruz &#8216; dedi\u011fi y\u00f6n\u00fcndeki iddialarla ilgili soruya Ar\u0131n\u00e7, &#8220;Daha \u00e7ok telefon, mektuplar \u00e7\u0131kacak. Bunlar\u0131 daha \u00e7ok konu\u015faca\u011f\u0131z&#8221; yan\u0131t\u0131n\u0131 verdi.<\/p>\n<p style=\"text-align: justify;\"><a href=\"http:\/\/www.gazeteport.com.tr\/haber\/35756\/daha_cok_telefonlar_cikacak\" target=\"_blank\">Kaynak : GAZETEPORT<\/a><\/p>\n","protected":false},"excerpt":{"rendered":"<p style=\"text-align: center;\">\n<p style=\"text-align: justify;\">B\u00fclent Ar\u0131n\u00e7, &#8220;Daha \u00e7ok telefon, mektuplar \u00e7\u0131kacak. Bunlar\u0131 daha \u00e7ok konu\u015faca\u011f\u0131z&#8221; dedi.<\/p>\n<p style=\"text-align: justify;\">BURSA &#8211; Devlet Bakan\u0131 ve Ba\u015fbakan Yard\u0131mc\u0131s\u0131 B\u00fclent Ar\u0131n\u00e7, 2007 y\u0131l\u0131nda Cumhurba\u015fkanl\u0131\u011f\u0131 se\u00e7imleri s\u0131ras\u0131nda haz\u0131rland\u0131\u011f\u0131 iddia edilen bilgi notuyla ilgili soru \u00fczerine, &#8220;Daha \u00e7ok telefon, mektuplar \u00e7\u0131kacak. Bunlar\u0131 daha \u00e7ok konu\u015faca\u011f\u0131z&#8221; dedi. CHP Genel Ba\u015fkan\u0131 Kemal <\/p>\n","protected":false},"author":1,"featured_media":0,"comment_status":"open","ping_status":"closed","sticky":false,"template":"","format":"standard","meta":{"footnotes":""},"categories":[105],"tags":[],"class_list":["post-34045","post","type-post","status-publish","format-standard","hentry","category-gundem","odd"],"_links":{"self":[{"href":"http:\/\/www.korhanyilmaz.com\/index.php?rest_route=\/wp\/v2\/posts\/34045","targetHints":{"allow":["GET"]}}],"collection":[{"href":"http:\/\/www.korhanyilmaz.com\/index.php?rest_route=\/wp\/v2\/posts"}],"about":[{"href":"http:\/\/www.korhanyilmaz.com\/index.php?rest_route=\/wp\/v2\/types\/post"}],"author":[{"embeddable":true,"href":"http:\/\/www.korhanyilmaz.com\/index.php?rest_route=\/wp\/v2\/users\/1"}],"replies":[{"embeddable":true,"href":"http:\/\/www.korhanyilmaz.com\/index.php?rest_route=%2Fwp%2Fv2%2Fcomments&post=34045"}],"version-history":[{"count":0,"href":"http:\/\/www.korhanyilmaz.com\/index.php?rest_route=\/wp\/v2\/posts\/34045\/revisions"}],"wp:attachment":[{"href":"http:\/\/www.korhanyilmaz.com\/index.php?rest_route=%2Fwp%2Fv2%2Fmedia&parent=34045"}],"wp:term":[{"taxonomy":"category","embeddable":true,"href":"http:\/\/www.korhanyilmaz.com\/index.php?rest_route=%2Fwp%2Fv2%2Fcategories&post=34045"},{"taxonomy":"post_tag","embeddable":true,"href":"http:\/\/www.korhanyilmaz.com\/index.php?rest_route=%2Fwp%2Fv2%2Ftags&post=34045"}],"curies":[{"name":"wp","href":"https:\/\/api.w.org\/{rel}","templated":true}]}}