{"id":34041,"date":"2011-06-03T18:02:51","date_gmt":"2011-06-03T15:02:51","guid":{"rendered":"http:\/\/www.korhanyilmaz.com\/?p=34041"},"modified":"2011-06-03T18:02:51","modified_gmt":"2011-06-03T15:02:51","slug":"basbakanin-freni-yok","status":"publish","type":"post","link":"http:\/\/www.korhanyilmaz.com\/?p=34041","title":{"rendered":"&#8220;Ba\u015fbakan&#8217;\u0131n freni yok&#8221;"},"content":{"rendered":"<p style=\"text-align: justify;\"><a href=\"http:\/\/www.korhanyilmaz.com\/wp-content\/uploads\/2011\/06\/006.jpg\"  class=\"lightview\"><img loading=\"lazy\" decoding=\"async\" class=\"aligncenter size-full wp-image-34042\" src=\"http:\/\/www.korhanyilmaz.com\/wp-content\/uploads\/2011\/06\/006.jpg\" alt=\"\" width=\"322\" height=\"241\" \/><\/a><\/p>\n<p style=\"text-align: justify;\">CHP Antalya Milletvekili Aday\u0131 Deniz Baykal, Ba\u015fbakan Recep Tayyip Erdo\u011fan&#8217;\u0131n freni olmad\u0131\u011f\u0131n\u0131, herkesi y\u0131ld\u0131rd\u0131\u011f\u0131n\u0131 belirterek, &#8221;\u00dclkede korku hakim ve kendisine &#8216;Dur&#8217; diyecek mevki-makam kalmad\u0131&#8221; dedi.<\/p>\n<p style=\"text-align: justify;\">Antalya- Deniz Baykal, se\u00e7im \u00e7al\u0131\u015fmalar\u0131 \u00e7er\u00e7evesinde Antalya&#8217;n\u0131n Ka\u015f il\u00e7esine ba\u011fl\u0131 Kalkan beldesi, Kasaba ve Karada\u011f k\u00f6y\u00fcnde vatanda\u015flarla bir araya geldi. Baykal, \u00f6nce Kalkan beldesinde Belediye Ba\u015fkan\u0131 \u00d6mer Saim Karakurt&#8217;u makam\u0131nda ziyaret etti, daha sonra da CHP il\u00e7e ba\u015fkanlar\u0131yla bas\u0131na kapal\u0131 toplant\u0131 yapt\u0131. <!--more--><\/p>\n<p style=\"text-align: justify;\">Baykal, toplant\u0131n\u0131n ard\u0131ndan yat liman\u0131ndaki bir kafede vatanda\u015flarla bir araya geldi. D\u00fcnyan\u0131n en pahal\u0131 mazotunu T\u00fcrk \u00e7ift\u00e7isinin kulland\u0131\u011f\u0131n\u0131 vurgulayan Baykal, mazotun CHP iktidar\u0131nda 1,5 lira olaca\u011f\u0131n\u0131, bunun CHP&#8217;nin resmi parti taahh\u00fcd\u00fc oldu\u011fu s\u00f6yledi. Baykal, icral\u0131k duruma d\u00fc\u015fen \u00e7ift\u00e7inin en temel girdisi olan mazotta y\u00fczde 100 oran\u0131ndaki \u00d6TV&#8217;lerin kald\u0131r\u0131lmas\u0131yla fiyat\u0131n d\u00fc\u015f\u00fcr\u00fclece\u011fini anlatt\u0131.<\/p>\n<p style=\"text-align: justify;\">G\u00fcneydo\u011fu&#8217;da ya\u015fanan olaylara da de\u011finen Baykal, &#8221;Kepenkler kapanm\u0131\u015f, emniyet m\u00fcd\u00fcrlerini tokatl\u0131yorlar. Bundan 9-10 y\u0131l \u00f6ncesinde b\u00f6yle olaylar var m\u0131yd\u0131? Ac\u0131 bir manzara&#8221; dedi.<\/p>\n<p style=\"text-align: justify;\">\u0130ktidara tekrar g\u00f6rev verilmesi durumunda &#8216;T\u00fcrk milleti&#8217; s\u00f6z\u00fcn\u00fcn kald\u0131r\u0131ld\u0131\u011f\u0131 yeni bir anayasa ve bir ayr\u0131\u015fma ortaya \u00e7\u0131kmaya ba\u015flayaca\u011f\u0131n\u0131 savunan Baykal, \u015f\u00f6yle devam etti:<\/p>\n<p style=\"text-align: justify;\">&#8221;Ba\u015fbakan Erdo\u011fan, ba\u015fkanl\u0131k rejimine ge\u00e7ece\u011fim diyor. Zaten sen ba\u015fbakanl\u0131\u011f\u0131 o hale getirmi\u015fsin. Cumhurba\u015fkan\u0131&#8217;n\u0131n &#8216;dur&#8217; deme imkan\u0131 var m\u0131 hi\u00e7bir i\u015fine Ba\u015fbakan\u0131n? Bug\u00fcne kadar bir tek i\u015fine &#8216;dur&#8217; diyebildi mi? En b\u00fcy\u00fck yanl\u0131\u015f\u0131n\u0131 dahi onaylad\u0131. D\u00fc\u015f\u00fcn\u00fcn s\u0131n\u0131rlardaki may\u0131nlar\u0131n temizlenmesiyle ilgili bir kanun vard\u0131. May\u0131n\u0131 temizleme kar\u015f\u0131l\u0131\u011f\u0131nda 49 y\u0131ll\u0131\u011f\u0131na o araziyi i\u015fleme \u015fart\u0131yla \u0130srail&#8217;e verdiler. Anayasa Mahkemesine g\u00f6t\u00fcrd\u00fck ve oy birli\u011fi ile iptal edildi. Ba\u015fbakan&#8217;\u0131n freni yok. Herkesi y\u0131ld\u0131rd\u0131, \u00fclkede korku hakim ve kendisine &#8216;dur&#8217; diyecek mevki-makam kalmad\u0131. Anayasa Mahkemesi ve mahkemeler de fren olmaktan \u00e7\u0131kt\u0131.&#8221;<\/p>\n<p style=\"text-align: justify;\">&#8216;Il\u0131ml\u0131 \u0130slamiyet&#8217; ve &#8216;\u0130leri demokrasi&#8217; s\u00f6zlerini de ele\u015ftiren Baykal, \u0130slam dininin ad\u0131n\u0131n, peygamberinin, Kuran\u0131kerim&#8217;in belli oldu\u011funu ve \u0131l\u0131ml\u0131 \u0130slamiyet denilerek kafalar\u0131n\u0131n ard\u0131nda ba\u015fka \u015feyler yatt\u0131\u011f\u0131n\u0131 kaydetti. Erdo\u011fan&#8217;\u0131n &#8216;\u0130leri Demokrasi&#8217; kavram\u0131n\u0131n da &#8216;M\u00fcbarek Demokrasisi&#8217; oldu\u011funu belirten Baykal, &#8221;Ger\u00e7ek demokraside yarg\u0131 yolsuzluklar\u0131n hesab\u0131n\u0131 sorar. Almanya&#8217;da masum M\u00fcsl\u00fcman vatanda\u015flar\u0131m\u0131z\u0131n paralar\u0131 ile gemicik al\u0131yorlar, \u015firket ve televizyon kuruyorlar. Kaplumba\u011fa s\u0131rt\u0131nda T\u00fcrkiye&#8217;ye zorla getirtebildi\u011fimiz Deniz Feneri davas\u0131nda yolsuzlu\u011fu Alman mahkemeleri h\u00fckme ba\u011flam\u0131\u015f, iki y\u0131l ge\u00e7ti hala iddianame bile haz\u0131rlanamad\u0131&#8221; diye konu\u015ftu.<\/p>\n<p style=\"text-align: justify;\">MHP&#8217;de ya\u015fanan kaset olaylar\u0131na da de\u011finen Baykal, tertip ve tezgahlarla MHP&#8217;nin kaset olaylar\u0131yla Meclis&#8217;e sokulmamaya \u00e7al\u0131\u015f\u0131ld\u0131\u011f\u0131n\u0131 belirterek, &#8221;Hile, hurda, pusu kurarak komplo ile de\u011fi\u015ftirilecek Anayasa&#8217;dan, h\u00fck\u00fcmetten hay\u0131r gelir mi?&#8221; dedi.<\/p>\n<p style=\"text-align: justify;\">Baykal ve beraberindeki heyet, daha sonra Kasaba ve Karada\u011f k\u00f6ylerini de ziyaret etti.<\/p>\n<p style=\"text-align: justify;\"><a href=\"http:\/\/www.cumhuriyet.com.tr\/?hn=250008\" target=\"_blank\">Kaynak : Cumhuriyet Haber Portal\u0131<\/a><\/p>\n","protected":false},"excerpt":{"rendered":"<p style=\"text-align: justify;\">\n<p style=\"text-align: justify;\">CHP Antalya Milletvekili Aday\u0131 Deniz Baykal, Ba\u015fbakan Recep Tayyip Erdo\u011fan&#8217;\u0131n freni olmad\u0131\u011f\u0131n\u0131, herkesi y\u0131ld\u0131rd\u0131\u011f\u0131n\u0131 belirterek, &#8221;\u00dclkede korku hakim ve kendisine &#8216;Dur&#8217; diyecek mevki-makam kalmad\u0131&#8221; dedi.<\/p>\n<p style=\"text-align: justify;\">Antalya- Deniz Baykal, se\u00e7im \u00e7al\u0131\u015fmalar\u0131 \u00e7er\u00e7evesinde Antalya&#8217;n\u0131n Ka\u015f il\u00e7esine ba\u011fl\u0131 Kalkan beldesi, Kasaba ve Karada\u011f k\u00f6y\u00fcnde vatanda\u015flarla bir araya geldi. Baykal, \u00f6nce Kalkan <\/p>\n","protected":false},"author":1,"featured_media":0,"comment_status":"open","ping_status":"closed","sticky":false,"template":"","format":"standard","meta":{"footnotes":""},"categories":[105],"tags":[],"class_list":["post-34041","post","type-post","status-publish","format-standard","hentry","category-gundem","odd"],"_links":{"self":[{"href":"http:\/\/www.korhanyilmaz.com\/index.php?rest_route=\/wp\/v2\/posts\/34041","targetHints":{"allow":["GET"]}}],"collection":[{"href":"http:\/\/www.korhanyilmaz.com\/index.php?rest_route=\/wp\/v2\/posts"}],"about":[{"href":"http:\/\/www.korhanyilmaz.com\/index.php?rest_route=\/wp\/v2\/types\/post"}],"author":[{"embeddable":true,"href":"http:\/\/www.korhanyilmaz.com\/index.php?rest_route=\/wp\/v2\/users\/1"}],"replies":[{"embeddable":true,"href":"http:\/\/www.korhanyilmaz.com\/index.php?rest_route=%2Fwp%2Fv2%2Fcomments&post=34041"}],"version-history":[{"count":0,"href":"http:\/\/www.korhanyilmaz.com\/index.php?rest_route=\/wp\/v2\/posts\/34041\/revisions"}],"wp:attachment":[{"href":"http:\/\/www.korhanyilmaz.com\/index.php?rest_route=%2Fwp%2Fv2%2Fmedia&parent=34041"}],"wp:term":[{"taxonomy":"category","embeddable":true,"href":"http:\/\/www.korhanyilmaz.com\/index.php?rest_route=%2Fwp%2Fv2%2Fcategories&post=34041"},{"taxonomy":"post_tag","embeddable":true,"href":"http:\/\/www.korhanyilmaz.com\/index.php?rest_route=%2Fwp%2Fv2%2Ftags&post=34041"}],"curies":[{"name":"wp","href":"https:\/\/api.w.org\/{rel}","templated":true}]}}