{"id":34036,"date":"2011-06-03T08:54:14","date_gmt":"2011-06-03T05:54:14","guid":{"rendered":"http:\/\/www.korhanyilmaz.com\/?p=34036"},"modified":"2011-06-03T08:54:14","modified_gmt":"2011-06-03T05:54:14","slug":"the-economist-chpye-oy-verin","status":"publish","type":"post","link":"http:\/\/www.korhanyilmaz.com\/?p=34036","title":{"rendered":"The Economist: CHP&#8217;ye oy verin"},"content":{"rendered":"<p style=\"text-align: justify;\"><a href=\"http:\/\/www.korhanyilmaz.com\/wp-content\/uploads\/2011\/06\/005.jpg\"  class=\"lightview\"><img loading=\"lazy\" decoding=\"async\" class=\"aligncenter size-full wp-image-34037\" src=\"http:\/\/www.korhanyilmaz.com\/wp-content\/uploads\/2011\/06\/005.jpg\" alt=\"\" width=\"276\" height=\"207\" \/><\/a><\/p>\n<p style=\"text-align: justify;\">D\u00fcnyan\u0131n \u00f6nde gelen haber ve ekonomi dergilerinden The Economist, ilgin\u00e7 bir \u00e7\u0131k\u0131\u015f yaparak T\u00fcrkiye&#8217;de demokrasinin g\u00fc\u00e7lendirilmesi i\u00e7in 12 Haziran&#8217;da yap\u0131lacak se\u00e7imde, CHP&#8217;ye oy verilmesini istedi.<\/p>\n<p style=\"text-align: justify;\">Londra- Ba\u015fyaz\u0131s\u0131nda &#8220;T\u00fcrkler i\u00e7in demokrasiyi te\u015fvik etmenin en iyi yolu, iktidardaki partiye kar\u015f\u0131 oy kullanmak olur&#8221; diyen dergi, AKP&#8217;nin se\u00e7imde \u00fc\u00e7te iki \u00e7o\u011funlu\u011funa yakla\u015fmas\u0131n\u0131n T\u00fcrkiye i\u00e7in &#8220;k\u00f6t\u00fc&#8221; olaca\u011f\u0131 iddias\u0131nda bulundu. <!--more--><\/p>\n<p style=\"text-align: justify;\">T\u00fcrkiye&#8217;deki 12 Haziran se\u00e7imlerine k\u0131sa bir s\u00fcre kala \u0130ngiliz The Economist dergisi, se\u00e7im konusunu hem ba\u015fyaz\u0131s\u0131nda hem de geni\u015f bir haberde de\u011ferlendirdi. Derginin ba\u015fyaz\u0131s\u0131nda, &#8220;T\u00fcrkler i\u00e7in demokrasiyi te\u015fvik etmenin en iyi yolu, iktidardaki partiye kar\u015f\u0131 oy kullanmak olur&#8221; spotunu kullanmas\u0131 dikkat \u00e7ekti.<\/p>\n<p style=\"text-align: justify;\"><strong>&#8220;T\u00fcrkiye d\u00fcnyada ve ekonomide siyasi bir g\u00fc\u00e7 oldu&#8221; <\/strong><\/p>\n<p style=\"text-align: justify;\">The Economist, ba\u015far\u0131lar\u0131 sayesinde T\u00fcrkiye&#8217;nin hem b\u00f6lgesinde hem de d\u00fcnyada &#8220;ekonomik ve siyasi g\u00fc\u00e7&#8221; haline geldi\u011fini vurguland\u0131\u011f\u0131 ba\u015fyaz\u0131s\u0131nda &#8220;T\u00fcrk se\u00e7menlerinin 12 Haziran se\u00e7iminde yine Say\u0131n Erdo\u011fan&#8217;\u0131 iktidara getirecek olmas\u0131, \u015fa\u015f\u0131rt\u0131c\u0131 de\u011fil. Ancak, kayg\u0131 vericidir&#8221; dedikten sonra AKP&#8217;nin \u00fc\u00e7te iki \u00e7o\u011funlu\u011funa yakla\u015fmas\u0131n\u0131n &#8220;T\u00fcrkiye i\u00e7in k\u00f6t\u00fc olaca\u011f\u0131&#8221;n\u0131 \u00f6ne s\u00fcrd\u00fc.<\/p>\n<p style=\"text-align: justify;\"><strong>&#8220;AKP konusunda ger\u00e7ek kayg\u0131 din de\u011fil demokrasi&#8221; <\/strong><\/p>\n<p style=\"text-align: justify;\">AKP&#8217;nin pragmatik bir tutum tak\u0131nd\u0131\u011f\u0131n\u0131, &#8220;ho\u015fg\u00f6r\u00fcl\u00fc T\u00fcrkiye&#8217;yi sonraki ho\u015fg\u00f6r\u00fcs\u00fcz \u0130ran&#8217;a d\u00f6n\u00fc\u015ft\u00fcrmeye \u00e7al\u0131\u015ft\u0131\u011f\u0131 y\u00f6n\u00fcnde pek kan\u0131t bulunmad\u0131\u011f\u0131n\u0131&#8221; yazan dergi, \u015fu savlar\u0131 \u00f6ne s\u00fcrd\u00fc:<\/p>\n<p style=\"text-align: justify;\">&#8220;AKP konusunda ger\u00e7ek kayg\u0131, din de\u011fil, demokrasi ile ilgilidir. Say\u0131n Erdo\u011fan, ordu ve yarg\u0131 ile m\u00fccadeleyi kazand\u0131ktan bu yana \u00e7ok az denetimle kar\u015f\u0131 kar\u015f\u0131ya kald\u0131.&#8221;<\/p>\n<p style=\"text-align: justify;\"><strong>&#8220;T\u00fcrbana ho\u015fg\u00f6r\u00fc, i\u00e7kiye ho\u015fg\u00f6r\u00fcs\u00fczl\u00fck&#8221;<\/strong><\/p>\n<p style=\"text-align: justify;\">Se\u00e7imleri AKP&#8217;nin kazaca\u011f\u0131 konusunda bir ku\u015fku bulunmad\u0131\u011f\u0131n\u0131 kaydeden dergi, se\u00e7menlerin ekonomideki geli\u015fmelerden, d\u0131\u015f politikadan ve ordunun siyasetten uzakla\u015ft\u0131r\u0131lmas\u0131ndan ho\u015fnut olduklar\u0131n\u0131 iddia ettikten sonra \u015f\u00f6yle devam etti:<\/p>\n<p style=\"text-align: justify;\">&#8220;Ancak se\u00e7im, ekonomiden, AB&#8217;den, d\u0131\u015f politikadan, ordudan bile \u00e7ok \u00f6tede. Son y\u0131llarda i\u015fleri t\u0131k\u0131r\u0131nda olan bir\u00e7ok laik T\u00fcrk, zafer elde eden AK Parti&#8217;nin \u00fclkelerini g\u00f6t\u00fcrece\u011fi y\u00f6n konusunda kayg\u0131l\u0131 olmay\u0131 s\u00fcrd\u00fcr\u00fcyor. M\u00fcsl\u00fcman t\u00fcrban\u0131na yeni bir ho\u015fg\u00f6r\u00fc, i\u00e7kiye ise ho\u015fg\u00f6r\u00fcs\u00fczl\u00fck, poliste k\u0131smen \u00e7ok g\u00fc\u00e7l\u00fc bi\u00e7imde temsil ediliyor gibi g\u00f6r\u00fclen pek saydam olmayan Fethullah G\u00fclen hareketinden esinlenen \u00e7ok daha \u0130slami bir gelece\u011fe i\u015faret ediyor.&#8221;<\/p>\n<p style=\"text-align: justify;\"><strong>&#8220;Se\u00e7imi kritik yapan, Erdo\u011fan&#8217;\u0131n Anayasay\u0131 yeniden yazma h\u0131rs\u0131&#8221; <\/strong><\/p>\n<p style=\"text-align: justify;\">The Economist &#8220;Se\u00e7imi o kadar kritik yapan, Say\u0131n Erdo\u011fan&#8217;\u0131n T\u00fcrk anayasas\u0131n\u0131 yeniden yazma h\u0131rs\u0131&#8221; dedi\u011fi haberinde se\u00e7imin sonucunu, ba\u011f\u0131ms\u0131zlar\u0131n ka\u00e7 sandalye kazanaca\u011f\u0131 ve MHP&#8217;nin baraj\u0131 a\u015f\u0131p a\u015fmayaca\u011f\u0131 olmak \u00fczere iki fakt\u00f6r\u00fcn belirleyece\u011fini savundu.<\/p>\n<p style=\"text-align: justify;\">Yeni bir anayasan\u0131n haz\u0131rlanmas\u0131 konusu ve Ba\u015fbakan Erdo\u011fan&#8217;\u0131n ba\u015fkanl\u0131k sistemi iste\u011fine dikkat \u00e7ekilen haberde &#8220;Bu konular \u00f6nemli \u00e7\u00fcnk\u00fc sonraki h\u00fck\u00fcmet, daha zor bir d\u00f6nem ve baz\u0131 karma\u015f\u0131k sorunlarla kar\u015f\u0131 kar\u015f\u0131ya kalacak&#8221; yorumu yap\u0131ld\u0131. Haberde Maliye Bakan\u0131 Mehmet \u015eim\u015fek&#8217;in ekonominin &#8220;\u00e7ok \u0131s\u0131nd\u0131\u011f\u0131n\u0131&#8221; kabul etti\u011fini ancak \u015fimdi h\u0131zla so\u011fudu\u011funu s\u00f6yledi\u011fi de kaydedildi.<\/p>\n<p style=\"text-align: justify;\"><strong>&#8220;Yabanc\u0131 para kurursa T\u00fcrkiye kolayca iflasa gidebilir&#8221; <\/strong><\/p>\n<p style=\"text-align: justify;\">Haberde ekonominin so\u011fumakta olsa da &#8220;ciddi zay\u0131fl\u0131klar\u0131&#8221; bulundu\u011fu savunularak t\u00fcketici harcamalar\u0131ndaki savurganl\u0131k ve b\u00fcy\u00fck bir yabanc\u0131 sermaye giri\u015finin, cari a\u00e7\u0131\u011f\u0131, GSYH&#8217;n\u0131n y\u00fczde 8&#8217;e geni\u015fletti\u011fi belirtildi ve \u015f\u00f6yle devam edildi:<\/p>\n<p style=\"text-align: justify;\">&#8220;Yabanc\u0131 para birdenbire kurursa, T\u00fcrkiye kolayca yine kendini iflas durumuna y\u00f6nelmi\u015f bulabilir. Mali politika, daha fazla ve daha erken s\u0131k\u0131la\u015ft\u0131r\u0131lmal\u0131yd\u0131. Ve s\u0131k\u0131 kurullara tabii i\u015fg\u00fcc\u00fc ve \u00fcr\u00fcn piyasalar\u0131n\u0131n serbestle\u015ftirilmesi i\u00e7in \u00e7ok daha fazlas\u0131 yap\u0131lmal\u0131. Zengin \u00fclkelerden olu\u015fan OECD kul\u00fcb\u00fcnde T\u00fcrkiye, iki konuda liste sonu, i\u015fsizlik, \u00f6zellikle do\u011fuda ve gen\u00e7ler aras\u0131nda y\u00fcksek olmay\u0131 s\u00fcrd\u00fcr\u00fcyor ve kad\u0131nlar\u0131n i\u015fg\u00fcc\u00fcne kat\u0131l\u0131m\u0131 oran\u0131 geriledi. K\u0131sacas\u0131, Say\u0131n \u015eim\u015fek&#8217;in, T\u00fcrk ekonomisini modernize ve reform etmek i\u00e7in yapaca\u011f\u0131 daha \u00e7ok \u015fey var.&#8221;<\/p>\n<p style=\"text-align: justify;\"><strong>Yolsuzluklar sanki art\u0131yor, T\u00fcrkiye&#8217;de \u00c7in&#8217;den fazla gazeteci cezaevinde <\/strong><\/p>\n<p style=\"text-align: justify;\">Bunun sonucunda Erdo\u011fan&#8217;\u0131n daha &#8220;ho\u015fg\u00f6r\u00fcs\u00fczl\u00fck g\u00f6sterdi\u011fini, otokratik i\u00e7g\u00fcd\u00fclerinin beslendi\u011fini&#8221; yazan dergi &#8220;Yolsuzluk sanki art\u0131yor. Bas\u0131n \u00f6rg\u00fcrl\u00fc\u011f\u00fc sald\u0131r\u0131 alt\u0131nda: T\u00fcrkiye&#8217;de \u00c7in&#8217;den fazla gazeteci cezaevinde. Bir\u00e7ok eski subay dahil, Say\u0131n Erdo\u011fan&#8217;\u0131 ele\u015ftirenler ve ona husumet g\u00fcdenler, kayg\u0131 verici say\u0131da soru\u015fturma alt\u0131nda ve baz\u0131 vakalarda abart\u0131l\u0131 komplo su\u00e7lamalar\u0131yla&#8221; savlar\u0131na yer verdi.<\/p>\n<p style=\"text-align: justify;\"><strong>&#8220;Ba\u015fkanl\u0131k sistemi hata olur&#8221; <\/strong><\/p>\n<p style=\"text-align: justify;\">Buna ek olarak Erdo\u011fan&#8217;\u0131n &#8220;daha keskin&#8221; bir milliyet\u00e7i ton benimsedi\u011fini de savunan The Economist, Erdo\u011fan&#8217;\u0131n se\u00e7im kazanmas\u0131 halinde &#8220;Frans\u0131z tipi g\u00fc\u00e7l\u00fc bir ba\u015fkanl\u0131k sistemini yaratmak amac\u0131yla anayasay\u0131 de\u011fi\u015ftirece\u011fini ima etti\u011fini&#8221; belirterek &#8220;Zaten a\u015f\u0131r\u0131 merkezile\u015fmi\u015f bir \u00fclkede hata olur&#8221; g\u00f6r\u00fc\u015f\u00fcn\u00fc dile getirdi.<\/p>\n<p style=\"text-align: justify;\">The Economist, AKP h\u00fck\u00fcmetinin &#8220;daha kapsay\u0131c\u0131&#8221; bir yakla\u015f\u0131m\u0131 benimseyerek yeni anayasan\u0131n di\u011fer siyasi partiler ve ilgili gruplarla isti\u015fare i\u00e7inde haz\u0131rlanmas\u0131n\u0131 istedi\u011fi yaz\u0131s\u0131nda bunun sa\u011flaman\u0131n en iyi yolunun da, ana muhalefet partisinin oyunu yukar\u0131ya \u00e7ekmek olaca\u011f\u0131n\u0131 savundu.<\/p>\n<p style=\"text-align: justify;\"><strong>&#8220;K\u0131l\u0131\u00e7daro\u011flu &#8220;Dinazor selefine g\u00f6re b\u00fcy\u00fck bir iyile\u015fme&#8221; <\/strong><\/p>\n<p style=\"text-align: justify;\">CHP&#8217;nin yeni lideri Kemal K\u0131l\u0131\u00e7daro\u011flu&#8217;nun, &#8220;dinozor selefine g\u00f6re b\u00fcy\u00fck bir iyile\u015fme&#8221; olu\u015fturdu\u011funu savunan dergi, K\u0131l\u0131\u00e7daro\u011flu&#8217;nun, &#8220;partideki eski t\u00fcfekleri temizledi\u011fini, yolsuzlu\u011fa kar\u015f\u0131 ho\u015fg\u00f6r\u00fcs\u00fcz oldu\u011funu ve partiyi, ordunun siyasette rol almas\u0131na i\u00e7g\u00fcd\u00fcsel sempatisinden uzakla\u015ft\u0131rd\u0131\u011f\u0131n\u0131&#8221; belirtti.<\/p>\n<p style=\"text-align: justify;\">Yaz\u0131da K\u0131l\u0131\u00e7daro\u011flu&#8217;nun, T\u00fcrkiye&#8217;nin t\u00fcm illerine daha b\u00fcy\u00fck \u00f6zerklik vermekten s\u00f6z etmesinin partinin G\u00fcneydo\u011fu&#8217;daki mitinglerine ilgiyi art\u0131rd\u0131\u011f\u0131 belirtildikten sonra \u015fu sat\u0131rlara yer verildi:<\/p>\n<p style=\"text-align: justify;\"><strong>The Economist&#8217;in tavsiyesi <\/strong><\/p>\n<p style=\"text-align: justify;\">&#8220;AK Partinin, yeni h\u00fck\u00fcmeti kuraca\u011f\u0131 adeta kesin gibi. Ancak T\u00fcrklere, CHP i\u00e7in oy vermelerini tavsiye ederiz. Say\u0131n K\u0131l\u0131\u00e7daro\u011flu&#8217;nun partisinin daha g\u00fc\u00e7l\u00fc bir performans g\u00f6stermesi, anayasay\u0131 daha k\u00f6t\u00fc hale getirecek tek tarafl\u0131 de\u011fi\u015fiklikler riskini azaltacak ve muhalefete, gelecekteki bir se\u00e7imi kazanmas\u0131 i\u00e7in adil bir \u015fans verecek. Bu, T\u00fcrkiye&#8217;nin demokrasisi i\u00e7in a\u00e7\u0131k farkla en iyi garanti olur.&#8221;<\/p>\n<p style=\"text-align: justify;\"><a href=\"http:\/\/www.cumhuriyet.com.tr\/?hn=249834\" target=\"_blank\">Kaynak : Cumhuriyet Haber Portal\u0131<\/a><\/p>\n","protected":false},"excerpt":{"rendered":"<p style=\"text-align: justify;\">\n<p style=\"text-align: justify;\">D\u00fcnyan\u0131n \u00f6nde gelen haber ve ekonomi dergilerinden The Economist, ilgin\u00e7 bir \u00e7\u0131k\u0131\u015f yaparak T\u00fcrkiye&#8217;de demokrasinin g\u00fc\u00e7lendirilmesi i\u00e7in 12 Haziran&#8217;da yap\u0131lacak se\u00e7imde, CHP&#8217;ye oy verilmesini istedi.<\/p>\n<p style=\"text-align: justify;\">Londra- Ba\u015fyaz\u0131s\u0131nda &#8220;T\u00fcrkler i\u00e7in demokrasiyi te\u015fvik etmenin en iyi yolu, iktidardaki partiye kar\u015f\u0131 oy kullanmak olur&#8221; diyen dergi, AKP&#8217;nin se\u00e7imde \u00fc\u00e7te iki \u00e7o\u011funlu\u011funa <\/p>\n","protected":false},"author":1,"featured_media":0,"comment_status":"open","ping_status":"closed","sticky":false,"template":"","format":"standard","meta":{"footnotes":""},"categories":[105],"tags":[],"class_list":["post-34036","post","type-post","status-publish","format-standard","hentry","category-gundem","odd"],"_links":{"self":[{"href":"http:\/\/www.korhanyilmaz.com\/index.php?rest_route=\/wp\/v2\/posts\/34036","targetHints":{"allow":["GET"]}}],"collection":[{"href":"http:\/\/www.korhanyilmaz.com\/index.php?rest_route=\/wp\/v2\/posts"}],"about":[{"href":"http:\/\/www.korhanyilmaz.com\/index.php?rest_route=\/wp\/v2\/types\/post"}],"author":[{"embeddable":true,"href":"http:\/\/www.korhanyilmaz.com\/index.php?rest_route=\/wp\/v2\/users\/1"}],"replies":[{"embeddable":true,"href":"http:\/\/www.korhanyilmaz.com\/index.php?rest_route=%2Fwp%2Fv2%2Fcomments&post=34036"}],"version-history":[{"count":0,"href":"http:\/\/www.korhanyilmaz.com\/index.php?rest_route=\/wp\/v2\/posts\/34036\/revisions"}],"wp:attachment":[{"href":"http:\/\/www.korhanyilmaz.com\/index.php?rest_route=%2Fwp%2Fv2%2Fmedia&parent=34036"}],"wp:term":[{"taxonomy":"category","embeddable":true,"href":"http:\/\/www.korhanyilmaz.com\/index.php?rest_route=%2Fwp%2Fv2%2Fcategories&post=34036"},{"taxonomy":"post_tag","embeddable":true,"href":"http:\/\/www.korhanyilmaz.com\/index.php?rest_route=%2Fwp%2Fv2%2Ftags&post=34036"}],"curies":[{"name":"wp","href":"https:\/\/api.w.org\/{rel}","templated":true}]}}