{"id":34029,"date":"2011-06-03T08:09:06","date_gmt":"2011-06-03T05:09:06","guid":{"rendered":"http:\/\/www.korhanyilmaz.com\/?p=34029"},"modified":"2011-06-03T08:09:06","modified_gmt":"2011-06-03T05:09:06","slug":"biz-yazmaktan-yorulduk-medya-ayni-tezgaha-dusmekten-yorulmadi","status":"publish","type":"post","link":"http:\/\/www.korhanyilmaz.com\/?p=34029","title":{"rendered":"Biz yazmaktan yorulduk medya ayn\u0131 tezgaha d\u00fc\u015fmekten yorulmad\u0131.."},"content":{"rendered":"<p style=\"text-align: justify;\"><a href=\"http:\/\/www.korhanyilmaz.com\/wp-content\/uploads\/2011\/06\/004.jpg\"  class=\"lightview\"><img loading=\"lazy\" decoding=\"async\" class=\"aligncenter size-full wp-image-34030\" src=\"http:\/\/www.korhanyilmaz.com\/wp-content\/uploads\/2011\/06\/004.jpg\" alt=\"\" width=\"374\" height=\"214\" \/><\/a><\/p>\n<p style=\"text-align: justify;\">Ne zaman Ergenekon, Balyoz, Poyrazk\u00f6y vs. Ad\u0131 ne olursa olsun, bir operasyon yap\u0131lsa medyaya mutlaka bir s\u00f6zde \u201c<strong>belge<\/strong>\u201d s\u0131zd\u0131r\u0131l\u0131yor.<\/p>\n<p style=\"text-align: justify;\">Son olay; Harp Akademileri Komutan\u0131 Orgeneral <strong>Bilgin Balanl\u0131<\/strong> ile ilgili.<\/p>\n<p style=\"text-align: justify;\">D\u00fc\u015f\u00fcnebiliyor musnuz; Hava Kuvvetleri Komutanl\u0131\u011f\u0131 kendi topraklar\u0131n\u0131 bombalayacak!<!--more--><\/p>\n<p style=\"text-align: justify;\">\u201c<strong>\u0130nsaf<\/strong>\u201d s\u00f6zc\u00fc\u011f\u00fc bile yetersiz kal\u0131yor art\u0131k.<\/p>\n<p style=\"text-align: justify;\">B\u00f6ylesine bir bilgi kirlili\u011fi onlarca kez yap\u0131ld\u0131, onlarca kez yalan oldu\u011fu mahkemelerde ortaya \u00e7\u0131kt\u0131.<\/p>\n<p style=\"text-align: justify;\">CNN T\u00dcRK ve Milliyet bir de muhabir g\u00f6nderiyor. \u201c<strong>\u0130\u015fte o \u00e7iftlik<\/strong>\u201d diye&#8230;<\/p>\n<p style=\"text-align: justify;\">Neymi\u015f; Bilgin Balanl\u0131, <strong>Nak\u015fibendi tarikat\u0131n\u0131n Menzil koluna ait Bilvanis \u00c7iftli\u011fi<\/strong>\u2019ni havadan takip emri vermi\u015f. Bu da o \u00e7iftli\u011fe hava harekat\u0131 d\u00fczenlenmesi i\u00e7inmi\u015f.<\/p>\n<p style=\"text-align: justify;\">Soru \u015fu:<\/p>\n<p style=\"text-align: justify;\"><strong>Niye Nak\u015fibendi \u00e7iftli\u011fi?<\/strong><\/p>\n<p style=\"text-align: justify;\">Yan\u0131t \u015fu:<\/p>\n<p style=\"text-align: justify;\">Menzil \u015eeyhi <strong>Ra\u015fit Erol<\/strong>\u2019un o\u011flu <strong>Fevzeddin Erol<\/strong>\u2019un hedeflemi\u015f gibi g\u00f6sterilmesinin nedeni, Nak\u015fi oylar\u0131n\u0131n AKP\u2019den uzakla\u015fmas\u0131.<\/p>\n<p style=\"text-align: justify;\">Nak\u015filer \u00fczerinde \u201c<strong>bak\u0131n TSK\u2019da size d\u00fc\u015fmanlar var, sizi \u00f6ld\u00fcrmek istiyorlar, biz de bunu engelliyoruz<\/strong>\u201d alg\u0131s\u0131 olu\u015fturulmak isteniyor.<\/p>\n<p style=\"text-align: justify;\">Bak\u0131n\u0131z, benzer operasyon C\u00fcppeli Ahmet Hoca i\u00e7in de yap\u0131ld\u0131. \u0130smaila\u011fa Cemaati lideri <strong>Mahmut Ustaosmano\u011flu\u2019nun veliaht\u0131 C\u00fcppeli<\/strong> oldu\u011fu i\u00e7in, C\u00fcppeli\u2019ye ait seks g\u00f6r\u00fcnt\u00fcleri internete s\u0131zd\u0131r\u0131ld\u0131.<\/p>\n<p style=\"text-align: justify;\">Bu arada, Nak\u015fibendilerin \u00f6nde gelen isimlerinden <strong>Nurettin Co\u015fan<\/strong>, se\u00e7imde <strong>MHP<\/strong>\u2019ye destek vereceklerini a\u00e7\u0131klad\u0131.<\/p>\n<p style=\"text-align: justify;\">Evet, medyada soru yok. Gazeteciler s\u00fcr\u00fcye kat\u0131lm\u0131\u015f durumda. Polis, savc\u0131 ne verirse medya bunu haber yap\u0131yor. Hi\u00e7bir \u015f\u00fcphe bar\u0131nd\u0131rmadan man\u015fetler at\u0131l\u0131yor. Islak imzas\u0131z bir d\u00f6k\u00fcmandan \u201cbelge\u201d diye s\u00f6zediliyor.<\/p>\n<p style=\"text-align: justify;\">Ve bir de\u011fil, iki de\u011fil, \u00fc\u00e7 de\u011fil&#8230;<\/p>\n<p style=\"text-align: justify;\">Biz yazmaktan yorulduk, medya bu tezgaha d\u00fc\u015fmekten yorulmad\u0131.<\/p>\n<p style=\"text-align: justify;\"><a href=\"http:\/\/www.odatv.com\/n.php?n=biz-yazmaktan-yorulduk-medya-ayni-tezgaha-dusmekten-yorulmadi--0306111200\" target=\"_blank\">Kaynak : Odatv.com<\/a><\/p>\n","protected":false},"excerpt":{"rendered":"<p style=\"text-align: justify;\">\n<p style=\"text-align: justify;\">Ne zaman Ergenekon, Balyoz, Poyrazk\u00f6y vs. Ad\u0131 ne olursa olsun, bir operasyon yap\u0131lsa medyaya mutlaka bir s\u00f6zde \u201cbelge\u201d s\u0131zd\u0131r\u0131l\u0131yor.<\/p>\n<p style=\"text-align: justify;\">Son olay; Harp Akademileri Komutan\u0131 Orgeneral Bilgin Balanl\u0131 ile ilgili.<\/p>\n<p style=\"text-align: justify;\">D\u00fc\u015f\u00fcnebiliyor musnuz; Hava Kuvvetleri Komutanl\u0131\u011f\u0131 kendi topraklar\u0131n\u0131 bombalayacak!<\/p>\n","protected":false},"author":1,"featured_media":0,"comment_status":"open","ping_status":"closed","sticky":false,"template":"","format":"standard","meta":{"footnotes":""},"categories":[105],"tags":[],"class_list":["post-34029","post","type-post","status-publish","format-standard","hentry","category-gundem","odd"],"_links":{"self":[{"href":"http:\/\/www.korhanyilmaz.com\/index.php?rest_route=\/wp\/v2\/posts\/34029","targetHints":{"allow":["GET"]}}],"collection":[{"href":"http:\/\/www.korhanyilmaz.com\/index.php?rest_route=\/wp\/v2\/posts"}],"about":[{"href":"http:\/\/www.korhanyilmaz.com\/index.php?rest_route=\/wp\/v2\/types\/post"}],"author":[{"embeddable":true,"href":"http:\/\/www.korhanyilmaz.com\/index.php?rest_route=\/wp\/v2\/users\/1"}],"replies":[{"embeddable":true,"href":"http:\/\/www.korhanyilmaz.com\/index.php?rest_route=%2Fwp%2Fv2%2Fcomments&post=34029"}],"version-history":[{"count":0,"href":"http:\/\/www.korhanyilmaz.com\/index.php?rest_route=\/wp\/v2\/posts\/34029\/revisions"}],"wp:attachment":[{"href":"http:\/\/www.korhanyilmaz.com\/index.php?rest_route=%2Fwp%2Fv2%2Fmedia&parent=34029"}],"wp:term":[{"taxonomy":"category","embeddable":true,"href":"http:\/\/www.korhanyilmaz.com\/index.php?rest_route=%2Fwp%2Fv2%2Fcategories&post=34029"},{"taxonomy":"post_tag","embeddable":true,"href":"http:\/\/www.korhanyilmaz.com\/index.php?rest_route=%2Fwp%2Fv2%2Ftags&post=34029"}],"curies":[{"name":"wp","href":"https:\/\/api.w.org\/{rel}","templated":true}]}}