{"id":34024,"date":"2011-06-03T07:37:59","date_gmt":"2011-06-03T04:37:59","guid":{"rendered":"http:\/\/www.korhanyilmaz.com\/?p=34024"},"modified":"2011-06-03T07:37:59","modified_gmt":"2011-06-03T04:37:59","slug":"34024","status":"publish","type":"post","link":"http:\/\/www.korhanyilmaz.com\/?p=34024","title":{"rendered":"Yarg\u0131tay nas\u0131l ele ge\u00e7irildi.."},"content":{"rendered":"<p style=\"text-align: center;\"><a href=\"http:\/\/www.korhanyilmaz.com\/wp-content\/uploads\/2011\/06\/002.jpg\"  class=\"lightview\"><img loading=\"lazy\" decoding=\"async\" class=\"aligncenter size-full wp-image-34025\" src=\"http:\/\/www.korhanyilmaz.com\/wp-content\/uploads\/2011\/06\/002.jpg\" alt=\"\" width=\"419\" height=\"203\" \/><\/a><\/p>\n<p style=\"text-align: justify;\">AKP 12 Eyl\u00fcl referandumunu \u201c10\u201d se\u00e7im \u00f6neminde say\u0131yor, 12 Haziran genel se\u00e7imini de \u201c20\u201d referandum \u00f6neminde\u2026 100 y\u0131ll\u0131k \u0130ttihat\u00e7\u0131 rejimle son hesapla\u015fma olarak g\u00f6r\u00fcp, yazan \u00e7izenler bile var; t\u0131pk\u0131 2004 yerel se\u00e7imlerinde, \u201c84 y\u0131ll\u0131k karanl\u0131\u011fa son\u201d dedikleri gibi\u2026 <!--more--><\/p>\n<p style=\"text-align: justify;\">Art\u0131k a\u00e7\u0131k ve netler: Cumhuriyet\u2019le hesapla\u015f\u0131yorlar; Cumhuriyet\u2019in kurumlar\u0131n\u0131 y\u00f6netmek i\u00e7in de\u011fil, par\u00e7alamak i\u00e7in ele ge\u00e7iriyorlar!<\/p>\n<p style=\"text-align: justify;\">Bir darbe de Yarg\u0131tay\u2019a vurdular!<\/p>\n<p style=\"text-align: justify;\">An\u0131msayal\u0131m:<\/p>\n<p style=\"text-align: justify;\"><strong>\u0130LK HEDEF HSYK <\/strong><\/p>\n<p style=\"text-align: justify;\">Yarg\u0131 uzun s\u00fcre, i\u015f y\u00fck\u00fcn\u00fcn a\u011f\u0131rl\u0131\u011f\u0131 nedeniyle ek daire talep etti. Y\u00fcr\u00fctmenin umurunda olmad\u0131. Ki y\u00fcr\u00fctme yarg\u0131y\u0131 \u00f6n\u00fcnde engel olarak g\u00f6rd\u00fc\u011f\u00fcn\u00fc zaten s\u00f6yleyip duruyordu&#8230; Yarg\u0131tay\u2019a ek daireler i\u00e7in \u015fartlar hen\u00fcz olu\u015fmam\u0131\u015ft\u0131. Daire \u015fimdi olu\u015fturulsa, oraya y\u00fcr\u00fctmenin \u201cba\u015f belas\u0131\u201d HSYK \u00fcye belirleyecekti. (Zaten HSYK\u2019n\u0131n di\u011fer g\u00f6revlerde de atama yapmamas\u0131 i\u00e7in, kurul ba\u015fkan\u0131 bir s\u00fcredir toplant\u0131lara kat\u0131lm\u0131yordu!) Bu, i\u015f y\u00fck\u00fc pahas\u0131na kabul edilemezdi.<\/p>\n<p style=\"text-align: justify;\">Derken ajandadan \u201canayasa de\u011fi\u015fiklik paketi\u201d \u00e7\u0131kar\u0131ld\u0131 ve \u201cyetmez ama evet\u00e7i\u201dlerin de deste\u011fiyle, paket 12 Eyl\u00fcl referandumunda ge\u00e7ti. Paketin en \u00f6nemli unsuru HSYK\u2019n\u0131n geni\u015fletilmesiydi. Evet, art\u0131k \u015fartlar olu\u015fmu\u015ftu!<\/p>\n<p style=\"text-align: justify;\">Adalet Bakanl\u0131\u011f\u0131\u2019n\u0131n \u201cdestekledi\u011fi\u201d liste, yeni HSYK\u2019y\u0131 olu\u015fturdu. Kimi h\u00e2kimlerin \u201cAdalet Bakanl\u0131\u011f\u0131 e\u015fe\u011fi aday g\u00f6sterse oy veririm\u201d dedi\u011fi medyaya da yans\u0131d\u0131. S\u0131ra Yarg\u0131tay\u2019dayd\u0131 art\u0131k.<\/p>\n<p style=\"text-align: justify;\"><strong>YARGITAY\u2019A 160 YEN\u0130 \u00dcYE <\/strong><\/p>\n<p style=\"text-align: justify;\">\u0130\u015f y\u00fck\u00fcne ba\u011fl\u0131 zaman a\u015f\u0131m\u0131ndan dolay\u0131 Hizbullah \u00fcyelerinin serbest b\u0131rak\u0131lmas\u0131n\u0131n kamuoyunda yaratt\u0131\u011f\u0131 rahats\u0131zl\u0131\u011f\u0131 de\u011ferlendiren y\u00fcr\u00fctme, arad\u0131\u011f\u0131 f\u0131rsat\u0131 bulmu\u015ftu: Ek daireler ve Yarg\u0131tay\u2019a yeni 160 \u00fcye se\u00e7ildi\u2026 Elbette Adalet Bakanl\u0131\u011f\u0131\u2019n\u0131n se\u00e7ti\u011fi yeni HSYK \u00fcyeleri, Yarg\u0131tay\u2019a da istenilen \u00fcyeleri se\u00e7mi\u015fti!<\/p>\n<p style=\"text-align: justify;\">Ve geldik bug\u00fcne\u2026<\/p>\n<p style=\"text-align: justify;\">Yarg\u0131tay Ba\u015fkan\u0131 Hasan Ger\u00e7eker 1 Haziran\u2019da emekli oldu. Yerine aday olanlar aras\u0131nda, sadece 11 ay sonra ya\u015f haddinden emekli olacak 6. Hukuk Dairesi Ba\u015fkan\u0131 Naz\u0131m Kaynak da vard\u0131.<\/p>\n<p style=\"text-align: justify;\">Ve Kaynak, 2 Haziran g\u00fcn\u00fc, yeni HSYK\u2019n\u0131n se\u00e7ti\u011fi 160 yeni \u00fcyenin firesiz blok oyunu da alarak 197 oyla, hem de ilk turda Yarg\u0131tay Ba\u015fkan\u0131 se\u00e7ildi!<\/p>\n<p style=\"text-align: justify;\">Kaynak\u2019a ilk kutlama Ba\u015fbakan Yard\u0131mc\u0131s\u0131 B\u00fclent Ar\u0131n\u00e7\u2019tan geldi: \u201cBenim g\u00fczel arkada\u015f\u0131m. P\u0131r\u0131l p\u0131r\u0131l bir Anadolu delikanl\u0131s\u0131. \u00c7ok \u015f\u00fck\u00fcr birinci turda se\u00e7ildi\u201d dedi.<\/p>\n<p style=\"text-align: justify;\"><strong>AKP\u2019N\u0130N ASIL HAMLES\u0130 11 AY SONRA <\/strong><\/p>\n<p style=\"text-align: justify;\">Ancak AKP\u2019nin as\u0131l hamlesi 11 ay sonra, yani Naz\u0131m Kaynak zorunlu emekliye ayr\u0131ld\u0131\u011f\u0131nda olacak. Yani Naz\u0131m Kaynak da, t\u0131pk\u0131 \u201cyetmez ama evet\u00e7i\u201dler gibi, t\u0131pk\u0131 YARSAV\u2019\u0131n kar\u015f\u0131s\u0131na \u201cdemokrat yarg\u0131\u201d diye \u00e7\u0131kanlar gibi, \u201cde\u011ferlendirilip\u201d bir k\u00f6\u015feye b\u0131rak\u0131ld\u0131\u011f\u0131nda olacak!<\/p>\n<p style=\"text-align: justify;\">B\u00f6ylece AKP, \u00f6n\u00fcndeki bir engelden daha kurtulmu\u015f olacak!<\/p>\n<p style=\"text-align: justify;\">12 Haziran se\u00e7imleri, bu bak\u0131mdan T\u00fcrkiye Cumhuriyeti\u2019nin gelece\u011fi i\u00e7in kritik \u00f6neme sahiptir. AKP\u2019nin yeni hedefleri olan \u201cfederatif anayasa\u201d ve \u201cba\u015fkanl\u0131k sistemi\u201dne direnecek bir ekibi TBMM\u2019ye sokmak, \u00fclkenin gelece\u011fini belirleyecektir!<\/p>\n<p style=\"text-align: justify;\">Cumhuriyet, Cumhuriyet G\u00fc\u00e7birli\u011fi ile savunulacakt\u0131r! TBMM\u2019ye giren G\u00fc\u00e7birli\u011fi, CHP\u2019yi de MHP\u2019yi de T\u00fcrkiye Cumhuriyeti\u2019nde ve vatan savunmas\u0131nda birle\u015ftirecektir!<\/p>\n<p style=\"text-align: justify;\"><span style=\"color: #993300;\"><em>Mehmet Ali G\u00fcller <\/em><\/span><\/p>\n<p style=\"text-align: justify;\"><span style=\"color: #666699;\">3 Haziran 2011 <\/span><\/p>\n<p style=\"text-align: justify;\"><a href=\"http:\/\/mehmetaliguller.com\/2011\/06\/03\/703\/\" target=\"_blank\">www.mehmetaliguller.com <\/a><\/p>\n<p style=\"text-align: justify;\"><a href=\"http:\/\/www.odatv.com\/n.php?n=yargitay-nasil-ele-gecirildi-0306111200\" target=\"_blank\">Kaynak : Odatv.com<\/a><\/p>\n","protected":false},"excerpt":{"rendered":"<p style=\"text-align: center;\">\n<p style=\"text-align: justify;\">AKP 12 Eyl\u00fcl referandumunu \u201c10\u201d se\u00e7im \u00f6neminde say\u0131yor, 12 Haziran genel se\u00e7imini de \u201c20\u201d referandum \u00f6neminde\u2026 100 y\u0131ll\u0131k \u0130ttihat\u00e7\u0131 rejimle son hesapla\u015fma olarak g\u00f6r\u00fcp, yazan \u00e7izenler bile var; t\u0131pk\u0131 2004 yerel se\u00e7imlerinde, \u201c84 y\u0131ll\u0131k karanl\u0131\u011fa son\u201d dedikleri gibi\u2026 <\/p>\n","protected":false},"author":1,"featured_media":0,"comment_status":"open","ping_status":"closed","sticky":false,"template":"","format":"standard","meta":{"footnotes":""},"categories":[105],"tags":[],"class_list":["post-34024","post","type-post","status-publish","format-standard","hentry","category-gundem","odd"],"_links":{"self":[{"href":"http:\/\/www.korhanyilmaz.com\/index.php?rest_route=\/wp\/v2\/posts\/34024","targetHints":{"allow":["GET"]}}],"collection":[{"href":"http:\/\/www.korhanyilmaz.com\/index.php?rest_route=\/wp\/v2\/posts"}],"about":[{"href":"http:\/\/www.korhanyilmaz.com\/index.php?rest_route=\/wp\/v2\/types\/post"}],"author":[{"embeddable":true,"href":"http:\/\/www.korhanyilmaz.com\/index.php?rest_route=\/wp\/v2\/users\/1"}],"replies":[{"embeddable":true,"href":"http:\/\/www.korhanyilmaz.com\/index.php?rest_route=%2Fwp%2Fv2%2Fcomments&post=34024"}],"version-history":[{"count":0,"href":"http:\/\/www.korhanyilmaz.com\/index.php?rest_route=\/wp\/v2\/posts\/34024\/revisions"}],"wp:attachment":[{"href":"http:\/\/www.korhanyilmaz.com\/index.php?rest_route=%2Fwp%2Fv2%2Fmedia&parent=34024"}],"wp:term":[{"taxonomy":"category","embeddable":true,"href":"http:\/\/www.korhanyilmaz.com\/index.php?rest_route=%2Fwp%2Fv2%2Fcategories&post=34024"},{"taxonomy":"post_tag","embeddable":true,"href":"http:\/\/www.korhanyilmaz.com\/index.php?rest_route=%2Fwp%2Fv2%2Ftags&post=34024"}],"curies":[{"name":"wp","href":"https:\/\/api.w.org\/{rel}","templated":true}]}}