{"id":34018,"date":"2011-06-03T10:29:35","date_gmt":"2011-06-03T07:29:35","guid":{"rendered":"http:\/\/www.korhanyilmaz.com\/?p=34018"},"modified":"2011-06-03T10:29:35","modified_gmt":"2011-06-03T07:29:35","slug":"sami-ofer-israilde-olu-bulundu","status":"publish","type":"post","link":"http:\/\/www.korhanyilmaz.com\/?p=34018","title":{"rendered":"Sami Ofer \u0130srail&#8217;de \u00f6l\u00fc bulundu"},"content":{"rendered":"<p style=\"text-align: justify;\"><a href=\"http:\/\/www.korhanyilmaz.com\/wp-content\/uploads\/2011\/06\/001.jpg\"  class=\"lightview\"><img loading=\"lazy\" decoding=\"async\" class=\"aligncenter size-full wp-image-34019\" src=\"http:\/\/www.korhanyilmaz.com\/wp-content\/uploads\/2011\/06\/001.jpg\" alt=\"\" width=\"263\" height=\"250\" \/><\/a><\/p>\n<p style=\"text-align: justify;\">Son d\u00f6nemde \u0130ran ile yak\u0131n ili\u015fkileri olan Sami Ofer evinde \u00f6l\u00fc bulundu. \u00d6l\u00fcm nedeninin belirtilmemesi, ya\u015fad\u0131\u011f\u0131 baks\u0131larla birle\u015fince \u015f\u00fcpheli bir hal ald\u0131.<\/p>\n<p style=\"text-align: justify;\">Reuters&#8217;\u0131n ge\u00e7ti\u011fi habere g\u00f6re \u0130sraili i\u015fadam\u0131  Sami Ofer evinde \u00f6l\u00fc bulundu.  Ofer, uzun zamand\u0131r bilinmeyen bir hastal\u0131kla m\u00fccadele etti\u011fi a\u00e7\u0131kland\u0131.<!--more--><\/p>\n<p style=\"text-align: justify;\">T\u00fcrkiye&#8217;de  Galataport ihalesi ile ad\u0131n\u0131 duyuran Ofer 89 ya\u015f\u0131nda Tel Aviv&#8217;deki evinde \u00f6l\u00fc bulundu\u011fu a\u00e7\u0131kland\u0131. \u0130ki o\u011flu ve 8 torunu bulunan  Sami Ofer&#8217;in \u00f6l\u00fcm nedeni hen\u00fcz a\u00e7\u0131klanmad\u0131, ancak bunun ABD&#8217;nin, \u0130ran&#8217;la i\u015f yapt\u0131klar\u0131 gerek\u00e7esiyle firmalar\u0131n\u0131 yapt\u0131r\u0131mlar listesine alma karar\u0131yla bir alakas\u0131 olmad\u0131\u011f\u0131 belirtildi.<\/p>\n<p style=\"text-align: justify;\">\u0130srail&#8217;deki en zengin i\u015fadamlar\u0131ndan olan  Sami  Ofer, d\u00fcnyada da bu alanda 79. s\u0131rada geliyor.<\/p>\n<p style=\"text-align: justify;\"><strong>SAM\u0130 OFER K\u0130MD\u0130R?<\/strong><\/p>\n<p style=\"text-align: justify;\">Sami Ofer karde\u015fi Yuli Ofer ile birlikte Ofer Biraderler (Ofer Brothers) grubunun sahibi. 19 \u015eubat 1922&#8217;de do\u011fdu. 1947&#8217;de Romanya&#8217;dan \u0130srail&#8217;e g\u00f6\u00e7m\u00fc\u015f olan babalar\u0131 Joseph Herschovici&#8217;nin Hayfa&#8217;da ba\u015flatt\u0131\u011f\u0131 k\u00fc\u00e7\u00fck gemi acentesi o\u011fullar\u0131  Sami ve Yuli&#8217;nin (sonradan soyadlar\u0131n\u0131 \u0130branile\u015ftirerek Ofer ad\u0131n\u0131 alm\u0131\u015flard\u0131r) y\u00f6netiminde dev bir uluslararas\u0131 gruba d\u00f6n\u00fc\u015fm\u00fc\u015ft\u00fcr. \u0130ki karde\u015f bir arada, Forbes dergisi d\u00fcnya zenginleri s\u0131ralamas\u0131nda 2005&#8217;de 3.1 milyar dolarl\u0131k bir servetin ba\u015f\u0131nda 188&#8217;inci s\u0131radad\u0131rlar. \u0130srail&#8217;in ikinci b\u00fcy\u00fck zenginleridirler.<\/p>\n<p style=\"text-align: justify;\">Kamuoyuna kar\u015f\u0131 ketum bir tarz benimsemi\u015f olan iki karde\u015f, ba\u015fta gemi ta\u015f\u0131mac\u0131l\u0131\u011f\u0131, bankac\u0131l\u0131k, in\u015faat ve emlak sekt\u00f6rlerinde faaldirler. Monako&#8217;da ya\u015fayan  Sami Ofer daha ziyade denizcilik sekt\u00f6rleri ile ilgili faaliyetleri, Tel Aviv&#8217;deki karde\u015fi Yuli ise emlak i\u015flerini idare etmektedir. Ofer karde\u015fler, 2004 y\u0131l\u0131nda, grup i\u00e7indeki m\u00fc\u015fterek varl\u0131klar\u0131n\u0131 resmen ay\u0131racaklar\u0131n\u0131 ( Sami Ofer&#8217;in varl\u0131\u011f\u0131n\u0131n karde\u015fi Yuli Ofer&#8217;den \u00e7ok daha fazla oldu\u011fu tahmin edilmektedir) ve \u00e7ocuklar\u0131na birbirlerinden ayr\u0131lm\u0131\u015f varl\u0131klar devredeceklerini a\u00e7\u0131klam\u0131\u015flard\u0131r.  Sami Ofer ayn\u0131 zamanda tan\u0131nm\u0131\u015f bir sanat koleksiyoncusu olup, d\u00fcnyan\u0131n en b\u00fcy\u00fck Marc Chagall tablolar\u0131 koleksiyonuna sahiptir.<\/p>\n<p style=\"text-align: justify;\"><strong>T\u00dcRK\u0130YE OFER&#8217;\u0130 NERDEN TANIYOR?<\/strong><\/p>\n<p style=\"text-align: justify;\">Sami  Ofer, 2005 y\u0131l\u0131 i\u00e7inde T\u00fcrkiye&#8217;de T\u00fcpra\u015f&#8217;\u0131n % 14.76 hissesini almas\u0131 ile tan\u0131nd\u0131.<\/p>\n<p style=\"text-align: justify;\">\u0130lerleyen d\u00f6nemde  Galataport  ihalesini en y\u00fcksek teklifi vererek almas\u0131, Ku\u015fadas\u0131 liman\u0131n\u0131 \u00f6zelle\u015ftirme ihalesini kazanarak almas\u0131 Ofer&#8217;in T\u00fcrkiye&#8217;de tan\u0131n\u0131rl\u0131\u011f\u0131n\u0131 artt\u0131rd\u0131.<\/p>\n<p style=\"text-align: justify;\"><strong>GALATAPORT&#8217;A TEKL\u0130F VERM\u0130\u015eT\u0130<\/strong><\/p>\n<p style=\"text-align: justify;\">2005 y\u0131l\u0131nda yap\u0131lan  Galataport ihalesine T\u00fcrk orta\u011f\u0131 Mehmet Kutman ile 4.3 milyar dolarl\u0131k teklif vermi\u015f ve ihaleyi kazanm\u0131\u015ft\u0131. Ancak ihale, Dan\u0131\u015ftay&#8217;\u0131n imar plan\u0131na y\u00f6nelik karar\u0131ndan sonra 2006&#8217;da iptal edilmi\u015fti.<\/p>\n<p style=\"text-align: justify;\">\u0130srail\u2019in en zenginleri listesinde ikinci s\u0131rada bulunan  Sami ve Yuli Ofer karde\u015fler, Forbes\u2019in yapt\u0131\u011f\u0131 uluslararas\u0131 s\u0131ralaman\u0131nda 188&#8217;inci s\u0131rada yer al\u0131yor.<\/p>\n<p style=\"text-align: justify;\"><strong>\u0130\u015e ADAMI OFER <\/strong><\/p>\n<p style=\"text-align: justify;\"><strong>-Y\u00fck gemi ta\u015f\u0131mac\u0131l\u0131\u011f\u0131<\/strong><\/p>\n<p style=\"text-align: justify;\">Kendi ad\u0131na kay\u0131tl\u0131 30 gemiyi a\u015fk\u0131n filosu ile Ofer grubu \u0130srail \u00f6zel sekt\u00f6r\u00fcn\u00fcn en b\u00fcy\u00fck armat\u00f6r\u00fcd\u00fcr. Filoda konteyner gemileri, tankerler, \u015filepler gibi farkl\u0131 gemi t\u00fcrleri bulunmaktad\u0131r. Ayr\u0131ca, gruba ba\u011fl\u0131 (% 53 hisse) Israel Corporation \u015firketi arac\u0131l\u0131\u011f\u0131yla d\u00fcnyan\u0131n 12. b\u00fcy\u00fck deniz y\u00fck ta\u015f\u0131mac\u0131l\u0131\u011f\u0131 filosunu i\u00e7eren Zim Israel Navigation Ltd. \u015firketinin sahibidirler.<\/p>\n<p style=\"text-align: justify;\"><strong>-Gemi yolcu ta\u015f\u0131mac\u0131l\u0131\u011f\u0131<\/strong><\/p>\n<p style=\"text-align: justify;\">\u015eikago lu Pritzker ailesi ile ortakl\u0131k halinde, l\u00fcks kruvazyer gemi ta\u015f\u0131mac\u0131l\u0131\u011f\u0131n\u0131n d\u00fcnya devi Royal Caribbean&#8217;da 1.5 milyar dolar de\u011ferinde hisseleri bulunmaktad\u0131r.<\/p>\n<p style=\"text-align: justify;\"><strong>-Bankac\u0131l\u0131k<\/strong><\/p>\n<p style=\"text-align: justify;\">\u0130srail&#8217;in d\u00f6rd\u00fcnc\u00fc b\u00fcy\u00fck ticari bankas\u0131 United Mizrahi Bank&#8217;\u0131n % 51&#8217;lik hisse ile kontrol\u00fcn\u00fc ellerinde tutmaktad\u0131rlar.<\/p>\n<p style=\"text-align: justify;\"><strong>-Emlak<\/strong><\/p>\n<p style=\"text-align: justify;\">\u0130srail&#8217;de toplam\u0131 250 bin metrekareye varan ticaret ve hafif sanayi alan\u0131n\u0131n sahibidirler. Ayr\u0131ca, \u0130srail&#8217;de 4 b\u00fcy\u00fck al\u0131\u015fveri\u015f merkezi in\u015fa etmi\u015f bulunmaktad\u0131rlar ve bunlar\u0131n 3&#8217;\u00fc 40&#8217;ar bin metrekare alanla \u00fclkenin en b\u00fcy\u00fckleridir. \u0130srail&#8217;de Eilat&#8217;ta 3 otel, Macaristan&#8217;da Budape\u015fte&#8217;de 2 otelin, yine \u0130srail&#8217;de Herzliya&#8217;da bir tatil k\u00f6y\u00fcn\u00fcn m\u00fclk sahibi, Tel Aviv Sheraton City Tower Hotel&#8217;in hissedar\u0131d\u0131rlar. Macaristan&#8217;da da birka\u00e7 al\u0131\u015fveri\u015f merkezi, ofis binas\u0131 ve konut sitesi i\u015fletmektedirler.<\/p>\n<p style=\"text-align: justify;\"><strong>-Kimya<\/strong><\/p>\n<p style=\"text-align: justify;\">Yine Israel Corporation \u015firketi arac\u0131l\u0131\u011f\u0131yla \u00d6l\u00fc Deniz ve Negev \u00c7\u00f6l\u00fc&#8217;nde bromin, potasyum, klorin ve tuz yataklar\u0131 i\u015fletmektedirler. Israel Chemicals, \u0130srail&#8217;in en b\u00fcy\u00fck kimya sekt\u00f6r\u00fc \u015firketi ve en b\u00fcy\u00fck ihracat\u00e7\u0131 \u015firketlerinden biridir. Petrol sekt\u00f6r\u00fcnde de Oil Refineries Ltd. \u015firketinin % 26 hissesi (kalan\u0131 \u0130srail devletinin) ile faaldirler. NASDAQ borsas\u0131 \u015firketlerinden olan ve ileri teknoloji ile silikon par\u00e7ac\u0131k \u00fczerinde yar\u0131 iletken entegre devreleri \u00fcreten Tower Semiconductor da Ofer grubunundur.<\/p>\n<p style=\"text-align: justify;\"><span style=\"font-size: medium;\"><strong><span style=\"color: #993300;\">Ofer bilmecesi <\/span><\/strong><\/span><\/p>\n<p style=\"text-align: justify;\">\u0130ran kurdu\u011fu yak\u0131n ili\u015fkiler ile g\u00fcndeme ta\u015f\u0131nan Ofer son d\u00f6nemde bu y\u00fczden b\u00fcy\u00fck bask\u0131 ya\u015fad\u0131\u011f\u0131 biliniyordu.<\/p>\n<p style=\"text-align: justify;\">\u00d6zge G\u00dcNE\u015e &#8211; \u0130srail\u2019in d\u00fc\u015fman ilan etti\u011fi \u0130ran ile i\u015f yapan Ofer\u2019\u0130n son d\u00f6nemde ciddi bask\u0131 alt\u0131nda oldu\u011fu bilinmiyordu. \u0130ran ile yak\u0131nla\u015fma Ofer ilk kez May\u0131s ay\u0131nda soruldu\u011funda normlar i\u00e7inde y\u00fcr\u00fcyen bir ili\u015fki oldu\u011funu, ambargoyu delen bir ticaret olmad\u0131\u011f\u0131n\u0131 kaydetmi\u015fti.<\/p>\n<p style=\"text-align: justify;\">\u0130srail taraf\u0131nda ise d\u00fc\u015fman ilan edilen \u0130ran&#8217;la ili\u015fkiler kabul g\u00f6rmedi. \u0130srail\u2019in Haarretz Gazetesi\u2019ne g\u00f6re \u0130srail Milli G\u00fcvenlik Konseyi Ba\u015fkanl\u0131\u011f\u0131\u2019na atanan Yaakov Amidror\u2019\u0131n daha \u00f6nce dahil oldu\u011fu \u0130srailli i\u015fadamlar\u0131 Ofer Karde\u015fler\u2019in \u0130ran ile ticaret yapmas\u0131n\u0131 ele\u015ftiriliyordu.<\/p>\n<p style=\"text-align: justify;\"><a href=\"http:\/\/www.korhanyilmaz.com\/wp-content\/uploads\/2011\/06\/008.jpg\"  class=\"lightview\"><img loading=\"lazy\" decoding=\"async\" class=\"aligncenter size-full wp-image-34049\" src=\"http:\/\/www.korhanyilmaz.com\/wp-content\/uploads\/2011\/06\/008.jpg\" alt=\"\" width=\"462\" height=\"210\" \/><\/a><\/p>\n<p style=\"text-align: justify;\"><span style=\"font-size: medium;\"><strong><span style=\"color: #993300;\">T\u00fcrkiye Ofer&#8217;i nas\u0131l bilirdi? <\/span><\/strong><\/span><\/p>\n<p style=\"text-align: justify;\">\u0130srail Savunma Bakanl\u0131\u011f\u0131 ve askeri ara\u015ft\u0131rma departman\u0131nda da \u00e7al\u0131\u015fmalar yapan Amidror, Sami ve karde\u015fi Idan Ofer taraf\u0131ndan y\u00f6netilen Ofer Karde\u015fler grubunun y\u00f6netim kurulunda daha \u00f6nce g\u00f6rev yapm\u0131\u015ft\u0131. Konu ile ilgili Haaretz Gazetesi\u2019nin sorular\u0131n\u0131 yan\u0131tlayan Amidror, \u0130ran ile ticaret yapan \u015firketin sadece y\u00f6netim kurulu \u00fcyesi oldu\u011funu; \u015firketin i\u00e7in al\u0131nan kararlar\u0131n bireysel olarak al\u0131nmad\u0131\u011f\u0131n\u0131 s\u00f6yleyerek kendini savundu. Ayr\u0131ca Amidror kendisine y\u00f6nelik konu ile ilgili y\u00f6neltilen sorulara da a\u00e7\u0131k oldu\u011funu s\u00f6zlerine ekledi.<\/p>\n<p style=\"text-align: justify;\">Ofer\u2019in \u0130ran ili\u015fkileri ile alarma ge\u00e7en \u0130srail ge\u00e7ti\u011fimiz Pazar g\u00fcn\u00fc \u0130ran ile ticaret yapan firmalar konusunda g\u00f6r\u00fc\u015ft\u00fc. Ofer Karde\u015fler\u2019in ili\u015fkileri eski Mossad \u015fefi Meir Dagan taraf\u0131nda da de\u011ferlendirildi. Dagan ge\u00e7ti\u011fimiz \u00c7ar\u015famba yapt\u0131\u011f\u0131 a\u00e7\u0131klamada Ofer Grubu\u2019nun kanunlara kar\u015f\u0131 gelmedi\u011fi g\u00f6r\u00fc\u015f\u00fcnde oldu\u011funu belirtmi\u015fti. Dagan h\u00fck\u00fcmetin \u0130ran ile ili\u015fkisi olan \u015firketlere ceza kesilmesinin g\u00fcndeme geldi\u011fini ceza kapsam\u0131nda bir y\u0131l hapis ve 5 milyon Shekel yani 1,476,461 ABD dolar\u0131 ceza se\u00e7enekleri oldu\u011fu da belirmi\u015fti. Bu rakam \u015firketin kar beklentisinin \u00fc\u00e7 kat\u0131na denk.<\/p>\n<p style=\"text-align: justify;\">Haaretz\u2019in kaynaklar\u0131na g\u00f6re, sert ele\u015ftiriler nedeniyle Ofer Ailesi ellerindeki t\u00fcm gemileri \u0130ran limanlar\u0131na demirledi. bask\u0131lar da \u0130srail bas\u0131n\u0131nda geni\u015f yer bulmu\u015ftu.<\/p>\n<p style=\"text-align: justify;\">Son d\u00f6nem ticari ili\u015fkiler ABD D\u0131\u015fi\u015fleri Bakanl\u0131\u011f\u0131 raporunda da yer ald\u0131.<\/p>\n<p style=\"text-align: justify;\">Bug\u00fcn evinde \u00f6l\u00fc bulunan Ofer\u2019in \u00e7ocuklar\u0131ndan ve torunlar\u0131ndan \u00f6l\u00fcm nedeninin a\u00e7\u0131klanmamas\u0131 \u00f6l\u00fcm\u00fc ile ilgili \u015f\u00fcpheleri de art\u0131rmaya ba\u015flad\u0131.<\/p>\n<p style=\"text-align: justify;\">2008 y\u0131l\u0131nda, Ofer gazeteci Mickey Rosenthal belgesel &#8220;Shakshuka Y\u00f6ntemi&#8221; in ana karakteri oldu. film, Ofer ailesinin \u0130srail h\u00fck\u00fcmeti ile ili\u015fkileri oldu\u011funu iddia ve yolsuzluk su\u00e7lu oldu.<\/p>\n<p style=\"text-align: justify;\">Ofer ailesi filmin yay\u0131mlanmas\u0131ndan sonra Rosenthal dava a\u00e7m\u0131\u015ft\u0131.<\/p>\n<p style=\"text-align: justify;\">\u0130srailli i\u015f adam\u0131 Sami Ofer T\u00fcrkiye taraf\u0131ndan da yak\u0131ndan bilinen bir ki\u015filikti. \u00d6zellikle Galataport ihalesi, T\u00fcpra\u015f ve Maliye eski bakan\u0131 Kemal Unak\u0131tan ile g\u00f6r\u00fc\u015fmesi bas\u0131na yans\u0131m\u0131\u015ft\u0131.<\/p>\n<p style=\"text-align: justify;\">Bug\u00fcn hayat\u0131n\u0131 kaybeden \u0130srailli i\u015f adam\u0131  Sami Ofer T\u00fcrk i\u015f ve siyaset d\u00fcnyas\u0131n\u0131nda yak\u0131ndan tan\u0131d\u0131\u011f\u0131 bir ki\u015fiydi.<\/p>\n<p style=\"text-align: justify;\">Ofer T\u00fcrkiye&#8217;de ilk kez 2002&#8217;te ad\u0131n\u0131 duyurmu\u015ftu. D\u00f6nemin maliye bakan\u0131 Kemal Unak\u0131tan ile yapt\u0131\u011f\u0131 g\u00f6r\u00fc\u015fme bas\u0131na yans\u0131d\u0131\u011f\u0131nda \u00e7ok ses getirmi\u015f daha sonras\u0131nda  Ba\u015fbakan  Erdo\u011fan&#8217;\u0131n da  Sami Ofer ile Davos Zirvesin&#8217;de g\u00f6r\u00fc\u015ft\u00fc\u011f\u00fc ortaya \u00e7\u0131km\u0131\u015ft\u0131.<\/p>\n<p style=\"text-align: justify;\">Bu g\u00f6r\u00fc\u015fmelerin bu denli yank\u0131 bulmas\u0131n\u0131n ana nedeni ise Ofer&#8217;in elinde bulundurdu\u011fu tahmin edilen y\u00fczde 14.76 oran\u0131ndaki T\u00fcpra\u015f hissesinin de\u011feri 6 ayda b\u00fcy\u00fck de\u011fer kazanan ve \u0130stanbul Galataport ihalesinde 49 y\u0131ll\u0131\u011f\u0131na yay\u0131lan \u00f6deme plan\u0131yla tart\u0131\u015fmalara konu olan \u0130srail k\u00f6kenli Ofer Grubu&#8217;nun,  Ba\u015fbakan  Erdo\u011fan ve Maliye Bakan\u0131 Kemal Unak\u0131tan&#8217;la 2002&#8217;den beri &#8216;s\u0131k s\u0131k&#8217; g\u00f6r\u00fc\u015fmesinin ortaya \u00e7\u0131kmas\u0131 oldu.  Erdo\u011fan&#8217;a te\u015fekk\u00fcr mektubuyla sonu\u00e7lanan bulu\u015fmalar\u0131n en \u00e7arp\u0131c\u0131 sonucu, Ofer ailesinin b\u00fcy\u00fck o\u011flu Eyal Ofer&#8217;in Unak\u0131tan&#8217;la sabaha kar\u015f\u0131 saat 02.00&#8217;de yapt\u0131\u011f\u0131 g\u00f6r\u00fc\u015fmenin hemen ard\u0131ndan T\u00fcpra\u015f hisselerinin Ofer Grubu&#8217;na sat\u0131lmas\u0131 oldu.<\/p>\n<p style=\"text-align: justify;\">T\u00fcrkiye&#8217;de g\u00fcndeme oturan bu b\u00fcy\u00fck borsa operasyonunun 1 Mart 2005&#8217;te sabaha kar\u015f\u0131 02.00&#8217;de Unak\u0131tan&#8217;\u0131n Ofer Ailesi&#8217;nin b\u00fcy\u00fck o\u011flu Eyal Ofer&#8217;le yapt\u0131\u011f\u0131 gizli g\u00f6r\u00fc\u015fmeden do\u011fdu\u011fu ileri s\u00fcr\u00fcld\u00fc. H\u00fck\u00fcmetle, Ofer ili\u015fkisi \u00fczerine kulislere yans\u0131yan bilgiler ve belgelere dayal\u0131 tespitler \u015f\u00f6yle:<\/p>\n<p style=\"text-align: justify;\"><strong>28 \u015eUBAT PAZARTES\u0130:<\/strong> \u00d6zelle\u015ftirme \u0130daresi (\u00d6\u0130B), SPK ve \u0130MKB&#8217;ye 28 \u015eubat 2005&#8217;te g\u00f6nderdi\u011fi yaz\u0131larla, T\u00fcpra\u015f&#8217;\u0131n y\u00fczde 14.75&#8217;lik b\u00f6l\u00fcm\u00fcn\u00fc borsada satmay\u0131 planlad\u0131\u011f\u0131n\u0131 bildirdi.<\/p>\n<p style=\"text-align: justify;\"><strong>1 MART SALI:<\/strong> Eyal Ofer ile Global Menkul&#8217;un sahibi Mehmet Kutman, 28 \u015eubat&#8217;\u0131 1 Mart&#8217;a ba\u011flayan gece yar\u0131s\u0131 \u0130stanbul&#8217;dan \u00f6zel bir u\u00e7akla Ankara Esenbo\u011fa Havaliman\u0131&#8217;na indi. Ofer ve Kutman ikilisi, kendilerini kar\u015f\u0131layan ara\u00e7la saat 02.00&#8217;de Unak\u0131tan&#8217;\u0131n yan\u0131na g\u00f6t\u00fcr\u00fcld\u00fc.  Unak\u0131tan, g\u00f6r\u00fc\u015fmenin sonunda kendisine ba\u011fl\u0131 olan \u00d6\u0130B&#8217;ye &#8220;Hisseleri sat\u0131n&#8221; talimat\u0131n\u0131 verdi.<\/p>\n<p style=\"text-align: justify;\"><strong>\u00d6\u0130B AYNI G\u00dcN A\u00c7IKLAMA YAPTI:<\/strong> Ayn\u0131 g\u00fcn i\u00e7inde arac\u0131 kurulu\u015flar \u0130\u015f Yat\u0131r\u0131m ve Global Menkul De\u011ferler ile \u00d6\u0130B, T\u00fcpra\u015f hisselerinin sat\u0131\u015f\u0131na ili\u015fkin duyurular\u0131n\u0131 yapt\u0131. Bu duyurular 1 Mart tarihli 40 numaral\u0131 \u0130MKB g\u00fcnl\u00fck b\u00fclteninde yay\u0131mland\u0131. Duyurunun yay\u0131mland\u0131\u011f\u0131 saatlerde Global&#8217;in ba\u015fvuru evrak\u0131nda eksik oldu\u011fu anla\u015f\u0131ld\u0131. Evrak birka\u00e7 saat i\u00e7inde temin edilerek resmi prosed\u00fcr tamamland\u0131.<\/p>\n<p style=\"text-align: justify;\"><strong>3 MART PER\u015eEMBE: <\/strong>\u0130MKB Ba\u015fkanl\u0131\u011f\u0131, Ofer-Unak\u0131tan g\u00f6r\u00fc\u015fmesinden 2 g\u00fcn sonra sat\u0131\u015f i\u015fleminin ger\u00e7ekle\u015fmesi i\u00e7in izin verdi.<\/p>\n<p style=\"text-align: justify;\"><strong>4 MART CUMA: <\/strong>Hisselerin sat\u0131\u015f i\u015flemi 4 Mart 2005&#8217;te tamamland\u0131. Hisselerin Global arac\u0131l\u0131\u011f\u0131yla 6 fona sat\u0131ld\u0131\u011f\u0131 \u00f6\u011frenildi. Ancak Milliyet&#8217;in ald\u0131\u011f\u0131 bilgilere g\u00f6re, s\u00f6z konusu fonlardan biri Templaton&#8217;a, 5&#8217;i ise Ofer&#8217;in talimat\u0131yla Global&#8217;e kurdurulan fonlard\u0131. B\u00f6ylece d\u00fcnyan\u0131n \u00f6nde gelen fonlar\u0131ndan Templaton&#8217;\u0131n kat\u0131l\u0131m\u0131yla T\u00fcpra\u015f&#8217;\u0131n y\u00fczde 14.76&#8217;s\u0131 Ofer Grubu&#8217;nun eline ge\u00e7mi\u015f oldu.<\/p>\n<p style=\"text-align: justify;\"><strong>28 \u015eUBAT 2005 Saat: 23.45<\/strong><\/p>\n<p style=\"text-align: justify;\">Atat\u00fcrk Havaliman\u0131&#8217;ndan Eyal Ofer ve Mehmet Kutman&#8217;\u0131 ta\u015f\u0131yan \u00f6zel u\u00e7ak Ankara&#8217;ya do\u011fru hareket ediyor.<\/p>\n<p style=\"text-align: justify;\"><strong>1 MART 2005 Saat: 01:00<\/strong><\/p>\n<p style=\"text-align: justify;\">Ankara Esenbo\u011fa Havaliman\u0131&#8217;na inen ikili kendilerini bekleyen arabayla h\u0131zla alandan ayr\u0131l\u0131yor.<\/p>\n<p style=\"text-align: justify;\"><strong>1 MART 2005 Saat: 02:00<\/strong><\/p>\n<p style=\"text-align: justify;\">Eyal  Ofer, Mehmet Kutman ve ekibi, Maliye Bakan\u0131 Kemal Unak\u0131tan&#8217;\u0131n yan\u0131na getirilerek T\u00fcpra\u015f \u00fczerine g\u00f6r\u00fc\u015fmeye ba\u015fl\u0131yorlar.<\/p>\n<p style=\"text-align: justify;\"><strong>1 MART 2005 Saat: 09:00<\/strong><\/p>\n<p style=\"text-align: justify;\">Bakan  Unak\u0131tan, kendisine ba\u011fl\u0131 \u00d6zelle\u015ftirme \u0130daresi&#8217;ne T\u00fcpra\u015f&#8217;\u0131n 14.76&#8217;s\u0131n\u0131n Ofer&#8217;e sat\u0131\u015f\u0131n\u0131n talimat\u0131n\u0131 veriyor.<\/p>\n<p style=\"text-align: justify;\">Al\u0131nan bilgiler o d\u00f6nemde,  Sami ve Eyal Ofer&#8217;in  Erdo\u011fan ve Unak\u0131tan&#8217;la g\u00f6r\u00fc\u015fme trafi\u011fi \u015f\u00f6yle ya\u015fand\u0131:<\/p>\n<p style=\"text-align: justify;\"><strong>1. BULU\u015eMA 2002&#8217;DE:<\/strong><\/p>\n<p style=\"text-align: justify;\">Erdo\u011fan ile Eyal Ofer aras\u0131ndaki ilk g\u00f6r\u00fc\u015fme, 2002 k\u0131\u015f\u0131nda Davos&#8217;ta d\u00fczenlenen toplant\u0131larda oldu. Eyal Ofer&#8217;in Zodiac Maritime Agencies Ltd. Y\u00f6netim Kurulu Ba\u015fkan\u0131 s\u0131fat\u0131yla kat\u0131ld\u0131\u011f\u0131 g\u00f6r\u00fc\u015fmede,  Erdo\u011fan, &#8220;AKP Genel Ba\u015fkan\u0131&#8221; unvan\u0131n\u0131 ta\u015f\u0131yordu. S\u00f6z konusu tarihte 3 Kas\u0131m genel se\u00e7imleri yap\u0131lmam\u0131\u015f ve AKP hen\u00fcz h\u00fck\u00fcmet olmam\u0131\u015ft\u0131.<\/p>\n<p style=\"text-align: justify;\"><strong>2. BULU\u015eMA 2003&#8217;TE:<\/strong><\/p>\n<p style=\"text-align: justify;\">Eyal Ofer&#8217;in  Erdo\u011fan&#8217;la bir sonraki bulu\u015fmas\u0131 da 2003 Davos toplant\u0131lar\u0131 s\u0131ras\u0131nda oldu. Ofer bu defa \u0130ngiltere men\u015feili ve lojistik\/ta\u015f\u0131ma sekt\u00f6r\u00fcnde faaliyet g\u00f6steren Associated Bulk Carriers \u015firketinin Y\u00f6netim Kurulu Ba\u015fkan\u0131 olarak  Erdo\u011fan&#8217;\u0131n kar\u015f\u0131s\u0131na oturdu. Bu tarihte AKP h\u00fck\u00fcmet olmu\u015f, ancak  Erdo\u011fan hen\u00fcz  Ba\u015fbakanl\u0131k&#8217;a ta\u015f\u0131nmam\u0131\u015ft\u0131.<\/p>\n<p style=\"text-align: justify;\"><strong>3. BULU\u015eMA \u0130\u00c7\u0130N BALO KAPISINDAN G\u0130RD\u0130LER:<\/strong><\/p>\n<p style=\"text-align: justify;\">Erdo\u011fan, Davos&#8217;tan 6 ay sonra Ofer Ailesi&#8217;yle yeniden bulu\u015ftu.  Sami ve Eyal  Ofer, \u00f6zel bir u\u00e7akla 14 A\u011fustos 2003&#8217;te Ankara&#8217;ya geldi. \u00d6nce Unak\u0131tan&#8217;la g\u00f6r\u00fc\u015fen Oferler, \u00f6\u011fleden sonra AKP&#8217;nin 2. kurulu\u015f y\u0131ld\u00f6n\u00fcm\u00fc toplant\u0131lar\u0131n\u0131n yap\u0131ld\u0131\u011f\u0131 Bilkent Otel&#8217;e gitti. Oferler, otelin balo salonunun arka kap\u0131s\u0131ndan girerek  Erdo\u011fan&#8217;\u0131n g\u00f6r\u00fc\u015fme i\u00e7in haz\u0131rlatt\u0131\u011f\u0131 \u00f6zel suite \u00e7\u0131kt\u0131lar.  Erdo\u011fan da parti il ba\u015fkanlar\u0131na konu\u015fma yapt\u0131ktan hemen sonra suite \u00e7\u0131karak Oferler&#8217;le bir araya geldi. Oferler, 4 AKP y\u00f6neticisinin de kat\u0131ld\u0131\u011f\u0131 g\u00f6r\u00fc\u015fme sonras\u0131nda yine gizlice, ancak bu defa garsonlar\u0131n servis kap\u0131s\u0131n\u0131 kullanarak otelden ayr\u0131ld\u0131lar. \u0130ki hafta sonra da  Sami Ofer  Erdo\u011fan&#8217;a bir te\u015fekk\u00fcr mektubu g\u00f6nderdi.<\/p>\n<p style=\"text-align: justify;\"><strong>4. BULU\u015eMANIN G\u00dcNDEM\u0130 GALATAPORT:<\/strong><\/p>\n<p style=\"text-align: justify;\">Eyal Ofer&#8217;in Unak\u0131tan ve  Erdo\u011fan&#8217;la d\u00f6rd\u00fcnc\u00fc bulu\u015fmas\u0131, Ocak 2004&#8217;te Davos&#8217;ta oldu. 4. Vak\u0131f Han ve Galataport Projesi&#8217;nin ele al\u0131nd\u0131\u011f\u0131 g\u00f6r\u00fc\u015fmeye Ofer \u015eirketler Grubu CEO ve Ba\u015fkan\u0131 s\u0131fat\u0131yla Eyal  Ofer, Royal Carribbean Cruises Ltd. CEO&#8217;su Richard Fain ve Hyatt \u015eirketler Grubu Ba\u015fkan\u0131 Thomas J. Pritzker kat\u0131ld\u0131.<\/p>\n<p style=\"text-align: justify;\"><strong>GALATAPORT \u0130PTAL ED\u0130LD\u0130<\/strong><\/p>\n<p style=\"text-align: justify;\">2006 y\u0131l\u0131nda ise Maliye Bakan\u0131 Kemal  Unak\u0131tan, Galataport ihalesinin TD\u0130 taraf\u0131ndan iptal edildi\u011fini ve bu karar\u0131 d\u00fcn onaylad\u0131\u011f\u0131n\u0131 s\u00f6yledi. TD\u0130 \u0130hale Komisyonu&#8217;nun ald\u0131\u011f\u0131 iptal karar\u0131 \u00d6zelle\u015ftirme \u0130daresi&#8217;ne bildirilirken, d\u00fcn ak\u015fam itibariyle Maliye Bakan\u0131 Kemal Unak\u0131tan taraf\u0131ndan onayland\u0131 ve ihale iptal olmu\u015f oldu.<\/p>\n<p style=\"text-align: justify;\"><a href=\"http:\/\/www.gazeteport.com.tr\/haber\/35655\/ofer_evinde_olu_bulundu\" target=\"_blank\">Kaynak : GAZETEPORT<\/a><\/p>\n","protected":false},"excerpt":{"rendered":"<p style=\"text-align: justify;\">\n<p style=\"text-align: justify;\">Son d\u00f6nemde \u0130ran ile yak\u0131n ili\u015fkileri olan Sami Ofer evinde \u00f6l\u00fc bulundu. \u00d6l\u00fcm nedeninin belirtilmemesi, ya\u015fad\u0131\u011f\u0131 baks\u0131larla birle\u015fince \u015f\u00fcpheli bir hal ald\u0131.<\/p>\n<p style=\"text-align: justify;\">Reuters&#8217;\u0131n ge\u00e7ti\u011fi habere g\u00f6re \u0130sraili i\u015fadam\u0131 Sami Ofer evinde \u00f6l\u00fc bulundu. Ofer, uzun zamand\u0131r bilinmeyen bir hastal\u0131kla m\u00fccadele etti\u011fi a\u00e7\u0131kland\u0131.<\/p>\n","protected":false},"author":1,"featured_media":0,"comment_status":"open","ping_status":"closed","sticky":false,"template":"","format":"standard","meta":{"footnotes":""},"categories":[105],"tags":[],"class_list":["post-34018","post","type-post","status-publish","format-standard","hentry","category-gundem","odd"],"_links":{"self":[{"href":"http:\/\/www.korhanyilmaz.com\/index.php?rest_route=\/wp\/v2\/posts\/34018","targetHints":{"allow":["GET"]}}],"collection":[{"href":"http:\/\/www.korhanyilmaz.com\/index.php?rest_route=\/wp\/v2\/posts"}],"about":[{"href":"http:\/\/www.korhanyilmaz.com\/index.php?rest_route=\/wp\/v2\/types\/post"}],"author":[{"embeddable":true,"href":"http:\/\/www.korhanyilmaz.com\/index.php?rest_route=\/wp\/v2\/users\/1"}],"replies":[{"embeddable":true,"href":"http:\/\/www.korhanyilmaz.com\/index.php?rest_route=%2Fwp%2Fv2%2Fcomments&post=34018"}],"version-history":[{"count":0,"href":"http:\/\/www.korhanyilmaz.com\/index.php?rest_route=\/wp\/v2\/posts\/34018\/revisions"}],"wp:attachment":[{"href":"http:\/\/www.korhanyilmaz.com\/index.php?rest_route=%2Fwp%2Fv2%2Fmedia&parent=34018"}],"wp:term":[{"taxonomy":"category","embeddable":true,"href":"http:\/\/www.korhanyilmaz.com\/index.php?rest_route=%2Fwp%2Fv2%2Fcategories&post=34018"},{"taxonomy":"post_tag","embeddable":true,"href":"http:\/\/www.korhanyilmaz.com\/index.php?rest_route=%2Fwp%2Fv2%2Ftags&post=34018"}],"curies":[{"name":"wp","href":"https:\/\/api.w.org\/{rel}","templated":true}]}}