{"id":34013,"date":"2011-06-01T15:28:43","date_gmt":"2011-06-01T12:28:43","guid":{"rendered":"http:\/\/www.korhanyilmaz.com\/?p=34013"},"modified":"2011-06-01T15:28:43","modified_gmt":"2011-06-01T12:28:43","slug":"muzir-kurulu-yine-is-basinda","status":"publish","type":"post","link":"http:\/\/www.korhanyilmaz.com\/?p=34013","title":{"rendered":"Muz\u0131r Kurulu yine i\u015f ba\u015f\u0131nda!"},"content":{"rendered":"<p style=\"text-align: justify;\"><a href=\"http:\/\/www.korhanyilmaz.com\/wp-content\/uploads\/2011\/06\/456.jpg\"  class=\"lightview\"><img loading=\"lazy\" decoding=\"async\" class=\"aligncenter size-full wp-image-34014\" src=\"http:\/\/www.korhanyilmaz.com\/wp-content\/uploads\/2011\/06\/456.jpg\" alt=\"\" width=\"272\" height=\"204\" \/><\/a><\/p>\n<p style=\"text-align: justify;\">K\u00fc\u00e7\u00fckleri Muz\u0131r Ne\u015friyattan Koruma Kurulu, karikat\u00fcr ve dergilere 18 ya\u015f s\u0131n\u0131rlamas\u0131 getirdi.<\/p>\n<p style=\"text-align: justify;\">Ba\u015fbakanl\u0131k K\u00fc\u00e7\u00fckleri Muz\u0131r Ne\u015friyattan Koruma Kurulu, baz\u0131 karikat\u00fcr ve dergilerde yer alan \u00e7izim ve resimlerin 18 ya\u015f\u0131ndan k\u00fc\u00e7\u00fcklerin maneviyat\u0131 \u00fczerinde muz\u0131r (zararl\u0131) tesir yapacak nitelikte oldu\u011fu gerek\u00e7esiyle dergilerin i\u00e7eri\u011fine s\u0131n\u0131rlama getirdi. <!--more--><\/p>\n<p style=\"text-align: justify;\">Ba\u015fbakanl\u0131k K\u00fc\u00e7\u00fckleri Muz\u0131r Ne\u015friyattan Koruma Kurulu\u2019nun dergilere s\u0131n\u0131rlama getiren karar\u0131 Resmi Gazete\u2019de yay\u0131mland\u0131. Buna g\u00f6re Kurul, May\u0131s 2011 tarihli ve 01 say\u0131l\u0131 \u201cHarakiri\u201d isimli derginin incelenmesi sonucunda; dergide yer alan baz\u0131 yaz\u0131 ve karikat\u00fcrize foto\u011fraflar\u0131n 18 ya\u015f\u0131ndan k\u00fc\u00e7\u00fcklerin maneviyat\u0131 \u00fczerinde muz\u0131r tesir yapacak nitelikte oldu\u011funa; bu sebeple s\u00f6z konusu derginin 1117 say\u0131l\u0131 Kanunun 3266 say\u0131l\u0131 Kanunla de\u011fi\u015fik 4\u2019\u00fcnc\u00fc maddesindeki s\u0131n\u0131rlamalara t\u00e2bi olmas\u0131na oy \u00e7oklu\u011fu ile karar verdi.<\/p>\n<p style=\"text-align: justify;\">Ayr\u0131ca, Kurul 3 say\u0131l\u0131 \u201cSize\u201d isimli derginin incelenmesi sonucunda; dergide yer alan baz\u0131 foto\u011fraflar\u0131n 18 ya\u015f\u0131ndan k\u00fc\u00e7\u00fcklerin maneviyat\u0131 \u00fczerinde zararl\u0131 tesirde bulunaca\u011f\u0131 gerek\u00e7esiyle derginin s\u0131n\u0131rlamalara t\u00e2bi olmas\u0131na oy birli\u011fi ile karar verdi.<\/p>\n<p style=\"text-align: justify;\"><a href=\"http:\/\/www.korhanyilmaz.com\/wp-content\/uploads\/2011\/06\/455.jpg\"  class=\"lightview\"><img loading=\"lazy\" decoding=\"async\" class=\"aligncenter size-full wp-image-34015\" src=\"http:\/\/www.korhanyilmaz.com\/wp-content\/uploads\/2011\/06\/455.jpg\" alt=\"\" width=\"298\" height=\"411\" \/><\/a><a href=\"http:\/\/haber.gazetevatan.com\/muzir-kurulu-yine-is-basinda\/381054\/1\/Gundem\" target=\"_blank\">Kaynak : VATAN Gazetesi<br \/>\n<\/a><\/p>\n<p style=\"text-align: justify;\">&nbsp;<\/p>\n","protected":false},"excerpt":{"rendered":"<p style=\"text-align: justify;\">\n<p style=\"text-align: justify;\">K\u00fc\u00e7\u00fckleri Muz\u0131r Ne\u015friyattan Koruma Kurulu, karikat\u00fcr ve dergilere 18 ya\u015f s\u0131n\u0131rlamas\u0131 getirdi.<\/p>\n<p style=\"text-align: justify;\">Ba\u015fbakanl\u0131k K\u00fc\u00e7\u00fckleri Muz\u0131r Ne\u015friyattan Koruma Kurulu, baz\u0131 karikat\u00fcr ve dergilerde yer alan \u00e7izim ve resimlerin 18 ya\u015f\u0131ndan k\u00fc\u00e7\u00fcklerin maneviyat\u0131 \u00fczerinde muz\u0131r (zararl\u0131) tesir yapacak nitelikte oldu\u011fu gerek\u00e7esiyle dergilerin i\u00e7eri\u011fine s\u0131n\u0131rlama getirdi. <\/p>\n","protected":false},"author":1,"featured_media":0,"comment_status":"open","ping_status":"closed","sticky":false,"template":"","format":"standard","meta":{"footnotes":""},"categories":[105],"tags":[],"class_list":["post-34013","post","type-post","status-publish","format-standard","hentry","category-gundem","odd"],"_links":{"self":[{"href":"http:\/\/www.korhanyilmaz.com\/index.php?rest_route=\/wp\/v2\/posts\/34013","targetHints":{"allow":["GET"]}}],"collection":[{"href":"http:\/\/www.korhanyilmaz.com\/index.php?rest_route=\/wp\/v2\/posts"}],"about":[{"href":"http:\/\/www.korhanyilmaz.com\/index.php?rest_route=\/wp\/v2\/types\/post"}],"author":[{"embeddable":true,"href":"http:\/\/www.korhanyilmaz.com\/index.php?rest_route=\/wp\/v2\/users\/1"}],"replies":[{"embeddable":true,"href":"http:\/\/www.korhanyilmaz.com\/index.php?rest_route=%2Fwp%2Fv2%2Fcomments&post=34013"}],"version-history":[{"count":0,"href":"http:\/\/www.korhanyilmaz.com\/index.php?rest_route=\/wp\/v2\/posts\/34013\/revisions"}],"wp:attachment":[{"href":"http:\/\/www.korhanyilmaz.com\/index.php?rest_route=%2Fwp%2Fv2%2Fmedia&parent=34013"}],"wp:term":[{"taxonomy":"category","embeddable":true,"href":"http:\/\/www.korhanyilmaz.com\/index.php?rest_route=%2Fwp%2Fv2%2Fcategories&post=34013"},{"taxonomy":"post_tag","embeddable":true,"href":"http:\/\/www.korhanyilmaz.com\/index.php?rest_route=%2Fwp%2Fv2%2Ftags&post=34013"}],"curies":[{"name":"wp","href":"https:\/\/api.w.org\/{rel}","templated":true}]}}