{"id":34008,"date":"2011-06-01T22:25:09","date_gmt":"2011-06-01T19:25:09","guid":{"rendered":"http:\/\/www.korhanyilmaz.com\/?p=34008"},"modified":"2011-06-01T22:25:09","modified_gmt":"2011-06-01T19:25:09","slug":"kilina-zarar-gelse-hukumet-sorumlu","status":"publish","type":"post","link":"http:\/\/www.korhanyilmaz.com\/?p=34008","title":{"rendered":"K\u0131l\u0131na zarar gelse h\u00fck\u00fcmet sorumlu"},"content":{"rendered":"<p style=\"text-align: center;\"><a href=\"http:\/\/www.korhanyilmaz.com\/wp-content\/uploads\/2011\/06\/4541.jpg\"  class=\"lightview\"><img loading=\"lazy\" decoding=\"async\" class=\"aligncenter size-full wp-image-34010\" src=\"http:\/\/www.korhanyilmaz.com\/wp-content\/uploads\/2011\/06\/4541.jpg\" alt=\"\" width=\"385\" height=\"250\" \/><\/a><\/p>\n<p style=\"text-align: justify;\">MHP lideri Devlet Bah\u00e7eli, 17 \u00fclk\u00fcc\u00fcn\u00fcn Diyarbak\u0131r mitinginde provokasyon yaparak olay \u00e7\u0131karacaklar\u0131 gerek\u00e7esiyle g\u00f6zalt\u0131na al\u0131nmas\u0131na sert tepki g\u00f6sterdi: Dava arkada\u015flar\u0131m\u0131z\u0131n ba\u015f\u0131na geleceklerden Ba\u015fbakan ve h\u00fck\u00fcmeti sorumlu!<\/p>\n<p style=\"text-align: justify;\">Arkada\u015flar\u0131m\u0131z\u0131n k\u0131l\u0131na zarar gelirse sorumlusu Erdo\u011fan ve h\u00fck\u00fcmeti olur.<!--more--><\/p>\n<p style=\"text-align: justify;\">MHP Genel Ba\u015fkan\u0131 Devlet Bah\u00e7eli, Diyarbak\u0131r mitinginde provokasyon yaparak olay \u00e7\u0131karacaklar\u0131 \u00f6ne s\u00fcr\u00fclen 19 \u00fclk\u00fcc\u00fcn\u00fcn g\u00f6zalt\u0131na al\u0131nmas\u0131na sert tepki g\u00f6sterdi. Bah\u00e7eli, \u201cG\u00f6zalt\u0131ndaki arkada\u015flar\u0131m\u0131z\u0131n ba\u015f\u0131na geleceklerden Ba\u015fbakan ve h\u00fck\u00fcmeti sorumlu olacakt\u0131r\u201d dedi. Yapt\u0131\u011f\u0131 yaz\u0131l\u0131 a\u00e7\u0131klamada Ba\u015fbakan Tayyip Erdo\u011fan\u2019\u0131n, \u201ckaranl\u0131k emellerle, rezil y\u00f6ntemlerle  ve ku\u015fkulu vas\u0131talarla\u201d MHP\u2019yi sindiremeyece\u011fini er ge\u00e7 anlayaca\u011f\u0131n\u0131 iddia eden  Bah\u00e7eli, \u00f6zetle \u015funlar\u0131 s\u00f6yledi: \u201cHali haz\u0131rda g\u00f6zalt\u0131nda bulunan dava arkada\u015flar\u0131m\u0131z\u0131n ba\u015f\u0131na  geleceklerden ve bundan sonraki ya\u015fanacak olumsuzluklardan Ba\u015fbakan ve h\u00fck\u00fcmeti  birinci derecede sorumlu olacakt\u0131r. AKP h\u00fck\u00fcmetinin, hi\u00e7bir su\u00e7u ve g\u00fcnah\u0131 olmayan dava arkada\u015flar\u0131m\u0131zdan pis elini \u00e7ekmesi gecikmeksizin sa\u011flanmal\u0131d\u0131r. Aksi takdirde AKP iktidar\u0131, bundan sonra olacaklar\u0131n ve a\u011f\u0131r vebal\u0131n  faturas\u0131na katlanmak zorunda kalacak ve fitne siyasetinin alt\u0131nda ezilecek.\u201d Devlet Bah\u00e7eli \u015f\u00f6yle devam etti:<\/p>\n<p style=\"text-align: justify;\"><strong>Feraset ve sa\u011fduyusunu kaybetti<\/strong><\/p>\n<p style=\"text-align: justify;\">\u201cGerisinde AKP\u2019nin oldu\u011fu anla\u015f\u0131lan al\u00e7ak\u00e7a tertipler art\u0131k barda\u011f\u0131  ta\u015f\u0131rma noktas\u0131na kadar getirmi\u015f, sinirler ve sab\u0131rlar ciddi d\u00fczeyde gerilmi\u015ftir. \u00d6n\u00fcm\u00fczdeki se\u00e7imlerde iktidar\u0131 kaybedece\u011fini anlayan ve bir daha tek ba\u015f\u0131na h\u00fck\u00fcmet olamayaca\u011f\u0131n\u0131 g\u00f6ren Ba\u015fbakan Erdo\u011fan kontrol\u00fcn\u00fc, ferasetini ve sa\u011fduyusunu b\u00fct\u00fcn\u00fcyle kaybetmi\u015ftir.\u201d \u00d6te yandan se\u00e7im gezileri kapsam\u0131nda Aksaray\u2019da vatanda\u015flara seslenen Bah\u00e7eli, \u201cBug\u00fcn \u00f6yle bir konumday\u0131z ki; ABD\u2019nin dayatmas\u0131, AB\u2019nin ilerleme raporlar\u0131ndaki istekler, PKK\u2019n\u0131n talepleri ve AKP\u2019nin teslimiyet\u00e7i politika olarak vermeye gayret g\u00f6sterdi\u011fi tavizler \u00fcst \u00fcste bir iskambil ka\u011f\u0131d\u0131 gibi \u00f6rt\u00fc\u015fm\u00fc\u015ft\u00fcr\u201d dedi. MHP lideri, \u015f\u00f6yle dedi: \u201cBu iktidar d\u00f6neminde milli devlet, \u00fcniter yap\u0131, toprak b\u00fct\u00fcnl\u00fc\u011f\u00fc ve bin y\u0131ll\u0131k karde\u015fli\u011fimiz sorgulanm\u0131\u015f ve tart\u0131\u015f\u0131lm\u0131\u015ft\u0131r. Etnik temelli b\u00f6l\u00fcc\u00fc ter\u00f6r t\u0131rmanm\u0131\u015ft\u0131r. Bu iktidar d\u00f6neminde PKK\u2019n\u0131n siyasalla\u015fmas\u0131 yolunda \u00f6nemli tavizler verilmi\u015ftir.\u201d Bah\u00e7eli Aksaray\u2019dan sonra Ni\u011fde\u2019de de Ba\u015fbakan Erdo\u011fan\u2019a y\u00fcklendi. AKP iktidar\u0131n\u0131n, 9 y\u0131ld\u0131r yolsuzlu\u011fa, yoksullu\u011fa ve i\u015fsizli\u011fe \u00e7are bulamad\u0131\u011f\u0131n\u0131 ve ter\u00f6rle m\u00fccadelede ba\u015far\u0131 sa\u011flayamad\u0131\u011f\u0131n\u0131 belirten Bah\u00e7eli, son g\u00fcnlerde \u00e7\u0131kan se\u00e7im anketleri i\u00e7in de \u015funlar\u0131 s\u00f6yledi: \u201cSe\u00e7im sonu\u00e7lar\u0131n\u0131 de\u011ferlendiren s\u00f6zle\u015fmeli iktidar yanda\u015flar\u0131, millet iradesini edepsizce hi\u00e7e sayarak AKP\u2019nin oylar\u0131n\u0131 y\u00fczde 40\u2019lar\u0131n \u00fczerine \u00e7\u0131kar\u0131yorlar. Bunlar bu de\u011ferlendirmeyi nas\u0131l yap\u0131yorlar.\u201d<\/p>\n<p style=\"text-align: justify;\"><strong><span style=\"color: #993300; font-size: small;\">Selcan Ta\u015f\u00e7\u0131 NOTLAR<\/span><\/strong><\/p>\n<p style=\"text-align: justify;\"><strong>\u201cBiz bir t\u00fcrk\u00fc bilir onu s\u00f6yleriz&#8230;\u201d<\/strong><\/p>\n<p style=\"text-align: justify;\">\u0130stikametimiz Aksaray, Ni\u011fde, Konya&#8230; \u015eerefliko\u00e7hisar\u2019a do\u011fru ilerlerken ilk dura\u011f\u0131m\u0131z Ayranc\u0131\u2019da. Diyarbak\u0131r\u2019da provokasyon yapacaklar\u0131 iddias\u0131yla g\u00f6zalt\u0131na al\u0131nanlar aras\u0131nda \u201c\u00fclk\u00fcc\u00fcler\u201dde olunca herkes Bah\u00e7eli\u2019nin g\u00f6z\u00fcn\u00fcn i\u00e7ine bak\u0131yor masada:<\/p>\n<p style=\"text-align: justify;\">\u201cNe diyecek acaba?\u201d<\/p>\n<p style=\"text-align: justify;\">Merakta b\u0131rakm\u0131yor. Haz\u0131rlad\u0131\u011f\u0131 yaz\u0131l\u0131 a\u00e7\u0131klaman\u0131n saat 10:00 itibar\u0131yla elimizde olaca\u011f\u0131n\u0131 s\u00f6yl\u00fcyor. Bah\u00e7eli\u2019nin a\u00e7\u0131klaman\u0131n ne minvalde olaca\u011f\u0131n\u0131 anlamam\u0131z\u0131 sa\u011flayan ilk tepkisi \u00e7arp\u0131c\u0131:<\/p>\n<p style=\"text-align: justify;\">\u201cBir siyasi parti, bir siyasi hareket kendi aya\u011f\u0131na kur\u015fun s\u0131kar m\u0131?\u201d<\/p>\n<p style=\"text-align: justify;\">Komplonun bile bir raconu olur Bah\u00e7eli\u2019ye g\u00f6re. Mesela komplo dedi\u011fin komplocunun g\u00fc\u00e7l\u00fc oldu\u011fu, sonuca ula\u015faca\u011f\u0131ndan emin oldu\u011fu yerde yap\u0131l\u0131r. Bu \u00e7er\u00e7evede, \u201cKomplo yapmak istense bunun i\u00e7in Diyarbak\u0131r\u2019a gitmemiz gerek yok ki.\u201d diyor.<\/p>\n<p style=\"text-align: justify;\">Sabah gazeteleri hayretle okumu\u015f, hen\u00fcz ifadeleri dahi al\u0131nmam\u0131\u015f \u015fah\u0131slar hakk\u0131nda i\u015fi iddianame haz\u0131rlamaya vard\u0131ran \u201cmalum medya\u201dn\u0131n oynad\u0131\u011f\u0131 role dikkat \u00e7ekiyor: \u201cT\u00fcrkiye\u2019de art\u0131k savc\u0131lar\u0131n uzun uzun mesai yapmas\u0131 gerekmiyor. Sabah gazeteleri a\u00e7\u0131nca iddianameleri haz\u0131r zaten. \u201dBug\u00fcn ne yapaca\u011f\u0131z, iddianameyi nas\u0131l haz\u0131rlayaca\u011f\u0131z\u201c diye gazetelere bak\u0131p oradan \u00f6\u011frenebilirler&#8230;\u201d<\/p>\n<p style=\"text-align: justify;\">\u201cMedya\u201dn\u0131n s\u00fcre\u00e7teki \u201ckilit\u201d etkisine bir ba\u015fka \u00f6rnek de bir MHP te\u015fkilat\u0131na at\u0131lan ses bombas\u0131 olay\u0131yla ilgili:<\/p>\n<p style=\"text-align: justify;\">\u201cOlay yerine polisten \u00f6nce Cihan Haber Ajans\u0131 gidiyor. Bunlar, ku\u015flardan m\u0131 haber al\u0131yor!\u201d<\/p>\n<p style=\"text-align: justify;\">***<\/p>\n<p style=\"text-align: justify;\">Sohbetimiz s\u0131ras\u0131nda Bah\u00e7eli\u2019nin \u00f6nemle \u00fczerinde durdu\u011fu bir konu var. B\u00fct\u00fcn bu \u201ctezgah\u201d\u0131n siyasilerin de\u011fil b\u00fcrokrasi i\u00e7ine s\u0131zm\u0131\u015f bir grubun i\u015fi oldu\u011funu savunuyor. Ona kal\u0131rsa zaten AKP i\u00e7inde bu derece incelikli bir operasyonu kotaracak \u00e7apta kimse de yok. Mesaj\u0131 se\u00e7im sonras\u0131na ili\u015fkin:<\/p>\n<p style=\"text-align: justify;\">\u201cBu grup her kimse, bulup \u00e7\u0131kartaca\u011f\u0131z in\u015fallah!\u201d<\/p>\n<p style=\"text-align: justify;\">Peki Diyarbak\u0131r mitinginin yap\u0131laca\u011f\u0131 6 Haziran g\u00fcn\u00fcne kadar sistematik halde s\u00fcrece\u011fi anla\u015f\u0131lan olaylar MHP\u2019yi nas\u0131l etkiler?<\/p>\n<p style=\"text-align: justify;\">Bu kampanyan\u0131n da, partisini hedef alan \u00f6nceki giri\u015fimler gibi ters tepece\u011fine inan\u0131yor Bah\u00e7eli: \u201cBunlar b\u00f6yle yapt\u0131k\u00e7a mitinge olan ilgi art\u0131yor. Belki bir ki\u015fiye ula\u015facak olan mesaj\u0131m\u0131z bug\u00fcnden sonra 10 ki\u015fiye ula\u015facakt\u0131r&#8230;\u201d<\/p>\n<p style=\"text-align: justify;\">Diyarbak\u0131r konu\u015fman\u0131n i\u00e7eri\u011fiyle ilgili olarak daha \u00f6nceki ifadesini yineliyor Bah\u00e7eli:<\/p>\n<p style=\"text-align: justify;\">\u201cBiz bir t\u00fcrk\u00fc biliriz gidip onu s\u00f6yleyece\u011fiz&#8230;\u201d<\/p>\n<p style=\"text-align: justify;\">***<\/p>\n<p style=\"text-align: justify;\">12 Eyl\u00fcl \u00f6ncesi verilen m\u00fccadelede etkin rol oynam\u0131\u015f, yarg\u0131lanm\u0131\u015f, cezaevinde yatm\u0131\u015f, i\u015fkenceden ge\u00e7mi\u015f, kimi idamdan d\u00f6nm\u00fc\u015f bir grup -ki \u201cYa\u015fl\u0131 Kurtlar\u201d veya \u201cKoca Kurtlar\u201d diye an\u0131yor konvoydakiler kendilerini- da e\u015flik ediyor MHP Genel Ba\u015fkan\u0131\u2019na son gezilerinde. \u201cEski \u00dclk\u00fcc\u00fcler\u201d, \u201cBa\u011f\u0131ms\u0131z \u00dclk\u00fcc\u00fcler\u201d, \u201cFarkl\u0131 \u00dclk\u00fcc\u00fcler\u201d gibi suni kavramlarla \u00dclk\u00fcc\u00fc Hareket aras\u0131nda set g\u00f6revi g\u00f6r\u00fcyorlar . Mesajlar\u0131 net: \u201c12 Eyl\u00fcl zulm\u00fcne u\u011frayan \u00fclk\u00fcc\u00fcler Bah\u00e7eli\u2019nin yan\u0131nda, MHP\u2019nin \u00e7at\u0131s\u0131 alt\u0131ndalar.\u201d<\/p>\n<p style=\"text-align: justify;\">***<\/p>\n<p style=\"text-align: justify;\">\u015eerefliko\u00e7hisar\u2019da esnaf ziyaret yap\u0131yor MHP lideri. Kah bir kuyumcuyu selaml\u0131yor, kah temizlik i\u015f\u00e7ilerinin elini s\u0131k\u0131p sohbet ediyor. \u015eerefliko\u00e7hisar -Aksaray aras\u0131nda \u201ck\u00f6stebek\u201d  tarlas\u0131 gibi bir yolda b\u00fct\u00fcn organlar\u0131m\u0131z yer de\u011fi\u015ftirdikten sonra, yolun tam d\u00fczeldi\u011fi noktada kar\u015f\u0131m\u0131za \u00e7\u0131kan dev AKP panosu pes dedirtiyor:<\/p>\n<p style=\"text-align: justify;\">\u201cDuble yollarda g\u00fcvenle seyahat ediyorum!\u201d \u00c7ok de\u011fil birka\u00e7 kilometre \u00f6tede duble yol i\u015f\u00e7ilerinin MHP konvoyunu bozkurtlarla selamlamas\u0131 ise hayli manidar!<\/p>\n<p style=\"text-align: justify;\">***<\/p>\n<p style=\"text-align: justify;\">Aksaray\u2019da co\u015fkulu bir kalabal\u0131\u011fa hitap ediyor MHP Genel Ba\u015fkan\u0131. O se\u00e7im otob\u00fcs\u00fcn \u00fcst\u00fcnde konu\u015fmas\u0131n\u0131 s\u00fcrd\u00fcr\u00fcrken \u015fehrin arka sokaklar\u0131n\u0131 turluyorum nab\u0131z yoklamak i\u00e7in. Aksaray Kapal\u0131 \u00c7ar\u015f\u0131s\u0131 esnaf\u0131n\u0131n iddias\u0131 \u00e7ar\u015f\u0131n\u0131n \u201cy\u00fczde 95\u201d gibi y\u00fcksek bir oranda AKP\u2019yi destekleyece\u011fi yolunda. Bu iddial\u0131 iktidar destek\u00e7ilerinden ayr\u0131l\u0131p be\u015f on ad\u0131m sonra bir ba\u015fka d\u00fckkana giriyorum:<\/p>\n<p style=\"text-align: justify;\">\u201cMHP 2-1 yapar\u201d diyor Aksaray\u2019da.Hoppalaaaaa; eee hani y\u00fczde 95\u2019i AKP\u2019liydi! Anlat\u0131lana g\u00f6re ciddi bir tepki varm\u0131\u015f AKP milletvekillerine Aksaray\u2019da. Bah\u00e7eli\u2019yi elini \u00f6pmek isteyen ya\u015fl\u0131 bir kad\u0131n u\u011furluyor Aksaray\u2019dan. \u201cEsta\u011ffurullah\u201d deyip elini \u00e7ekiyor MHP lideri:<\/p>\n<p style=\"text-align: justify;\">\u201c\u0130zin verin ben sizin elinizi \u00f6peyim&#8230;\u201d<\/p>\n<p style=\"text-align: justify;\">Aksaray\u2019dan sonra Hasan Da\u011f\u0131 etraf\u0131n\u0131 \u015f\u00f6yle bir dolan\u0131p Ni\u011fde\u2019ye var\u0131yoruz. Meydan\u0131n\u0131 h\u0131nca h\u0131n\u00e7 dolu ve sab\u0131rs\u0131z g\u00f6r\u00fcnce, Bah\u00e7eli yar\u0131m saat \u00f6nce ba\u015fl\u0131yor konu\u015fmaya.. Otelden alana \u00e7\u0131k\u0131\u015f\u0131nda gazeteciler yolunu kesip Erdo\u011fan\u2019\u0131n Hopa\u2019da ya\u015fananlara ili\u015fkin s\u00f6zlerini hat\u0131rlat\u0131nca \u201cSay\u0131n Ba\u015fbakan, son haftalarda ne konu\u015ftu\u011funun fark\u0131nda de\u011fil. Zannediyorum yorucu bir televizyon program\u0131, yorucu bir a\u00e7\u0131l\u0131\u015f t\u00f6reni yorucu se\u00e7im faaliyetleriyle ne konu\u015ftu\u011funu fark edemeyecek bir konuma gelmi\u015ftir. Adalet ve Kalk\u0131nma Partisi y\u00f6neticileri onu biraz tatile \u00e7ekseler iyi olur. \u00c7\u00fcnk\u00fc bir emekli \u00f6\u011fretmenin vefat\u0131yla ilgili hi\u00e7bir ba\u015fbakana yak\u0131\u015fmayacak sorumlulukla yapt\u0131\u011f\u0131 a\u00e7\u0131klamalar var. Bu zat\u0131n art\u0131k ba\u015fbakan olarak kalmas\u0131 \u00fclkemiz i\u00e7in bir yarar getirmeyecek\u201d diyor ay\u0131playan bir \u00fcslupla. Se\u00e7ime 11 g\u00fcn kala MHP cephesinde durum \u015fimdilik bu&#8230; Daha fazlas\u0131n\u0131 g\u00f6rmek i\u00e7in ilerliyoruz Konya\u2019ya do\u011fru.<\/p>\n<p style=\"text-align: justify;\"><a href=\"http:\/\/www.yg.yenicaggazetesi.com.tr\/habergoster.php?haber=51368\">Kaynak : Yeni\u00e7a\u011f Gazetesi<\/a><\/p>\n","protected":false},"excerpt":{"rendered":"<p style=\"text-align: center;\">\n<p style=\"text-align: justify;\">MHP lideri Devlet Bah\u00e7eli, 17 \u00fclk\u00fcc\u00fcn\u00fcn Diyarbak\u0131r mitinginde provokasyon yaparak olay \u00e7\u0131karacaklar\u0131 gerek\u00e7esiyle g\u00f6zalt\u0131na al\u0131nmas\u0131na sert tepki g\u00f6sterdi: Dava arkada\u015flar\u0131m\u0131z\u0131n ba\u015f\u0131na geleceklerden Ba\u015fbakan ve h\u00fck\u00fcmeti sorumlu!<\/p>\n<p style=\"text-align: justify;\">Arkada\u015flar\u0131m\u0131z\u0131n k\u0131l\u0131na zarar gelirse sorumlusu Erdo\u011fan ve h\u00fck\u00fcmeti olur.<\/p>\n","protected":false},"author":1,"featured_media":0,"comment_status":"open","ping_status":"closed","sticky":false,"template":"","format":"standard","meta":{"footnotes":""},"categories":[105],"tags":[],"class_list":["post-34008","post","type-post","status-publish","format-standard","hentry","category-gundem","odd"],"_links":{"self":[{"href":"http:\/\/www.korhanyilmaz.com\/index.php?rest_route=\/wp\/v2\/posts\/34008","targetHints":{"allow":["GET"]}}],"collection":[{"href":"http:\/\/www.korhanyilmaz.com\/index.php?rest_route=\/wp\/v2\/posts"}],"about":[{"href":"http:\/\/www.korhanyilmaz.com\/index.php?rest_route=\/wp\/v2\/types\/post"}],"author":[{"embeddable":true,"href":"http:\/\/www.korhanyilmaz.com\/index.php?rest_route=\/wp\/v2\/users\/1"}],"replies":[{"embeddable":true,"href":"http:\/\/www.korhanyilmaz.com\/index.php?rest_route=%2Fwp%2Fv2%2Fcomments&post=34008"}],"version-history":[{"count":0,"href":"http:\/\/www.korhanyilmaz.com\/index.php?rest_route=\/wp\/v2\/posts\/34008\/revisions"}],"wp:attachment":[{"href":"http:\/\/www.korhanyilmaz.com\/index.php?rest_route=%2Fwp%2Fv2%2Fmedia&parent=34008"}],"wp:term":[{"taxonomy":"category","embeddable":true,"href":"http:\/\/www.korhanyilmaz.com\/index.php?rest_route=%2Fwp%2Fv2%2Fcategories&post=34008"},{"taxonomy":"post_tag","embeddable":true,"href":"http:\/\/www.korhanyilmaz.com\/index.php?rest_route=%2Fwp%2Fv2%2Ftags&post=34008"}],"curies":[{"name":"wp","href":"https:\/\/api.w.org\/{rel}","templated":true}]}}