{"id":34004,"date":"2011-06-01T21:20:38","date_gmt":"2011-06-01T18:20:38","guid":{"rendered":"http:\/\/www.korhanyilmaz.com\/?p=34004"},"modified":"2011-06-01T21:20:38","modified_gmt":"2011-06-01T18:20:38","slug":"kose-yazari-gozaltinda","status":"publish","type":"post","link":"http:\/\/www.korhanyilmaz.com\/?p=34004","title":{"rendered":"K\u00f6\u015fe yazar\u0131 g\u00f6zalt\u0131nda"},"content":{"rendered":"<p style=\"text-align: justify;\"><a href=\"http:\/\/www.korhanyilmaz.com\/wp-content\/uploads\/2011\/06\/453.jpg\"  class=\"lightview\"><img loading=\"lazy\" decoding=\"async\" class=\"aligncenter size-full wp-image-34005\" src=\"http:\/\/www.korhanyilmaz.com\/wp-content\/uploads\/2011\/06\/453.jpg\" alt=\"\" width=\"462\" height=\"210\" \/><\/a><\/p>\n<p style=\"text-align: justify;\">MHP\u2019nin Diyarbak\u0131r mitingte provakatif eylemde bulunaca\u011f\u0131 iddias\u0131yla g\u00f6zalt\u0131na al\u0131nanlardan birisinin Yeni\u00e7a\u011f gazetesi yazar\u0131 oldu\u011fu belirtildi.<\/p>\n<p style=\"text-align: justify;\">\u0130STANBUL &#8211; MHP\u2019nin \u00f6n\u00fcm\u00fczdeki hafta Diyarbak\u0131r\u2019da yapaca\u011f\u0131 mitingte provakatif eylemde bulunulaca\u011f\u0131 iddias\u0131yla \u0130zmir\u2019de g\u00f6zalt\u0131na al\u0131nan M.A.\u2019n\u0131n Yeni\u00e7a\u011f Gazetesi\u2019nde zaman zaman yaz\u0131lar\u0131n\u0131n yay\u0131mland\u0131\u011f\u0131 belirtildi. <!--more--><\/p>\n<p style=\"text-align: justify;\">\u0130stanbul Cumhuriyet Ba\u015fsavc\u0131l\u0131\u011f\u0131\u2019n\u0131n talimat\u0131yla d\u00fcn sabah saatlerinde harekete ge\u00e7en \u0130zmir Emniyet M\u00fcd\u00fcrl\u00fc\u011f\u00fc Ter\u00f6rle M\u00fccadele \u015eubesi ekipleri, 55 ya\u015f\u0131ndaki M.A.\u2019y\u0131 g\u00f6zalt\u0131na ald\u0131. \u0130stanbul\u2019da g\u00f6zalt\u0131na al\u0131nan di\u011fer \u015f\u00fcphelilerle birlikte, MHP Genel Ba\u015fkan\u0131 Devlet Bah\u00e7eli\u2019nin, Diyarbak\u0131r mitinginde, suikast ve sald\u0131r\u0131 gibi \u00e7e\u015fitli provakatif eylemlerde bulunaca\u011f\u0131 ileri s\u00fcr\u00fclen M.A.\u2019n\u0131n, bu partiye yak\u0131n gazetede zaman zaman k\u00f6\u015fe yaz\u0131lar\u0131n\u0131n yay\u0131mland\u0131\u011f\u0131 kaydedildi. M.A., i\u015flemlerin ard\u0131ndan \u0130zmir\u2019den \u0130stanbul\u2019a g\u00f6nderildi. ( DHA )<\/p>\n<p style=\"text-align: justify;\"><a href=\"http:\/\/www.gazeteport.com.tr\/haber\/35400\/sok_gozalti\" target=\"_blank\">Kaynak : GAZETEPORT<\/a><\/p>\n","protected":false},"excerpt":{"rendered":"<p style=\"text-align: justify;\">\n<p style=\"text-align: justify;\">MHP\u2019nin Diyarbak\u0131r mitingte provakatif eylemde bulunaca\u011f\u0131 iddias\u0131yla g\u00f6zalt\u0131na al\u0131nanlardan birisinin Yeni\u00e7a\u011f gazetesi yazar\u0131 oldu\u011fu belirtildi.<\/p>\n<p style=\"text-align: justify;\">\u0130STANBUL &#8211; MHP\u2019nin \u00f6n\u00fcm\u00fczdeki hafta Diyarbak\u0131r\u2019da yapaca\u011f\u0131 mitingte provakatif eylemde bulunulaca\u011f\u0131 iddias\u0131yla \u0130zmir\u2019de g\u00f6zalt\u0131na al\u0131nan M.A.\u2019n\u0131n Yeni\u00e7a\u011f Gazetesi\u2019nde zaman zaman yaz\u0131lar\u0131n\u0131n yay\u0131mland\u0131\u011f\u0131 belirtildi. <\/p>\n","protected":false},"author":1,"featured_media":0,"comment_status":"open","ping_status":"closed","sticky":false,"template":"","format":"standard","meta":{"footnotes":""},"categories":[105],"tags":[],"class_list":["post-34004","post","type-post","status-publish","format-standard","hentry","category-gundem","odd"],"_links":{"self":[{"href":"http:\/\/www.korhanyilmaz.com\/index.php?rest_route=\/wp\/v2\/posts\/34004","targetHints":{"allow":["GET"]}}],"collection":[{"href":"http:\/\/www.korhanyilmaz.com\/index.php?rest_route=\/wp\/v2\/posts"}],"about":[{"href":"http:\/\/www.korhanyilmaz.com\/index.php?rest_route=\/wp\/v2\/types\/post"}],"author":[{"embeddable":true,"href":"http:\/\/www.korhanyilmaz.com\/index.php?rest_route=\/wp\/v2\/users\/1"}],"replies":[{"embeddable":true,"href":"http:\/\/www.korhanyilmaz.com\/index.php?rest_route=%2Fwp%2Fv2%2Fcomments&post=34004"}],"version-history":[{"count":0,"href":"http:\/\/www.korhanyilmaz.com\/index.php?rest_route=\/wp\/v2\/posts\/34004\/revisions"}],"wp:attachment":[{"href":"http:\/\/www.korhanyilmaz.com\/index.php?rest_route=%2Fwp%2Fv2%2Fmedia&parent=34004"}],"wp:term":[{"taxonomy":"category","embeddable":true,"href":"http:\/\/www.korhanyilmaz.com\/index.php?rest_route=%2Fwp%2Fv2%2Fcategories&post=34004"},{"taxonomy":"post_tag","embeddable":true,"href":"http:\/\/www.korhanyilmaz.com\/index.php?rest_route=%2Fwp%2Fv2%2Ftags&post=34004"}],"curies":[{"name":"wp","href":"https:\/\/api.w.org\/{rel}","templated":true}]}}