{"id":33996,"date":"2011-06-01T10:02:27","date_gmt":"2011-06-01T07:02:27","guid":{"rendered":"http:\/\/www.korhanyilmaz.com\/?p=33996"},"modified":"2011-06-01T10:02:27","modified_gmt":"2011-06-01T07:02:27","slug":"mhpnin-gazetesinden-sok-iddia","status":"publish","type":"post","link":"http:\/\/www.korhanyilmaz.com\/?p=33996","title":{"rendered":"MHP&#8217;nin gazetesinden \u015fok iddia"},"content":{"rendered":"<p style=\"text-align: justify;\"><a href=\"http:\/\/www.korhanyilmaz.com\/wp-content\/uploads\/2011\/06\/452.jpg\"  class=\"lightview\"><img loading=\"lazy\" decoding=\"async\" class=\"aligncenter size-full wp-image-33997\" src=\"http:\/\/www.korhanyilmaz.com\/wp-content\/uploads\/2011\/06\/452.jpg\" alt=\"\" width=\"420\" height=\"210\" \/><\/a><\/p>\n<p style=\"text-align: justify;\">MHP\u2019yi sarsan kaset skandallar\u0131nda \u00f6n planda olan \u2018\u2019Farkl\u0131 \u00dclk\u00fcc\u00fcler\u2019\u2019 adl\u0131 internet sitesindeki yaz\u0131lar\u0131 Zaman gazetesi yazar\u0131 M\u00fcmtazer T\u00fcrk\u00f6ne\u2019nin yazd\u0131\u011f\u0131 iddia edildi.<\/p>\n<p style=\"text-align: justify;\">MHP\u2019ye yak\u0131nl\u0131\u011f\u0131 ile bilinen Ortado\u011fu gazetesi, sitedeki yaz\u0131larda ge\u00e7en c\u00fcmleler ile T\u00fcrk\u00f6ne\u2019nin yaz\u0131s\u0131nda ge\u00e7en c\u00fcmlelerindeki benzerli\u011fe dikkat \u00e7ekti ve \u201cTesad\u00fcf olabilir mi? Tek kalemden \u00e7\u0131kt\u0131\u011f\u0131 belli olan Farkl\u0131 \u00dclk\u00fcc\u00fcler\u2019in yaz\u0131lar\u0131n\u0131 M\u00fcmtazer T\u00fcrk\u00f6ne mi yazmaktad\u0131r. Bu sitelerin alt\u0131ndan hep \u00d6nder Ayta\u00e7 ve M\u00fcmtazer T\u00fcrk\u00f6ne\u2019nin \u00e7\u0131kmas\u0131n\u0131 kamuoyunun takdirine b\u0131rak\u0131yoruz\u2019\u2019 denildi. Ayr\u0131ca \u015fu noktalara dikkat \u00e7ekildi: <!--more--><\/p>\n<p style=\"text-align: justify;\"><strong>\u00c7A\u011eRIYA D\u0130KKAT<\/strong><\/p>\n<p style=\"text-align: justify;\">T\u00fcrk\u00f6ne 12 May\u0131s 2011\u2019de Zaman gazetesinde \u2018Devlet Bah\u00e7eli\u2019nin tarihi sorumlulu\u011fu, kendisini inanc\u0131na, davas\u0131na adam\u0131\u015f olanlar\u0131n \u00f6n\u00fcn\u00fc a\u00e7maktan ibaret. Bunun i\u00e7in istifa etmesi yeterli\u2019 \u015feklinde yaz\u0131 yazm\u0131\u015f, Farkl\u0131 \u00dclk\u00fcc\u00fcler ad\u0131ndaki \u00e7ete de 13 May\u0131s 2011\u2019de bir mektup yay\u0131nlayarak, \u2018Devlet Bah\u00e7elinin ve ekibinin g\u00f6revlerinden istifa edip hi\u00e7 vakit kaybetmeden \u00dclk\u00fcc\u00fc Hareketin ve MHP\u2019nin yakas\u0131n\u0131 b\u0131rakmalar\u0131 gerekmektedir\u2019 \u00e7a\u011fr\u0131s\u0131nda bulunmu\u015ftur.<\/p>\n<p style=\"text-align: justify;\"><strong>KEL\u0130MELER DE M\u0130 TESAD\u00dcF<\/strong><\/p>\n<p style=\"text-align: justify;\">Farkl\u0131 \u00dclk\u00fcc\u00fcler sitesinde 29 May\u0131s 2011 tarihinde \u2018Bu bir cerrahi m\u00fcdahaledir, urlu yap\u0131ya ne\u015fter at\u0131lmas\u0131d\u0131r. E\u011fer urlu b\u00fcnyeye ne\u015fter at\u0131lmazsa t\u00fcm v\u00fccudun kaybedilme riski do\u011far\u2019\u2019 diye yaz\u0131lm\u0131\u015f, ayn\u0131 g\u00fcn Zaman Gazetesi yazar\u0131 M\u00fcmtazer T\u00fcrk\u00f6ne\u2019nin yaz\u0131s\u0131nda ise \u2018Bah\u00e7eli&#8217;yi G\u00fclen Hareketi\u2019ne sava\u015f ilan etmeye zorlamak sonra da kulland\u0131\u011f\u0131 \u015fantaj kasetleriyle rezil etmek, bu tarz ameliyatlarda ustala\u015fan bir cerrah\u0131n MHP \u00fczerindeki seri operasyonlar\u0131 olamaz m\u0131?\u2019 c\u00fcmlelerdeki kelimelerin ayn\u0131 olmas\u0131 tesad\u00fcf olabilir m?\u201d<\/p>\n<p style=\"text-align: justify;\"><a href=\"http:\/\/haber.gazetevatan.com\/mhpnin-gazetesinden-sok-iddia\/380972\/1\/Gundem\" target=\"_blank\">Kaynak : VATAN Gazetesi<\/a><\/p>\n","protected":false},"excerpt":{"rendered":"<p style=\"text-align: justify;\">\n<p style=\"text-align: justify;\">MHP\u2019yi sarsan kaset skandallar\u0131nda \u00f6n planda olan \u2018\u2019Farkl\u0131 \u00dclk\u00fcc\u00fcler\u2019\u2019 adl\u0131 internet sitesindeki yaz\u0131lar\u0131 Zaman gazetesi yazar\u0131 M\u00fcmtazer T\u00fcrk\u00f6ne\u2019nin yazd\u0131\u011f\u0131 iddia edildi.<\/p>\n<p style=\"text-align: justify;\">MHP\u2019ye yak\u0131nl\u0131\u011f\u0131 ile bilinen Ortado\u011fu gazetesi, sitedeki yaz\u0131larda ge\u00e7en c\u00fcmleler ile T\u00fcrk\u00f6ne\u2019nin yaz\u0131s\u0131nda ge\u00e7en c\u00fcmlelerindeki benzerli\u011fe dikkat \u00e7ekti ve \u201cTesad\u00fcf olabilir mi? Tek kalemden \u00e7\u0131kt\u0131\u011f\u0131 belli olan <\/p>\n","protected":false},"author":1,"featured_media":0,"comment_status":"open","ping_status":"closed","sticky":false,"template":"","format":"standard","meta":{"footnotes":""},"categories":[105],"tags":[],"class_list":["post-33996","post","type-post","status-publish","format-standard","hentry","category-gundem","odd"],"_links":{"self":[{"href":"http:\/\/www.korhanyilmaz.com\/index.php?rest_route=\/wp\/v2\/posts\/33996","targetHints":{"allow":["GET"]}}],"collection":[{"href":"http:\/\/www.korhanyilmaz.com\/index.php?rest_route=\/wp\/v2\/posts"}],"about":[{"href":"http:\/\/www.korhanyilmaz.com\/index.php?rest_route=\/wp\/v2\/types\/post"}],"author":[{"embeddable":true,"href":"http:\/\/www.korhanyilmaz.com\/index.php?rest_route=\/wp\/v2\/users\/1"}],"replies":[{"embeddable":true,"href":"http:\/\/www.korhanyilmaz.com\/index.php?rest_route=%2Fwp%2Fv2%2Fcomments&post=33996"}],"version-history":[{"count":0,"href":"http:\/\/www.korhanyilmaz.com\/index.php?rest_route=\/wp\/v2\/posts\/33996\/revisions"}],"wp:attachment":[{"href":"http:\/\/www.korhanyilmaz.com\/index.php?rest_route=%2Fwp%2Fv2%2Fmedia&parent=33996"}],"wp:term":[{"taxonomy":"category","embeddable":true,"href":"http:\/\/www.korhanyilmaz.com\/index.php?rest_route=%2Fwp%2Fv2%2Fcategories&post=33996"},{"taxonomy":"post_tag","embeddable":true,"href":"http:\/\/www.korhanyilmaz.com\/index.php?rest_route=%2Fwp%2Fv2%2Ftags&post=33996"}],"curies":[{"name":"wp","href":"https:\/\/api.w.org\/{rel}","templated":true}]}}