{"id":33987,"date":"2011-06-01T20:19:07","date_gmt":"2011-06-01T17:19:07","guid":{"rendered":"http:\/\/www.korhanyilmaz.com\/?p=33987"},"modified":"2011-06-01T20:19:07","modified_gmt":"2011-06-01T17:19:07","slug":"mhpyi-destekleyecek","status":"publish","type":"post","link":"http:\/\/www.korhanyilmaz.com\/?p=33987","title":{"rendered":"MHP&#8217;yi destekleyecek"},"content":{"rendered":"<p style=\"text-align: center;\"><a href=\"http:\/\/www.korhanyilmaz.com\/wp-content\/uploads\/2011\/06\/4512.jpg\"  class=\"lightview\"><img loading=\"lazy\" decoding=\"async\" class=\"aligncenter size-full wp-image-34001\" src=\"http:\/\/www.korhanyilmaz.com\/wp-content\/uploads\/2011\/06\/4512.jpg\" alt=\"\" width=\"356\" height=\"240\" \/><\/a><\/p>\n<p style=\"text-align: justify;\">\u0130skenderpa\u015fa Cemaati &#8220;Ba\u015fbakan, MHP&#8217;nin baraj\u0131 a\u015famayaca\u011f\u0131n\u0131 bekliyor&#8221; deyip MHP&#8217;yi destekledi.<\/p>\n<p style=\"text-align: justify;\">Es&#8217;ad Co\u015fan&#8217;\u0131n o\u011flu Nurettin Co\u015fan&#8217;\u0131n liderli\u011findeki \u0130skenderpa\u015fa Cemaati MHP&#8217;yi destekleyece\u011fini bir deklarasyonla ilan etti. Daha \u00f6nce DYP&#8217;yi destekleyen bir d\u00f6nem AKP ile hareket eden cemaat bu defa MHP&#8217;ye destek \u00e7\u0131kaca\u011f\u0131n\u0131 a\u00e7\u0131klad\u0131.. <!--more--><\/p>\n<p style=\"text-align: justify;\"><strong>ASALAKLARI S\u0130LKELE<\/strong><\/p>\n<p style=\"text-align: justify;\">&#8220;Ba\u015fbakan, MHP&#8217;li karde\u015flerin baraj\u0131 a\u015famayaca\u011f\u0131n\u0131 bekliyor&#8221; denilen a\u00e7\u0131klamada kamuoyuna &#8220;Maneviyat bah\u00e7emize dadanm\u0131\u015f domuz s\u00fcr\u00fclerini, s\u0131rtlanlar\u0131, hain k\u00f6pekleri, kurnaz tilkileri, le\u015f kargalar\u0131n\u0131, kan\u0131m\u0131z\u0131, can\u0131m\u0131z\u0131, de\u011ferlerimizi, zenginliklerimizi emme\u011fe yeltenen s\u00fcl\u00fckleri, asalaklar\u0131 silkele&#8221; \u00e7a\u011fr\u0131s\u0131nda bulunuldu.<\/p>\n<p style=\"text-align: justify;\"><strong>BOZKURTLARA FIRSAT VER<\/strong><\/p>\n<p style=\"text-align: justify;\">\u0130lk Genel se\u00e7imde AKP&#8217;ye verilen deste\u011fin Ba\u015fbakan taraf\u0131ndan de\u011ferlendirilemedi\u011fini s\u00f6yleyen Co\u015fan &#8220;\u015eimdi silkin, \u015fimdi uyan, dengeleri boz. &#8220;Bozkurtlara&#8221; f\u0131rsat ver, yol ver, oy ver. \u00c7eki d\u00fczen versin, destek olsun dostlara, fayda versin, tek y\u00fcrek olsun iyiler.&#8221; dendi. &#8220;MHP&#8217;li karde\u015flerim, baraj\u0131 a\u015f\u0131n da, sizinle birlikte, daha \u00f6nce s\u00f6z verip de yerine getiremeyenler i\u00e7in bir telafi f\u0131rsat\u0131 do\u011fsun.&#8221; diyen Co\u015fan, &#8220;Birle\u015fsin g\u00fc\u00e7ler def etsin akbabalar\u0131, \u015fan\u0131m\u0131z y\u00fcr\u00fcs\u00fcn cihanda. Sefillere u\u015fak olmayal\u0131m&#8221; s\u00f6zleri ile cemaat \u00fcyelerine \u00e7a\u011fr\u0131da bulundu.<\/p>\n<p style=\"text-align: justify;\"><span style=\"font-size: medium; color: #993300;\"><strong>\u0130\u015fte Nureddin Co\u015fan \u0130mzas\u0131n\u0131 ta\u015f\u0131yan bildiri <\/strong><\/span><\/p>\n<div id=\"attachment_33993\" style=\"width: 240px\" class=\"wp-caption alignleft\"><a title=\"Nureddin Co\u015fan\" href=\"http:\/\/www.korhanyilmaz.com\/wp-content\/uploads\/2011\/06\/MNC_.jpg\"  class=\"lightview\"><img loading=\"lazy\" decoding=\"async\" aria-describedby=\"caption-attachment-33993\" class=\"size-full wp-image-33993 \" style=\"margin-left: 10px; margin-right: 10px;\" title=\"Nureddin Co\u015fan\" src=\"http:\/\/www.korhanyilmaz.com\/wp-content\/uploads\/2011\/06\/MNC_.jpg\" alt=\"\" width=\"230\" height=\"249\" \/><\/a><p id=\"caption-attachment-33993\" class=\"wp-caption-text\">Nureddin Co\u015fan<\/p><\/div>\n<p style=\"text-align: justify;\">Akl\u0131n\u0131 Kullan!<\/p>\n<p style=\"text-align: justify;\">De\u011ferli karde\u015fim, akl\u0131n\u0131 kullan!<\/p>\n<p style=\"text-align: justify;\">Nereye gidildi\u011fini, yar\u0131n ne olaca\u011f\u0131n\u0131, can\u0131ndan \u00e7ok sevip tercih edip b\u00fcy\u00fctt\u00fc\u011f\u00fcn \u00e7ocuklar\u0131n\u0131, istikbalini d\u00fc\u015f\u00fcn, emeklili\u011finin, sonras\u0131n\u0131n, hayat\u0131n\u0131n istemedi\u011fin, tasvip etmedi\u011fin bir d\u00fczene\u011fin i\u00e7inde ge\u00e7ti\u011fini, heba edildi\u011fini farket, bu duruma m\u00fcdahale et, itiraz et, bo\u015f verme!<\/p>\n<p style=\"text-align: justify;\">Anlamaya, g\u00f6rmeye \u00e7al\u0131\u015f, do\u011fruyla yanl\u0131\u015f\u0131 ay\u0131r, duru\u015funu \u00f6z\u00fcnle birle\u015ftir.<\/p>\n<p style=\"text-align: justify;\">G\u00f6z boyamal\u0131, k\u0131sa vadeli, saman alevli, serap misali a\u011fz\u0131na bal \u00e7al\u0131nd\u0131\u011f\u0131n\u0131, \u00e7al\u0131nan\u0131n asl\u0131nda bal olmad\u0131\u011f\u0131n\u0131, duygular\u0131nla oynand\u0131\u011f\u0131n\u0131, oynananlardan bihaber gafil kald\u0131\u011f\u0131n\u0131 g\u00f6r!<\/p>\n<p style=\"text-align: justify;\">Kafan\u0131 deveku\u015fu gibi kuma g\u00f6m\u00fcp ya\u015fad\u0131\u011f\u0131n \u00fclkede de\u011ferlerinin buharla\u015fmas\u0131na kay\u0131ts\u0131z kalma, &#8220;neme laz\u0131m&#8221; deme, &#8220;menfaatim&#8221; deme!<\/p>\n<p style=\"text-align: justify;\">Maneviyat bah\u00e7emize dadanm\u0131\u015f domuz s\u00fcr\u00fclerini, s\u0131rtlanlar\u0131, hain k\u00f6pekleri, kurnaz tilkileri, le\u015f kargalar\u0131n\u0131, kan\u0131m\u0131z\u0131, can\u0131m\u0131z\u0131, de\u011ferlerimizi, zenginliklerimizi emme\u011fe yeltenen s\u00fcl\u00fckleri, asalaklar\u0131 silkele, s\u0131rt\u0131ndan at, kamburunu d\u00fczelt, el ele ver, g\u00fcc\u00fcn\u00fc topla, maneviyat\u0131n\u0131 d\u00fczelt, iyileri bul, onlarla birle\u015f, i\u015fbirli\u011fi yap, yanl\u0131\u015f\u0131 d\u00fczelt!<\/p>\n<p style=\"text-align: justify;\">Bunu daha \u00f6nce yapt\u0131n. G\u00fczeli se\u00e7tin, g\u00fczelle\u015ftin, g\u00fc\u00e7lendin. \u00d6rnek oldun, \u00f6nc\u00fc oldun, yol g\u00f6sterdin, ilham kayna\u011f\u0131 oldun, sevildin&#8230;<\/p>\n<p style=\"text-align: justify;\">Is\u0131tt\u0131n, karanl\u0131k as\u0131rlara g\u00fcne\u015f oldun ayd\u0131nlatt\u0131n. \u00c7a\u011f atlatt\u0131n. Susuz y\u00fcreklere su serptin, serinlettin. Umut oldun, \u00e7are arayan bi\u00e7are insanl\u0131\u011fa, tarih yazd\u0131n alt\u0131n harflerle dima\u011flara.<\/p>\n<p style=\"text-align: justify;\">\u015eimdi silkin, \u015fimdi uyan, dengeleri boz. &#8220;Bozkurtlara&#8221; f\u0131rsat ver, yol ver, OY ver. \u00c7eki d\u00fczen versin, destek olsun dostlara, fayda versin, tek y\u00fcrek olsun iyiler.<\/p>\n<p style=\"text-align: justify;\">&#8220;Sagduyu&#8217;nun&#8221; mevcut h\u00fck\u00fcmeti kuran partiye ilk genel se\u00e7imlerinde tek ba\u015f\u0131na iktidar olmas\u0131yla sonu\u00e7lanan verdi\u011fi \u015fartl\u0131 destekle bile, hala, maalesef insanl\u0131k i\u00e7in, inananlar i\u00e7in beklenenleri ger\u00e7ekle\u015ftiremeyen Say\u0131n Ba\u015fbakan, MHP&#8217;li karde\u015flerin baraj\u0131 a\u015famayaca\u011f\u0131n\u0131 bekliyor. Haydi! Yaln\u0131z b\u0131rakmayal\u0131m meydanda \u00f6zg\u00fcrl\u00fckler vaad edegelen arkada\u015f\u0131. MHP&#8217;li karde\u015flerim, baraj\u0131 a\u015f\u0131n da, sizinle birlikte, daha \u00f6nce s\u00f6z verip de yerine getiremeyenler i\u00e7in bir telafi f\u0131rsat\u0131 do\u011fsun.<\/p>\n<p style=\"text-align: justify;\">Birle\u015fsin g\u00fc\u00e7ler def etsin akbabalar\u0131, \u015fan\u0131m\u0131z y\u00fcr\u00fcs\u00fcn cihanda.<\/p>\n<p style=\"text-align: justify;\">Sefillere u\u015fak olmayal\u0131m.<\/p>\n<p>\u00c7\u00fcnk\u00fc, k\u00f6lesiyiz, Raz\u0131 olsun alemlerin Efendisi bizden.<\/p>\n<p><em><strong>Nureddin Co\u015fan<\/strong><\/em><\/p>\n<p style=\"text-align: justify;\"><a href=\"http:\/\/www.gazeteport.com.tr\/haber\/35398\/cemaat_mhp_dedi\" target=\"_blank\">Kaynak : GAZETEPORT<\/a><\/p>\n","protected":false},"excerpt":{"rendered":"<p style=\"text-align: center;\">\n<p style=\"text-align: justify;\">\u0130skenderpa\u015fa Cemaati &#8220;Ba\u015fbakan, MHP&#8217;nin baraj\u0131 a\u015famayaca\u011f\u0131n\u0131 bekliyor&#8221; deyip MHP&#8217;yi destekledi.<\/p>\n<p style=\"text-align: justify;\">Es&#8217;ad Co\u015fan&#8217;\u0131n o\u011flu Nurettin Co\u015fan&#8217;\u0131n liderli\u011findeki \u0130skenderpa\u015fa Cemaati MHP&#8217;yi destekleyece\u011fini bir deklarasyonla ilan etti. Daha \u00f6nce DYP&#8217;yi destekleyen bir d\u00f6nem AKP ile hareket eden cemaat bu defa MHP&#8217;ye destek \u00e7\u0131kaca\u011f\u0131n\u0131 a\u00e7\u0131klad\u0131.. <\/p>\n","protected":false},"author":1,"featured_media":0,"comment_status":"open","ping_status":"closed","sticky":false,"template":"","format":"standard","meta":{"footnotes":""},"categories":[105],"tags":[245,246],"class_list":["post-33987","post","type-post","status-publish","format-standard","hentry","category-gundem","tag-iskenderpasa-cemaati","tag-nureddin-cosan","odd"],"_links":{"self":[{"href":"http:\/\/www.korhanyilmaz.com\/index.php?rest_route=\/wp\/v2\/posts\/33987","targetHints":{"allow":["GET"]}}],"collection":[{"href":"http:\/\/www.korhanyilmaz.com\/index.php?rest_route=\/wp\/v2\/posts"}],"about":[{"href":"http:\/\/www.korhanyilmaz.com\/index.php?rest_route=\/wp\/v2\/types\/post"}],"author":[{"embeddable":true,"href":"http:\/\/www.korhanyilmaz.com\/index.php?rest_route=\/wp\/v2\/users\/1"}],"replies":[{"embeddable":true,"href":"http:\/\/www.korhanyilmaz.com\/index.php?rest_route=%2Fwp%2Fv2%2Fcomments&post=33987"}],"version-history":[{"count":0,"href":"http:\/\/www.korhanyilmaz.com\/index.php?rest_route=\/wp\/v2\/posts\/33987\/revisions"}],"wp:attachment":[{"href":"http:\/\/www.korhanyilmaz.com\/index.php?rest_route=%2Fwp%2Fv2%2Fmedia&parent=33987"}],"wp:term":[{"taxonomy":"category","embeddable":true,"href":"http:\/\/www.korhanyilmaz.com\/index.php?rest_route=%2Fwp%2Fv2%2Fcategories&post=33987"},{"taxonomy":"post_tag","embeddable":true,"href":"http:\/\/www.korhanyilmaz.com\/index.php?rest_route=%2Fwp%2Fv2%2Ftags&post=33987"}],"curies":[{"name":"wp","href":"https:\/\/api.w.org\/{rel}","templated":true}]}}