{"id":3398,"date":"2009-02-20T18:25:03","date_gmt":"2009-02-20T16:25:03","guid":{"rendered":"http:\/\/www.korhanyilmaz.com\/?p=3398"},"modified":"2009-02-20T18:25:03","modified_gmt":"2009-02-20T16:25:03","slug":"baski-istifa-getirdi","status":"publish","type":"post","link":"http:\/\/www.korhanyilmaz.com\/?p=3398","title":{"rendered":"Bask\u0131 istifa getirdi"},"content":{"rendered":"<p style=\"text-align: center;\"><img loading=\"lazy\" decoding=\"async\" class=\"aligncenter size-full wp-image-3399\" title=\"Bask\u0131 istifa getirdi \" src=\"http:\/\/www.korhanyilmaz.com\/wp-content\/uploads\/2009\/02\/be9dd7202d29ef47af74e513x.jpg\" alt=\"Bask\u0131 istifa getirdi \" width=\"380\" height=\"200\" \/><\/p>\n<p style=\"text-align: justify;\">Hakk\u0131ndaki iddialar nedeniyle partisinden de bask\u0131 g\u00f6ren CHP Genel Sekreter Yard\u0131mc\u0131s\u0131 Sevigen, Baykal&#8217;\u0131n mesaj g\u00f6ndermesiyle d\u00fcn istifa etti. Sevigen, VATAN gazetesine su\u00e7lamalar y\u00f6neltti..      <img loading=\"lazy\" decoding=\"async\" src=\"http:\/\/img.sabah.com.tr\/i3\/sp.gif\" alt=\"\" width=\"1\" height=\"1\" \/> Son g\u00fcnlerde hakk\u0131nda pe\u015f pe\u015fe iddialar ortaya at\u0131lan CHP Genel Sekreter Yard\u0131mc\u0131s\u0131 Mehmet Sevigen, CHP lideri Deniz Baykal&#8217;\u0131n mesaj g\u00f6ndermesiyle d\u00fcn istifa etti. &#8220;Genel Ba\u015fkan\u0131m Baykal&#8217;\u0131 ve partimi se\u00e7im s\u00fcrecinde korumak i\u00e7in istifa ediyorum&#8221; diyen Sevigen, Vatan gazetesinin aleyhteki yay\u0131nlar\u0131n\u0131 gazetenin \u00fcst d\u00fczey y\u00f6netici Zafer Mutlu&#8217;nun Bak\u0131rk\u00f6y Belediye Ba\u015fkan adayl\u0131\u011f\u0131 ile ilgili isteklerine ba\u011flad\u0131.<\/p>\n<p style=\"text-align: justify;\"><strong>MESAJ \u0130LET\u0130LD\u0130<br \/>\n<\/strong>Sevigen ile ilgili iddialar\u0131 &#8220;Lin\u00e7 giri\u015fimi&#8221; olarak de\u011ferlendiren Baykal&#8217;\u0131n, \u00f6nceki g\u00fcn yapt\u0131\u011f\u0131 a\u00e7\u0131klamada &#8220;Bu olay Di\u015fli olay\u0131 gibi de\u011fil. Haks\u0131zl\u0131k ve lin\u00e7 yap\u0131l\u0131yor. Ama bana sorarsan\u0131z bir milletvekilinin ticari faaliyetlerde bulunmas\u0131 yanl\u0131\u015ft\u0131r. Yanl\u0131\u015f olan bu ili\u015fkidir&#8221; demesi Sevigen i\u00e7in istifan\u0131n ilk ad\u0131m\u0131 oldu. <!--more-->Baykal&#8217;\u0131n bu s\u00f6zlerini televizyondan izleyen Sevigen&#8217;in \u0130stanbul&#8217;a giderek e\u015fi G\u00fclay Sevigen ile durum de\u011ferlendirmesi yapt\u0131\u011f\u0131 \u00f6\u011frenildi. Sevigen&#8217;in d\u00fcn sabah yak\u0131n \u00e7al\u0131\u015fma arkada\u015flar\u0131 ile bir araya geldi\u011fi ve &#8220;Benim \u00fczerimden partiyi y\u0131prat\u0131yorlar. \u0130stifa etmeyi d\u00fc\u015f\u00fcn\u00fcyorum&#8221; dedi\u011fi \u00f6\u011frenildi. Ayn\u0131 saatlerde CHP Sayman\u0131 Mustafa \u00d6zy\u00fcrek ile Genel Ba\u015fkan Yard\u0131mc\u0131s\u0131 Y\u0131lmaz Ate\u015f&#8217;in Sevigen&#8217;i arayarak &#8220;\u0130stifa etsen iyi olur. Genel Ba\u015fkan\u0131m\u0131z senin hakl\u0131 oldu\u011funu biliyor. Ama se\u00e7ime giderken partiyi y\u0131pratmak istiyorlar. E\u011fer istifa edersen rahatlama olur. Genel ba\u015fkan\u0131m\u0131z da bu d\u00fc\u015f\u00fcncede&#8221; mesaj\u0131n\u0131 verdikleri belirtildi. Sevigen de hi\u00e7 d\u00fc\u015f\u00fcnmeden istifa karar\u0131n\u0131 ald\u0131. Edinilen bilgiye g\u00f6re Sevigen hemen Baykal&#8217;\u0131 arayarak &#8220;Sizin y\u0131prat\u0131lman\u0131za vicdan\u0131m el vermiyor. Ben istifa karar\u0131 ald\u0131m&#8221; dedi. Baykal&#8217;\u0131n &#8220;Sen benim dostumsun. Takdir senin&#8221; s\u00f6zleri \u00fczerine Sevigen, ilk u\u00e7a\u011fa binerek \u0130stanbul&#8217;dan Ankara&#8217;ya geldi. CHP Genel Merkezine ge\u00e7en Sevigen, \u00d6zy\u00fcrek ve Y\u0131lmaz Ate\u015f ile birlikte istifa metnini haz\u0131rlad\u0131. Bas\u0131n toplant\u0131s\u0131na &#8220;Hakk\u0131mdaki iddialar\u0131n hi\u00e7biri do\u011fru de\u011fildir&#8221; s\u00f6zleri ile ba\u015flayan Sevigen \u015f\u00f6yle dedi: &#8220;Genel Ba\u015fkan\u0131m Deniz Baykal&#8217;a te\u015fekk\u00fcr ediyorum. Kendisi \u00e7ok d\u00fcr\u00fcst bir insan. Yan\u0131nda i\u011fne deli\u011fi kadar yolsuzlu\u011fa bula\u015farak tutunmak m\u00fcmk\u00fcn de\u011fildir. Genel Ba\u015fkan\u0131m\u0131, partimi, birlikte \u00e7al\u0131\u015ft\u0131\u011f\u0131m arkada\u015flar\u0131m\u0131 korumak i\u00e7in, yarg\u0131s\u0131z infaz\u0131n hesab\u0131n\u0131 yarg\u0131da sormak i\u00e7in partideki g\u00f6revlerimden istifa ediyorum.&#8221;<\/p>\n<p style=\"text-align: justify;\"><strong>&#8216;MEVK\u0130M\u0130 KULLANMADIM&#8217;<br \/>\n<\/strong>Mehmet Sevigen, isim vermeden hakk\u0131ndaki haberleri yay\u0131nlayan Vatan gazetesinin orta\u011f\u0131 ve \u00fcst d\u00fczey y\u00f6neticisi Zafer Mutlu&#8217;yu da hedef ald\u0131. Sevigen \u015fu ifadeleri kulland\u0131: &#8220;Bir gazetenin en \u00fcst kadrosundaki y\u00f6neticisinin Bak\u0131rk\u00f6y belediye ba\u015fkan adayl\u0131\u011f\u0131 ile ilgili talebini kar\u015f\u0131layamad\u0131\u011f\u0131m i\u00e7in bedelini \u00f6deme pahas\u0131na dik durdum. \u015eimdi bak\u0131yorum, ne kadar hakl\u0131 ve do\u011fru bir i\u015f yapm\u0131\u015f\u0131m. Her ku\u015fun eti yenmez. Kalemlerini kullanarak \u015fantaj yaparak her istediklerini yapt\u0131ramayacaklar\u0131n\u0131 g\u00f6rs\u00fcnler. Boyun b\u00fckmedi\u011fim, hakl\u0131 oldu\u011fum, mevkimi kullanarak birilerine baz\u0131 \u015feyleri pe\u015fke\u015f \u00e7ekmedi\u011fim i\u00e7in mutluyum. Bana destek veren kimsenin ba\u015f\u0131n\u0131 \u00f6ne e\u011fdirmedim.&#8221;\n<\/p>\n<p style=\"text-align: justify;\"><span style=\"color: #888888;\">Kaynak : Sabah Gazetesi<\/span><\/p>\n","protected":false},"excerpt":{"rendered":"<p style=\"text-align: center;\">\n<p style=\"text-align: justify;\">Hakk\u0131ndaki iddialar nedeniyle partisinden de bask\u0131 g\u00f6ren CHP Genel Sekreter Yard\u0131mc\u0131s\u0131 Sevigen, Baykal&#8217;\u0131n mesaj g\u00f6ndermesiyle d\u00fcn istifa etti. Sevigen, VATAN gazetesine su\u00e7lamalar y\u00f6neltti.. Son g\u00fcnlerde hakk\u0131nda pe\u015f pe\u015fe iddialar ortaya at\u0131lan CHP Genel Sekreter Yard\u0131mc\u0131s\u0131 Mehmet Sevigen, CHP lideri Deniz Baykal&#8217;\u0131n mesaj g\u00f6ndermesiyle d\u00fcn istifa etti. &#8220;Genel Ba\u015fkan\u0131m Baykal&#8217;\u0131 ve <\/p>\n","protected":false},"author":1,"featured_media":0,"comment_status":"open","ping_status":"closed","sticky":false,"template":"","format":"standard","meta":{"footnotes":""},"categories":[105],"tags":[],"class_list":["post-3398","post","type-post","status-publish","format-standard","hentry","category-gundem","odd"],"_links":{"self":[{"href":"http:\/\/www.korhanyilmaz.com\/index.php?rest_route=\/wp\/v2\/posts\/3398","targetHints":{"allow":["GET"]}}],"collection":[{"href":"http:\/\/www.korhanyilmaz.com\/index.php?rest_route=\/wp\/v2\/posts"}],"about":[{"href":"http:\/\/www.korhanyilmaz.com\/index.php?rest_route=\/wp\/v2\/types\/post"}],"author":[{"embeddable":true,"href":"http:\/\/www.korhanyilmaz.com\/index.php?rest_route=\/wp\/v2\/users\/1"}],"replies":[{"embeddable":true,"href":"http:\/\/www.korhanyilmaz.com\/index.php?rest_route=%2Fwp%2Fv2%2Fcomments&post=3398"}],"version-history":[{"count":0,"href":"http:\/\/www.korhanyilmaz.com\/index.php?rest_route=\/wp\/v2\/posts\/3398\/revisions"}],"wp:attachment":[{"href":"http:\/\/www.korhanyilmaz.com\/index.php?rest_route=%2Fwp%2Fv2%2Fmedia&parent=3398"}],"wp:term":[{"taxonomy":"category","embeddable":true,"href":"http:\/\/www.korhanyilmaz.com\/index.php?rest_route=%2Fwp%2Fv2%2Fcategories&post=3398"},{"taxonomy":"post_tag","embeddable":true,"href":"http:\/\/www.korhanyilmaz.com\/index.php?rest_route=%2Fwp%2Fv2%2Ftags&post=3398"}],"curies":[{"name":"wp","href":"https:\/\/api.w.org\/{rel}","templated":true}]}}