{"id":33965,"date":"2011-06-01T16:40:08","date_gmt":"2011-06-01T13:40:08","guid":{"rendered":"http:\/\/www.korhanyilmaz.com\/?p=33965"},"modified":"2011-06-01T16:40:08","modified_gmt":"2011-06-01T13:40:08","slug":"erdogan-2005de-soylediklerimin-arkasindayim","status":"publish","type":"post","link":"http:\/\/www.korhanyilmaz.com\/?p=33965","title":{"rendered":"Erdo\u011fan: &#8216;2005&#8217;de s\u00f6ylediklerimin arkas\u0131nday\u0131m!&#8217;"},"content":{"rendered":"<p style=\"text-align: center;\"><a href=\"http:\/\/www.korhanyilmaz.com\/wp-content\/uploads\/2011\/06\/446.jpg\"  class=\"lightview\"><img loading=\"lazy\" decoding=\"async\" class=\"aligncenter size-full wp-image-33972\" src=\"http:\/\/www.korhanyilmaz.com\/wp-content\/uploads\/2011\/06\/446.jpg\" alt=\"\" width=\"420\" height=\"210\" \/><\/a><\/p>\n<p style=\"text-align: justify;\">Ba\u015fbakan Erdo\u011fan Diyarbak\u0131r&#8217;da partisinin mitinginde konu\u015ftu.<\/p>\n<p style=\"text-align: justify;\">\u0130\u015fte verece\u011fi mesajlar merakla beklenen Erdo\u011fan&#8217;\u0131n konu\u015fmas\u0131ndan sat\u0131rba\u015flar\u0131;<\/p>\n<p style=\"text-align: justify;\">&#8211; En son mitingimde de sizi alana gelmemeniz i\u00e7in tehdit ettiler. Ey BDP senin \u00f6zg\u00fcrl\u00fck anlay\u0131\u015f\u0131n bu mu? \u00d6zg\u00fcrl\u00fcklere pranga istemiyoruz. Halk \u00f6zg\u00fcrce oyunu kullans\u0131n.. <!--more--><\/p>\n<p style=\"text-align: justify;\">&#8211; Diyarbak\u0131rl\u0131 karde\u015fim buradan onlara do\u011fru d\u00fcr\u00fcst oy bile vermez. Soruyorum buradan: Bunlara oy verilecek de ne olacak.<\/p>\n<p style=\"text-align: justify;\">&#8211; Sizin kar\u015f\u0131n\u0131zda Ba\u015fbakan Tayyip Erdo\u011fan yok, sizden biri var.<\/p>\n<p style=\"text-align: justify;\">&#8211; Biz laf\u0131 eviren \u00e7evirenlerden de\u011filiz. Diyarbak\u0131r&#8217;da s\u00f6yledi\u011fini \u0130stanbul&#8217;da unutanlardan de\u011filiz.<\/p>\n<p style=\"text-align: justify;\">&#8211; Bug\u00fcn Diyarbak\u0131r&#8217;a helalla\u015fmeye geldim<\/p>\n<p style=\"text-align: justify;\"><strong>S\u0130Z K\u00dcRT ARIYORSUNUZ <\/strong><\/p>\n<p style=\"text-align: justify;\">&#8211; Siz insan aram\u0131yorsunuz siz K\u00fcrt ar\u0131yorsunuz, bizse insan ar\u0131yoruz. Benim K\u00fcrt vatanda\u015f\u0131m\u0131n hangi sorununu \u00e7\u00f6zd\u00fcler? Sadece laf\u0131n\u0131 yapt\u0131lar. BDP PKK&#8217;dan g\u00fc\u00e7 alarak bizi b\u00f6lmeye \u00e7al\u0131\u015f\u0131yor. K\u00fcrtleri seviyorlarsa Cizre&#8217;deki yurdu neden ate\u015fe verdiler. Bunlar k\u0131l\u0131\u00e7 zoruyla K\u00fcrtlere \u0130slam kabul ettirildi diyenler.<\/p>\n<p style=\"text-align: justify;\">&#8211; \u00c7anakkale ve Sar\u0131kam\u0131\u015f&#8217;ta \u015fehitlerimiz yan yana yat\u0131yor, Cumhuriyet&#8217;i hep birlikte kurduk. Biz ezelden karde\u015fiz. Ademle Havva&#8217;dan geliyoruz. B\u00f6lmek isteyenlere cevap 12 Haziran&#8217;da.<\/p>\n<p style=\"text-align: justify;\">&#8211; K\u0131blemiz bir ayr\u0131m yok. Ama son d\u00f6nemde yeni adet \u00e7\u0131kt\u0131. BDP&#8217;liler devletin imam\u0131na kar\u015f\u0131 \u00e7\u0131k\u0131yor. Bunlara g\u00f6re Apo peygamberdir. Bunu ifade ediyorlar.<\/p>\n<p style=\"text-align: justify;\">&#8211; Camileri ele ge\u00e7iririz diyorlar. Haddinizi bilin haddiniz..<\/p>\n<p style=\"text-align: justify;\">&#8211; Hopa&#8217;da yap\u0131lanlar\u0131 g\u00f6rd\u00fcn\u00fcz. \u00c7ocuklar\u0131n eline ta\u015flar\u0131 verip sald\u0131rd\u0131lar. Bunlar ter\u00f6rist, bunlar \u00e7ete.<\/p>\n<p style=\"text-align: justify;\"><strong>K\u00dcRT MESELES\u0130N\u0130N PATENT\u0130 CHP&#8217;YE, \u0130ST\u0130SMARI BDP&#8217;YE A\u0130TT\u0130R <\/strong><\/p>\n<p style=\"text-align: justify;\">-K\u00fcrt meselesinin patenti CHP\u2019ye aittir. K\u00fcrt sorununun m\u00fcsebbibi CHP\u2019dir. K\u00fcrt karde\u015flerimin ya\u015fad\u0131\u011f\u0131 ac\u0131n\u0131n kayna\u011f\u0131 CHP\u2019dir. K\u00fcrt meselesinin patenti CHP\u2019ye, istismar\u0131 da BDP\u2019ye aittir.<\/p>\n<p style=\"text-align: justify;\"><strong>BDP CHP&#8217;YE KUCAK A\u00c7TI <\/strong><\/p>\n<p style=\"text-align: justify;\">&#8211; Bu CHP zoraki demokrat. Zulm\u00fc savundular, K\u00fcrt meselesi yok dediler. CHP&#8217;ye BDP sahip \u00e7\u0131k\u0131yor, dayan\u0131\u015fma i\u00e7indeler. Hakkari&#8217;de 157 oy ald\u0131lar sadece. Hakkari mitinginde BDP, CHP&#8217;ye kucak a\u00e7t\u0131. BDP&#8217;lilerden biri Elaz\u0131\u011f&#8217;da MHP&#8217;yi destekleyeceklerini a\u00e7\u0131klad\u0131. Ses kayd\u0131 yak\u0131nda \u00e7\u0131kar.<\/p>\n<p style=\"text-align: justify;\"><strong>\u0130\u015eTE ERDO\u011eAN&#8217;IN BAHSETT\u0130\u011e\u0130 O KAYIT <\/strong><\/p>\n<p style=\"text-align: justify;\">YSK\u2019n\u0131n BDP destekli \u0130sa G\u00fcrb\u00fcz\u2019\u00fcn ba\u011f\u0131ms\u0131z milletvekili adayl\u0131\u011f\u0131n\u0131 iptal etmesinin ard\u0131ndan, Elaz\u0131\u011f\u2019da se\u00e7imleri 12 eyl\u00fcl referandum oylamas\u0131nda oldu\u011fu gibi boykot etme karar\u0131 alan BDP, daha \u00f6ncesinde MHP\u2019ye destek verme karar\u0131n\u0131 masaya yat\u0131rm\u0131\u015f.<\/p>\n<p style=\"text-align: justify;\">Video payla\u015f\u0131m sitesi dailymotion.com&#8217;a d\u00fc\u015fen ses kayd\u0131nda BDP&#8217;li \u0130l Ba\u015fkan\u0131 Baki Y\u0131ld\u0131r\u0131m, BDP E\u015fba\u015fkan\u0131 G\u00fclten K\u0131\u015fanak\u2019a \u201d <em>E\u011fer CHP uygun de\u011filse g\u00f6t\u00fcrelim e\u011fer MHP kazan\u0131yorsa orda bir tane \u00e7\u0131kar\u0131yorsa ikincisini biz destek sunarsak MHP \u00e7\u0131kar\u0131yorsa biz g\u00f6t\u00fcr\u00fcp MHP\u2019ye verelim oyu. Yani AKP orada bir daha be\u015f s\u0131f\u0131r yapmamal\u0131<\/em>\u201d diyor.<\/p>\n<p style=\"text-align: justify;\">Erdo\u011fan konu\u015fmas\u0131n\u0131 \u015f\u00f6yle s\u00fcrd\u00fcrd\u00fc;<\/p>\n<p style=\"text-align: justify;\">&#8211; Ba\u015f\u00f6rt\u00fcs\u00fcn\u00fc yasaklayan anlay\u0131\u015fla yurda molotof atan anlay\u0131\u015f aras\u0131nda ne fark var? Mem-u Zin&#8217;i yasaklayan anlay\u0131\u015fla \u015eivan Perver&#8217;i yasaklayan anlay\u0131\u015f aras\u0131nda ne fark var? CHP&#8217;ye oy vermeyenlere beyinsiz diyenlerle kepenk kapatt\u0131ranlar aras\u0131nda ne fark var?<\/p>\n<p style=\"text-align: justify;\"><strong>2005&#8217;DE S\u00d6YLED\u0130KLER\u0130M\u0130N ARKASINDAYIM <\/strong><\/p>\n<p style=\"text-align: justify;\">&#8211; Bu meseleyi biz \u00e7\u00f6zeriz. B\u00f6yle dedik ve de \u00e7\u00f6z\u00fcyoruz. Biz konuya samimiyetle yakla\u015ft\u0131k.<\/p>\n<p style=\"text-align: justify;\">&#8211; 2005 y\u0131l\u0131nda Diyarbak\u0131r&#8217;da ne dediysem bug\u00fcn o s\u00f6z\u00fcn arkas\u0131nday\u0131m. AKP&#8217;nin ba\u015flatt\u0131\u011f\u0131 hi\u00e7bir i\u015f yar\u0131m kalmad\u0131. \u00d6lene kadar K\u00fcrt sorunuyla m\u0131 yat\u0131p kalkaca\u011f\u0131z. Biz at\u0131lmayan ad\u0131mlar\u0131 att\u0131k.<\/p>\n<p style=\"text-align: justify;\">&#8211; Ola\u011fan\u00fcst\u00fc hali kald\u0131rd\u0131k, \u00c7eki\u00e7 G\u00fcc\u00fc kald\u0131rd\u0131k, TRT \u015ee\u015f&#8217;i a\u00e7t\u0131k.<\/p>\n<p style=\"text-align: justify;\">&#8211; Bu \u00fclkede akan kan\u0131 biz durduraca\u011f\u0131z&#8230;<\/p>\n<p style=\"text-align: justify;\">&#8211; Yeni Anayasay\u0131 birlikte yazaca\u011f\u0131z. BDP istismar\u0131 meslek haline getirmi\u015f. BDP bu topraklarda bask\u0131 olsun istiyor.<\/p>\n<p style=\"text-align: justify;\">&#8211; Kirli tezgahlar\u0131 hep birlikte bozaca\u011f\u0131z. 12 Haziran&#8217;da sand\u0131\u011fa g\u00fcvenle gidin.<\/p>\n<p style=\"text-align: justify;\"><strong>PROJELER <\/strong><\/p>\n<p style=\"text-align: justify;\">-Diyarbak\u0131r&#8217;da modern bir havaalan\u0131 terminali yapaca\u011f\u0131z, b\u00fct\u00fcn \u00fclkelerden insanlar buraya gelebilecek.<\/p>\n<p style=\"text-align: justify;\">&#8211; Diyarbak\u0131r&#8217;da 3-4 \u00fcniversite kurulabilir. Yabanc\u0131 \u00f6\u011frenciler kente gelebilir.<\/p>\n<p style=\"text-align: justify;\">&#8211; 5 km uzunlu\u011fundaki tarihi surlar onar\u0131lacak.<\/p>\n<p style=\"text-align: justify;\">&#8211; Dicle kenar\u0131na ya\u015fam merkezi kuraca\u011f\u0131z. \u00c7ok farkl\u0131 bir lan olacak<\/p>\n<p style=\"text-align: justify;\">&#8211; Diyarbak\u0131r-\u015eanl\u0131urfa aras\u0131na otoyol yap\u0131yoruz.<\/p>\n<p style=\"text-align: justify;\">&#8211; Diyarbak\u0131r&#8217;a 2 tane \u015fehir hastanesi yap\u0131yoruz.<\/p>\n<p style=\"text-align: justify;\">&#8211; Silvan&#8217;da 318 bin ki\u015fiye i\u015f imkan\u0131 sa\u011flayaca\u011f\u0131z.<\/p>\n<p style=\"text-align: justify;\">&#8211; Biz bunlar\u0131 yap\u0131yoruz. Peki BDP ne yap\u0131yor? Arka sokaklar\u0131n halini g\u00f6r\u00fcyorsunuz. Belediye nerede?<\/p>\n<p style=\"text-align: justify;\"><a href=\"http:\/\/haber.gazetevatan.com\/erdogan-2005de-soylediklerimin-arkasindayim\/381068\/9\/Siyaset\" target=\"_blank\">Kaynak : VATAN Gazetesi<\/a><\/p>\n","protected":false},"excerpt":{"rendered":"<p style=\"text-align: center;\">\n<p style=\"text-align: justify;\">Ba\u015fbakan Erdo\u011fan Diyarbak\u0131r&#8217;da partisinin mitinginde konu\u015ftu.<\/p>\n<p style=\"text-align: justify;\">\u0130\u015fte verece\u011fi mesajlar merakla beklenen Erdo\u011fan&#8217;\u0131n konu\u015fmas\u0131ndan sat\u0131rba\u015flar\u0131;<\/p>\n<p style=\"text-align: justify;\">&#8211; En son mitingimde de sizi alana gelmemeniz i\u00e7in tehdit ettiler. Ey BDP senin \u00f6zg\u00fcrl\u00fck anlay\u0131\u015f\u0131n bu mu? \u00d6zg\u00fcrl\u00fcklere pranga istemiyoruz. Halk \u00f6zg\u00fcrce oyunu kullans\u0131n.. <\/p>\n","protected":false},"author":1,"featured_media":0,"comment_status":"open","ping_status":"closed","sticky":false,"template":"","format":"standard","meta":{"footnotes":""},"categories":[105],"tags":[],"class_list":["post-33965","post","type-post","status-publish","format-standard","hentry","category-gundem","odd"],"_links":{"self":[{"href":"http:\/\/www.korhanyilmaz.com\/index.php?rest_route=\/wp\/v2\/posts\/33965","targetHints":{"allow":["GET"]}}],"collection":[{"href":"http:\/\/www.korhanyilmaz.com\/index.php?rest_route=\/wp\/v2\/posts"}],"about":[{"href":"http:\/\/www.korhanyilmaz.com\/index.php?rest_route=\/wp\/v2\/types\/post"}],"author":[{"embeddable":true,"href":"http:\/\/www.korhanyilmaz.com\/index.php?rest_route=\/wp\/v2\/users\/1"}],"replies":[{"embeddable":true,"href":"http:\/\/www.korhanyilmaz.com\/index.php?rest_route=%2Fwp%2Fv2%2Fcomments&post=33965"}],"version-history":[{"count":0,"href":"http:\/\/www.korhanyilmaz.com\/index.php?rest_route=\/wp\/v2\/posts\/33965\/revisions"}],"wp:attachment":[{"href":"http:\/\/www.korhanyilmaz.com\/index.php?rest_route=%2Fwp%2Fv2%2Fmedia&parent=33965"}],"wp:term":[{"taxonomy":"category","embeddable":true,"href":"http:\/\/www.korhanyilmaz.com\/index.php?rest_route=%2Fwp%2Fv2%2Fcategories&post=33965"},{"taxonomy":"post_tag","embeddable":true,"href":"http:\/\/www.korhanyilmaz.com\/index.php?rest_route=%2Fwp%2Fv2%2Ftags&post=33965"}],"curies":[{"name":"wp","href":"https:\/\/api.w.org\/{rel}","templated":true}]}}