{"id":33962,"date":"2011-06-01T13:52:01","date_gmt":"2011-06-01T10:52:01","guid":{"rendered":"http:\/\/www.korhanyilmaz.com\/?p=33962"},"modified":"2011-06-01T13:52:01","modified_gmt":"2011-06-01T10:52:01","slug":"kimyasi-bozuldu-tedavi-gormesi-lazim","status":"publish","type":"post","link":"http:\/\/www.korhanyilmaz.com\/?p=33962","title":{"rendered":"&#8220;Kimyas\u0131 bozuldu, tedavi g\u00f6rmesi laz\u0131m&#8221;"},"content":{"rendered":"<p style=\"text-align: center;\"><a href=\"http:\/\/www.korhanyilmaz.com\/wp-content\/uploads\/2011\/06\/445.jpg\"  class=\"lightview\"><img loading=\"lazy\" decoding=\"async\" class=\"aligncenter size-full wp-image-33968\" src=\"http:\/\/www.korhanyilmaz.com\/wp-content\/uploads\/2011\/06\/445.jpg\" alt=\"\" width=\"378\" height=\"227\" \/><\/a><\/p>\n<p style=\"text-align: justify;\">G\u00fcrsel Tekin, Erdo\u011fan&#8217;\u0131n kendisi i\u00e7in kulland\u0131\u011f\u0131, &#8220;\u015faklaban&#8221; s\u00f6z\u00fcne Gazeteport arac\u0131l\u0131\u011f\u0131 ile sert bir cevap verdi.<\/p>\n<p style=\"text-align: justify;\">CHP Genel Ba\u015fkan Yard\u0131mc\u0131s\u0131 G\u00fcrsel Tekin,  Ba\u015fbakan Erdo\u011fan\u2019\u0131n kendisi i\u00e7in kulland\u0131\u011f\u0131, \u201cK\u0131l\u0131\u00e7daro\u011flu\u2019nun \u015faklaban\u0131\u201d s\u00f6zlerine Gazeteport arac\u0131l\u0131\u011f\u0131 ile a\u011f\u0131r bir cevap verdi.<!--more--><\/p>\n<p style=\"text-align: justify;\">Ba\u015fbakan Erdo\u011fan \u0130stanbul\u2019da Hali\u00e7 Kongre Merkezi\u2019nde yapt\u0131\u011f\u0131 se\u00e7im konu\u015fmas\u0131nda CHP Genel Ba\u015fkan Yard\u0131mc\u0131s\u0131 ve CHP\u2019nin K\u0131l\u0131\u00e7daro\u011flu\u2019ndan sonra en \u00f6nemli siyasal fig\u00fcr\u00fc olan G\u00fcrsel Tekin i\u00e7in \u201c\u015faklaban\u201d ifadesini kulland\u0131. Erdo\u011fan\u2019\u0131n, \u201cK\u0131l\u0131\u00e7daro\u011flu \u00e7ar\u015fafl\u0131lara rozet takt\u0131, yan\u0131nda da \u015faklaban\u0131 vard\u0131\u201d s\u00f6zleri ile y\u00f6neldi\u011fi Tekin bu s\u00f6zlere Gazeteport arac\u0131l\u0131\u011f\u0131 ile \u015fu cevab\u0131 verdi:<\/p>\n<p style=\"text-align: justify;\"><strong>DEH\u015eET \u0130\u00c7\u0130NDE KALDIM<\/strong><\/p>\n<p style=\"text-align: justify;\">\u201cSay\u0131n Ba\u015fbakan\u2019\u0131 dinlerken deh\u015fet i\u00e7inde kald\u0131m. Say\u0131n Ba\u015fbakan\u2019\u0131n ger\u00e7ekten de kimyas\u0131 bozulmu\u015f. Sa\u011fl\u0131\u011f\u0131 yerinde de\u011fil. Say\u0131n Ba\u015fbakan\u2019\u0131n en k\u0131sa s\u00fcre i\u00e7ersinde bir tedaviye ihtiyac\u0131 var. Say\u0131n Ba\u015fbakan sa\u011fl\u0131ks\u0131z bir ruh hali i\u00e7inde ve bu ruh hali nedeniyle sadece siyaset\u00e7ilere de\u011fil,  vatanda\u015fa da hakaret ediyor.<\/p>\n<p style=\"text-align: justify;\"><strong>CHP\u2019DE \u015eAKLABAN YOK, \u00c7EVRES\u0130NE BAKSIN<\/strong><\/p>\n<p style=\"text-align: justify;\">Say\u0131n Ba\u015fbakan e\u011fer \u015faklaban ar\u0131yorsa \u00e7evresine baks\u0131n. \u00c7\u00fcnk\u00fc CHP\u2019de \u015faklaban yok. CHP\u2019deki siyaset\u00e7ilerin hepsi onurlu, akl\u0131 ba\u015f\u0131nda ve dik duru\u015flu insanlar.<\/p>\n<p style=\"text-align: justify;\"><strong>BU RUH HAL\u0130 \u0130LE BA\u015eBAKANLIK \u00dcLKEYE ZARAR VER\u0130R<\/strong><\/p>\n<p style=\"text-align: justify;\">Say\u0131n Ba\u015fbakan 12 Haziran se\u00e7im sonu\u00e7lar\u0131ndan duydu\u011fu kayg\u0131 nedeniyle \u00f6fke duyuyor. Bu nedenle siyaset\u00e7i, vatanda\u015f \u00f6n\u00fcne kim gelirse hakaret ediyor. Ancak Say\u0131n Ba\u015fbakan bu ruh hali ile 12 Haziran\u2019dan sonra Ba\u015fbakanl\u0131k yapmaya devam ederse bu \u00fclkeye zarar  verir. T\u00fcrkiye\u2019nin  bu nedenle de acilen bir iktidar de\u011fi\u015fikli\u011fine ihtiyac\u0131 var.<\/p>\n<p style=\"text-align: justify;\"><strong>\u0130ST\u0130KRAR DED\u0130\u011e\u0130 KEND\u0130 \u00c7EVRES\u0130N\u0130N \u0130ST\u0130KRARI<\/strong><\/p>\n<p style=\"text-align: justify;\">Say\u0131n Ba\u015fbakan, \u2018\u0130stikrar bozulmas\u0131n, AKP\u2019ye oy verin\u2019 diyor. \u0130stikrardan kast\u0131 kendi istikrar\u0131, \u00e7ocuklar\u0131n\u0131n istikrar\u0131, bakanlar\u0131n\u0131n \u00e7ocuklar\u0131n\u0131n istikrar\u0131, hortumcu holdinglerin istikrar\u0131.<\/p>\n<p style=\"text-align: justify;\"><strong>ERZURUM\u2019UN, TOKATIN, R\u0130ZE\u2019N\u0130N \u0130ST\u0130KRARI \u00c7OKTAN BOZULDU<\/strong><\/p>\n<p style=\"text-align: justify;\">Ama Erzurum, Tokat,  Rize  istikrars\u0131z. \u00c7ift\u00e7i istikrars\u0131z.  Yoksul, i\u015fsiz istikrars\u0131z. \u0130\u015f\u00e7i istikrars\u0131z, memur istikrars\u0131z. istikrars\u0131z.  Ba\u015fbakan\u2019\u0131n \u00e7evresi istikrarl\u0131. Say\u0131n Ba\u015fbakan i\u015fte, kendisinin ve  \u00e7evresinin istikrar\u0131 i\u00e7in oy istiyor vatanda\u015ftan.<\/p>\n<p style=\"text-align: justify;\"><strong>HAKKAR\u0130 BA\u015eBAKAN\u2019I \u00c7\u0130\u00c7EKLERLE KAR\u015eILIYORDU, \u015e\u0130MD\u0130 HAKKAR\u0130L\u0130\u2019YE HAKARET ED\u0130YOR<\/strong><\/p>\n<p style=\"text-align: justify;\">Say\u0131n Ba\u015fbakan vatanda\u015fa da hakaret ediyor. Hakkarili vatanda\u015flara da hakaret etti. Oysa, Hakkarili 2002-2007 aras\u0131nda Say\u0131n Ba\u015fbakan\u2019\u0131 ellerinde \u00e7i\u00e7eklerle kar\u015f\u0131l\u0131yordu. \u015eimdi ne oldu? Ne oldu da Ba\u015fbakan Hakkari\u2019de kendisini dinleyecek vatanda\u015f bulam\u0131yor? Say\u0131n Ba\u015fbakan\u2019\u0131n vatanda\u015fa hakaret etmek yerine bu sorunun cevab\u0131n\u0131 vermesi gerekir.  Say\u0131n Ba\u015fbakan \u015funu da bilmeli ki, milletin tokad\u0131 g\u00fcrd\u00fcr.<\/p>\n<p style=\"text-align: justify;\"><strong>HAN\u0130 M\u0130LLETE HAKARET ED\u0130LMEZD\u0130?<\/strong><\/p>\n<p style=\"text-align: justify;\">Bir de, Say\u0131n Ba\u015fbakan hat\u0131rlan\u0131rsa hep, \u201cMillete hakaret edilmez, ona k\u0131z\u0131lmaz\u201d diyordu. \u015eimdi ne oldu da bu kadar \u00f6fkeli vatanda\u015fa kar\u015f\u0131? Say\u0131n Ba\u015fbakan \u015funu da bilmeli ki, milletin tokad\u0131 g\u00fcrd\u00fcr. 12 Haziran se\u00e7im sonu\u00e7lar\u0131 bunu Say\u0131n Ba\u015fbakan\u2019a g\u00f6sterecektir.\u201d<\/p>\n<p style=\"text-align: justify;\"><strong>ERDO\u011eAN NE DEM\u0130\u015eT\u0130?<\/strong><\/p>\n<p style=\"text-align: justify;\">Hopa&#8217;daki olaylar ile ilgili de konu\u015fan Erdo\u011fan, &#8220;Hopa&#8217;da bir g\u00fcn \u00f6nceden CHP yanl\u0131lar\u0131, illegal, legal b\u00fct\u00fcn \u00f6rg\u00fctler orada kendilerine g\u00f6re bize pres yapma, bizi adeta Hopa&#8217;ya sokmama gibi bir gayretin i\u00e7ine girdiler. Bu \u00fclke 74 milyon. E\u011fer d\u00fc\u015f\u00fcnce \u00f6zg\u00fcrl\u00fc\u011f\u00fcne inan\u0131yorsan d\u00fc\u015f\u00fcnceden korkma. Ama bunlarda d\u00fc\u015f\u00fcnce yok. bunlar eli sopal\u0131 \u015fehir e\u015fk\u0131yas\u0131. Emniyat te\u015fkilat\u0131m\u0131za b\u00fct\u00fcn tedbirleri alacaks\u0131n\u0131z ve biz gelece\u011fiz dedik. Geldik ki meydanda 10 bin ki\u015fiden fazla vatanda\u015f\u0131m\u0131z orada. Ama bunlar sabahtan bu yana sokakta g\u00fcvenlik g\u00fc\u00e7lerimize ta\u015flarla m\u00fccadele i\u00e7inde. D\u00f6n\u00fc\u015f esnas\u0131nda ta\u015f at\u0131yorlar, g\u00fcvenlik gerekli m\u00fcdahaleyi, yap\u0131yor.<\/p>\n<p style=\"text-align: justify;\">Bir b\u00f6l\u00fcmde 150 ki\u015filik bir grup ta\u015f atmaya ba\u015flad\u0131lar otob\u00fcs\u00fcm\u00fcz ciddi isabetler ald\u0131. Bir koruma polsimiz ald\u0131\u011f\u0131 isabetle otob\u00fcsten d\u00fc\u015ferek maalesef \u015fu anda yo\u011fun bak\u0131mda. Beyin ameliyat\u0131 ge\u00e7irdi. 72 saat uyutulmas\u0131 gerekiyor. Tabi bu arada bir tanesi de kalp krizi ge\u00e7irerek, kimli\u011fini bilmiyorum, \u00fczerinde durma gere\u011fini duymuyorum kalp krizi sonucu \u00f6lm\u00fc\u015f&#8221; \u015feklinde konu\u015ftu .<\/p>\n<p style=\"text-align: justify;\"><strong>&#8220;BEN ONUN KADAR EDEPS\u0130Z, AL\u00c7AK, AHLAKSIZ DE\u011e\u0130L\u0130M&#8221;<\/strong><\/p>\n<p style=\"text-align: justify;\">Erdo\u011fan, &#8220;Orada bir pankart var CHP \u2019nin. Pankart \u015fu CHP \u2019nin hemen yan\u0131ndaki pankart: \u201cTek yol sokak, tek yol devri alt\u0131nda halk evleri. Bununla ne demek istendi\u011fi zaten ortada. Biz bunlara sadece sand\u0131kta gereken cevab\u0131 verece\u011fimizi s\u00f6yledik. Fakat enteresan olan \u015fu CHP Genel Ba\u015fkan\u0131 \u015fu a\u00e7\u0131klamay\u0131 yap\u0131yor \u00f6len ki\u015finin evini ziyaret edecekmi\u015f. \u015eahs\u0131mla ilgili de r\u00fczgar eken f\u0131rt\u0131na bi\u00e7er diyor. B\u00f6yle bir genel ba\u015fkan olur mu? Neyin r\u00fczgar\u0131n\u0131 ektik ki f\u0131rt\u0131na bi\u00e7ece\u011fiz. Yani birileri sana ayn\u0131s\u0131 yapt\u0131\u011f\u0131nda ben de sana m\u0131 bunu s\u00f6yleyece\u011fim. Ama ben onun kadar edepsiz, al\u00e7ak, ahlaks\u0131z de\u011filim&#8221; ifadesini kulland\u0131.<\/p>\n<p style=\"text-align: justify;\">&#8220;Yan\u0131nda bir \u015faklaban\u0131 var, onunla birlikte gelirler \u00e7ar\u015fafl\u0131 karde\u015flerimize rozet takarlar daha sonra da Mersin&#8217;de otob\u00fcsten atarlar&#8221;<\/p>\n<p style=\"text-align: justify;\"><a href=\"http:\/\/www.gazeteport.com.tr\/haber\/35334\/kimyasi_bozuk_tedavi_lazim\" target=\"_blank\">Kaynak : Safile Usul-Gazeteport<\/a><\/p>\n","protected":false},"excerpt":{"rendered":"<p style=\"text-align: center;\">\n<p style=\"text-align: justify;\">G\u00fcrsel Tekin, Erdo\u011fan&#8217;\u0131n kendisi i\u00e7in kulland\u0131\u011f\u0131, &#8220;\u015faklaban&#8221; s\u00f6z\u00fcne Gazeteport arac\u0131l\u0131\u011f\u0131 ile sert bir cevap verdi.<\/p>\n<p style=\"text-align: justify;\">CHP Genel Ba\u015fkan Yard\u0131mc\u0131s\u0131 G\u00fcrsel Tekin, Ba\u015fbakan Erdo\u011fan\u2019\u0131n kendisi i\u00e7in kulland\u0131\u011f\u0131, \u201cK\u0131l\u0131\u00e7daro\u011flu\u2019nun \u015faklaban\u0131\u201d s\u00f6zlerine Gazeteport arac\u0131l\u0131\u011f\u0131 ile a\u011f\u0131r bir cevap verdi.<\/p>\n","protected":false},"author":1,"featured_media":0,"comment_status":"open","ping_status":"closed","sticky":false,"template":"","format":"standard","meta":{"footnotes":""},"categories":[105],"tags":[],"class_list":["post-33962","post","type-post","status-publish","format-standard","hentry","category-gundem","odd"],"_links":{"self":[{"href":"http:\/\/www.korhanyilmaz.com\/index.php?rest_route=\/wp\/v2\/posts\/33962","targetHints":{"allow":["GET"]}}],"collection":[{"href":"http:\/\/www.korhanyilmaz.com\/index.php?rest_route=\/wp\/v2\/posts"}],"about":[{"href":"http:\/\/www.korhanyilmaz.com\/index.php?rest_route=\/wp\/v2\/types\/post"}],"author":[{"embeddable":true,"href":"http:\/\/www.korhanyilmaz.com\/index.php?rest_route=\/wp\/v2\/users\/1"}],"replies":[{"embeddable":true,"href":"http:\/\/www.korhanyilmaz.com\/index.php?rest_route=%2Fwp%2Fv2%2Fcomments&post=33962"}],"version-history":[{"count":0,"href":"http:\/\/www.korhanyilmaz.com\/index.php?rest_route=\/wp\/v2\/posts\/33962\/revisions"}],"wp:attachment":[{"href":"http:\/\/www.korhanyilmaz.com\/index.php?rest_route=%2Fwp%2Fv2%2Fmedia&parent=33962"}],"wp:term":[{"taxonomy":"category","embeddable":true,"href":"http:\/\/www.korhanyilmaz.com\/index.php?rest_route=%2Fwp%2Fv2%2Fcategories&post=33962"},{"taxonomy":"post_tag","embeddable":true,"href":"http:\/\/www.korhanyilmaz.com\/index.php?rest_route=%2Fwp%2Fv2%2Ftags&post=33962"}],"curies":[{"name":"wp","href":"https:\/\/api.w.org\/{rel}","templated":true}]}}