{"id":33958,"date":"2011-06-01T11:31:36","date_gmt":"2011-06-01T08:31:36","guid":{"rendered":"http:\/\/www.korhanyilmaz.com\/?p=33958"},"modified":"2011-06-01T11:31:36","modified_gmt":"2011-06-01T08:31:36","slug":"olum-nedeni-biber-gazi","status":"publish","type":"post","link":"http:\/\/www.korhanyilmaz.com\/?p=33958","title":{"rendered":"\u00d6l\u00fcm nedeni biber gaz\u0131"},"content":{"rendered":"<p style=\"text-align: justify;\"><a href=\"http:\/\/www.korhanyilmaz.com\/wp-content\/uploads\/2011\/06\/443.jpg\"  class=\"lightview\"><img loading=\"lazy\" decoding=\"async\" class=\"aligncenter size-full wp-image-33959\" src=\"http:\/\/www.korhanyilmaz.com\/wp-content\/uploads\/2011\/06\/443.jpg\" alt=\"\" width=\"462\" height=\"210\" \/><\/a><\/p>\n<p style=\"text-align: justify;\">Metin Lokumcu&#8217;nun \u00f6l\u00fcm raporu a\u00e7\u0131kland\u0131. Artvin Emniyet M\u00fcd\u00fcr\u00fc merkeze al\u0131nd\u0131.<\/p>\n<p style=\"text-align: justify;\">ARTV\u0130N- Hopa&#8217;da Ba\u015fbakan Recep Tayyip Erdo\u011fan&#8217;\u0131n mitingi \u00f6ncesi \u00e7\u0131kan olaylar\u0131n etkisi devam ediyor. Olayda hayat\u0131n\u0131 kaybeden emekli \u00f6\u011fretmen Metin Lokumcu&#8217;nun \u00f6l\u00fcm rapor a\u00e7\u0131klan\u0131rken Artvin Emniyet M\u00fcd\u00fcr\u00fc Muhsin Arma\u011fan merkeze al\u0131nd\u0131.  Artvin Valisi Mustafa Yemlihal\u0131o\u011flu, \u0130l Emniyet M\u00fcd\u00fcr\u00fc Muhsin Arma\u011fan&#8217;\u0131n ba\u015flat\u0131lan soru\u015fturma kapsam\u0131nda merkeze al\u0131nd\u0131\u011f\u0131n\u0131, yerine H\u00fcsrev Salmaner&#8217;in atand\u0131\u011f\u0131n\u0131 a\u00e7\u0131klad\u0131. <!--more--><\/p>\n<p style=\"text-align: justify;\">Ba\u015fbakan Erdo\u011fan&#8217;\u0131n i\u00e7inde bulundu\u011fu se\u00e7im otob\u00fcs\u00fcn\u00fcn ta\u015flanmas\u0131 s\u0131ras\u0131nda ba\u015f\u0131na ta\u015f isabet ederek arka kap\u0131dan d\u00fc\u015fen koruma polisi 36 ya\u015f\u0131ndaki polis memuru Servet Erkan da a\u011f\u0131r yaraland\u0131.<\/p>\n<p style=\"text-align: justify;\">Emekli \u00f6\u011fretmen Metin Lokumcu\u2019nun cenazesi d\u00fcn gece ge\u00e7 saatlerde Trabzon Adli T\u0131p Grup Ba\u015fkanl\u0131\u011f\u0131\u2019na getirildi. Sabah saatlerinde savc\u0131n\u0131n gelmesiyle Metin Lokumcu\u2019ya otopsi yap\u0131ld\u0131 ve cenazesi yak\u0131nlar\u0131na teslim edildi. Lokumcu\u2019nun cenazesi daha sonra Hopa Belediyesi\u2019ne ait bir cenaze arac\u0131yla Hopa\u2019n\u0131n Kemalpa\u015fa Beldesi\u2019ne g\u00f6nderildi.<\/p>\n<p style=\"text-align: justify;\"><strong>\u00d6L\u00dcMDE B\u0130BER GAZI TET\u0130KLEMES\u0130<\/strong><\/p>\n<p style=\"text-align: justify;\">Ast\u0131m bron\u015fit hastas\u0131 olan Metin Lokumcu\u2019nun ilk belirlemelere g\u00f6re biber gaz\u0131n\u0131n bu hastal\u0131\u011f\u0131 tetiklemesi ve a\u015f\u0131r\u0131 heyecana ba\u011fl\u0131 olarak kalp krizi ge\u00e7irerek \u00f6ld\u00fc\u011f\u00fc belirlendi.<\/p>\n<p style=\"text-align: justify;\">Kesin otopsi raporunun \u00e7\u0131kmas\u0131n\u0131n bir ay kadar s\u00fcrebilece\u011fi ifade edilirken, Metin Lokumcu\u2019nun v\u00fccudunda kalp krizini tetikleyebilecek herhangi bir yara ve \u00e7\u00fcr\u00fck izine rastlanmad\u0131\u011f\u0131 vurguland\u0131.<\/p>\n<p style=\"text-align: justify;\"><strong>TA\u015e: \u00dcN\u0130FORMALI DEVLET TER\u00d6R\u00dc<\/strong><\/p>\n<p style=\"text-align: justify;\">Metin Lokumcu\u2019nun cenazesini almak i\u00e7in Trabzon Adli T\u0131p Grup Ba\u015fkanl\u0131\u011f\u0131\u2019na gelen \u00d6zg\u00fcrl\u00fck ve Dayan\u0131\u015fma Partisi (\u00d6DP) Genel Ba\u015fkan\u0131 Alper Ta\u015f ise Hopa\u2019daki olaylar\u0131 de\u011ferlendirdi. Olaylar\u0131, Hopa&#8217;da miting \u00f6ncesi Ba\u015fbakanl\u0131k korumalar\u0131n\u0131n as\u0131lan pankartlar\u0131 indirmesinin tetikledi\u011fini ileri s\u00fcren Alper Ta\u015f, \u015funlar\u0131 s\u00f6yledi: &#8220;Ba\u015fbakan\u2019\u0131n mitingi \u00f6ncesi insanlar Do\u011fu Karadeniz\u2019in ya\u015fad\u0131\u011f\u0131 sorunlar\u0131, \u00f6zellikle HES\u2019ler nedeniyle ya\u015fanan do\u011fa katliam\u0131 ve \u00e7ay \u00fcreticilerinin sorunlar\u0131n\u0131 dile getirmek amac\u0131yla miting alan\u0131n\u0131n yak\u0131nlar\u0131nda toplan\u0131yor. De\u011fi\u015fik binalara da bu konuya ili\u015fkin pankartlar\u0131n\u0131 as\u0131yorlar. \u2018Su hayatt\u0131r sat\u0131lamaz\u2019, \u2018Karadeniz\u2019in asi \u00e7ocuklar\u0131 \u00c7aykur\u2019u \u00f6zelle\u015ftirtmeyecek\u2019 gibi pankartlar as\u0131yorlar. Burada sorun Ba\u015fbakanl\u0131k korumalar\u0131 ve polislerin pankartlar\u0131n indirilmesi y\u00f6n\u00fcndeki talepleriyle ba\u015fl\u0131yor. Oradaki insanlar\u0131n bunu demokratik bir hak olarak g\u00f6rd\u00fckleri i\u00e7in indirilmesine kar\u015f\u0131 \u00e7\u0131k\u0131yorlar. Bunun \u00fczerine orada toplanan b\u00fct\u00fcn insanlar\u0131n da\u011f\u0131t\u0131lmas\u0131na d\u00f6n\u00fck sald\u0131r\u0131 ger\u00e7ekle\u015ftiriliyor. Polis taraf\u0131ndan tazyikli su ve gaz bombalar\u0131 at\u0131l\u0131yor. O s\u0131rada arkada\u015f\u0131m\u0131z da g\u00f6rg\u00fc tan\u0131klar\u0131n\u0131n s\u00f6yledi\u011fine g\u00f6re darp ve gazdan etkileniyor ve kaybediyoruz.\u201d<\/p>\n<p style=\"text-align: justify;\">Ba\u015fbakan Erdo\u011fan&#8217;\u0131n Hopa&#8217;dan Trabzon&#8217;a ge\u00e7tikten sonra mitingte &#8220;E\u015fk\u0131ya Hopa\u2019ya inmi\u015f\u201d s\u00f6zlerine tepki g\u00f6steren Alper Ta\u015f, s\u00f6zlerini \u015f\u00f6yle s\u00fcrd\u00fcrd\u00fc: \u201cBa\u015fbakan d\u00fcn Trabzon\u2019da, \u2018E\u015fk\u0131ya Hopa\u2019ya inmi\u015f\u2019 gibi laflar s\u00f6yl\u00fcyor ama orada e\u015fk\u0131yan\u0131n kim oldu\u011fu a\u00e7\u0131k\u00e7a belli. Hopa halk\u0131 de\u011fil ki e\u015fk\u0131ya. \u00dcniformal\u0131 bir devlet ter\u00f6r\u00fc var orada. Bunu g\u00f6rmek laz\u0131m. Sonu\u00e7ta insanlar ba\u015fbakan\u0131n mitingine fiili bir sald\u0131r\u0131 m\u0131 ger\u00e7ekle\u015ftirdi? Demokratik taleplerini ifade etmek i\u00e7in orada bulunuyorlard\u0131. Mitingi sabote etme gibi bir e\u011filim i\u00e7inde olmad\u0131 insanlar.\u201d<\/p>\n<p style=\"text-align: justify;\">Alper Ta\u015f, hayat\u0131n\u0131 kaybeden Metin Lokumcu\u2019nun \u00fclke sorunlar\u0131na duyarl\u0131 bir parti dostlar\u0131 oldu\u011funu ifade ederek, \u201cBug\u00fcn arkada\u015f\u0131m\u0131z\u0131 defnedece\u011fiz. Bundan sonra hukuki s\u00fcre\u00e7 ba\u015flayacak. Gerekli yasal i\u015flemleri yapaca\u011f\u0131z. Arkada\u015f\u0131m\u0131z\u0131n katilinin bulunmas\u0131 ve yarg\u0131lanmas\u0131 gerekiyor\u201d dedi.<\/p>\n<p style=\"text-align: justify;\">Hopa\u2019da bir \u00e7ok ki\u015finin g\u00f6zalt\u0131na al\u0131nmas\u0131n\u0131 da ele\u015ftiren Alper Ta\u015f, &#8220;Bug\u00fcn cenaze kald\u0131r\u0131lacak, siz gidip insanlar\u0131 g\u00f6zalt\u0131na al\u0131yorsunuz, gerilimi tekrar t\u0131rmand\u0131r\u0131yorsunuz. \u0130nsanlar\u0131n ac\u0131s\u0131n\u0131 payla\u015fmas\u0131na olanak vermek ve cenazenin defnedilmesini sa\u011flamakt\u0131 yap\u0131lmas\u0131 gereken. Bu ac\u0131ya kar\u015f\u0131 insanlar\u0131n akrabalar\u0131, dostlar\u0131 g\u00f6zalt\u0131na al\u0131n\u0131yor. Bug\u00fcn cenazemizi kald\u0131ral\u0131m ondan sonra hukuki anlamda ne hesapla\u015fma ger\u00e7ekle\u015fecekse biz de bunun bir par\u00e7as\u0131 olaca\u011f\u0131z zaten\u201d diye konu\u015ftu.<\/p>\n<p style=\"text-align: justify;\"><strong>TRABZON\u2019DA G\u00d6STER\u0130 YAPILDI<\/strong><\/p>\n<p style=\"text-align: justify;\">Bu arada Metin Lokumcu\u2019nun hayat\u0131n\u0131 kaybetmesini protesto etmek i\u00e7in Trabzon\u2019da g\u00f6steri yap\u0131ld\u0131. PTT binas\u0131 \u00f6n\u00fcnde toplanan KESK, CHP, \u00d6DP, Halkevi, TKP ve EMEP\u2019e ba\u011fl\u0131 yakla\u015f\u0131k 50 ki\u015fi bas\u0131n a\u00e7\u0131klamas\u0131 yaparak ve sloganlar atarak AK Parti\u2019ye tepki g\u00f6sterdi.<\/p>\n<p style=\"text-align: justify;\">G\u00f6steriye destek verenler ad\u0131na bas\u0131n a\u00e7\u0131klamas\u0131n\u0131 okuyan Muhammet Ekinci, Metin Lokumcu\u2019nun hayat\u0131n\u0131 bu \u00fclkenin \u00e7ocuklar\u0131n\u0131n e\u011fitimine adam\u0131\u015f bir e\u011fitim emek\u00e7isi oldu\u011funu belirterek, \u201cSay\u0131n Ba\u015fbakan Hopa\u2019ya e\u015fk\u0131yalar indi\u011fini s\u00f6yledi. Buradan hayk\u0131r\u0131yoruz. Bu \u00fclkeyi, bu \u00fclkenin do\u011fas\u0131n\u0131, vadisini, deresini sevmekse e\u015fk\u0131yal\u0131k evet biz e\u015fk\u0131yay\u0131z. Suyumuza, eme\u011fimize, \u00f6zg\u00fcrl\u00fc\u011f\u00fcm\u00fcze sahip \u00e7\u0131kaca\u011f\u0131z. AKP ve politikalar\u0131na teslim olmayaca\u011f\u0131z\u201d dedi.<\/p>\n<p style=\"text-align: justify;\">Grup daha sonra sloganlar atarak olays\u0131z bir \u015fekilde da\u011f\u0131ld\u0131.  Trabzon Adli T\u0131p Kurumu&#8217;nda yap\u0131lan otopside,  bron\u015fit ve ast\u0131m hastas\u0131 olan Metin Lokumcu&#8217;nun biber gaz\u0131ndan etkilendi\u011fi de ortaya \u00e7\u0131kt\u0131. Hem gaz\u0131n etkisi hem de a\u015f\u0131r\u0131 heyacan nedeniyle kalp krizi ge\u00e7iren Lokumcu, kald\u0131r\u0131ld\u0131\u011f\u0131 Hopa Devlet Hastanesi&#8217;nde kurtar\u0131lamad\u0131.<\/p>\n<p style=\"text-align: justify;\"><strong>G\u00d6ZALTI FURYASI<\/strong><\/p>\n<p style=\"text-align: justify;\">Ba\u015fbakan\u0131 protesto eden Hopal\u0131larla polis aras\u0131nda \u00e7\u0131kan arbedede 54 ya\u015f\u0131ndaki emekli \u00f6\u011fretmen Metin Lokumcu at\u0131lan gaz bombalar\u0131 ve polisin g\u00f6\u011f\u00fcs b\u00f6lgesini darp etmesi sonucu kalp krizi ge\u00e7irerek hayat\u0131n\u0131 kaybederken, hem protestoculardan hem de polisten \u00e7ok say\u0131da yaralanan olmu\u015ftu.<\/p>\n<p style=\"text-align: justify;\">Hopa&#8217;da ya\u015fananlar\u0131n ard\u0131ndan gerginlik yat\u0131\u015fm\u0131\u015f de\u011fil. D\u00fcn gece sabaha kadar polisin operasyon d\u00fczenledi\u011fini s\u00f6yleyen Hopa eski Belediye Ba\u015fkan\u0131 Y\u0131lmaz Topalo\u011flu, &#8220;D\u00fcn Hopa&#8217;da ya\u015fanan olaylar\u0131n ard\u0131ndan gece sabaha kadar evlere operasyon d\u00fczenlendi ve 50-60 ki\u015fi g\u00f6zalt\u0131na al\u0131nd\u0131&#8221; dedi.<\/p>\n<p style=\"text-align: justify;\"><strong>YARALI POL\u0130S\u0130N DURUMU \u0130Y\u0130<\/strong><\/p>\n<p style=\"text-align: justify;\">Rize \u00dcniversitesi E\u011fitim ve Ara\u015ft\u0131rma Hastanesi Ba\u015fhekimi Do\u00e7. Dr. Hasan T\u00fcr\u00fct, Hopa&#8217;da, Ba\u015fbakan Erdo\u011fan&#8217;\u0131n konvoyuna yap\u0131lan ta\u015fl\u0131 sald\u0131r\u0131 s\u0131ras\u0131nda yaralanan polis memuru Servet Erkan&#8217;\u0131n tedavisinin s\u00fcrd\u00fc\u011f\u00fcn\u00fc belirtti. T\u00fcr\u00fct, AA muhabirine yapt\u0131\u011f\u0131 a\u00e7\u0131klamada, Ba\u015fbakanl\u0131k Koruma M\u00fcd\u00fcrl\u00fc\u011f\u00fcne mensup polis memuru Servet Erkan&#8217;\u0131n travma tan\u0131s\u0131yla solunum cihaz\u0131na ba\u011fl\u0131 olarak hastanelerine getirildi\u011fini an\u0131msatt\u0131.<\/p>\n<p style=\"text-align: justify;\">Beyinde \u00f6dem ve kanama, beyin zar\u0131n\u0131n alt\u0131nda da sorun tespit ettikleri Erkan&#8217;\u0131 acil ameliyata ald\u0131klar\u0131n\u0131 anlatan T\u00fcr\u00fct, &#8221;Ba\u015far\u0131l\u0131 ge\u00e7en ameliyat\u0131n ard\u0131ndan hastay\u0131 yo\u011fun bak\u0131m \u00fcnitesine ald\u0131k. Hayati fonksiyonlar\u0131 normal, \u015fu an i\u00e7in bir sorun yok. Hastay\u0131 uyutuyoruz. Bug\u00fcn tekrar tomografi \u00e7ekip kanaman\u0131n devam edip etmedi\u011fine bakaca\u011f\u0131z&#8221; diye konu\u015ftu.<\/p>\n<p style=\"text-align: justify;\"><strong>ERDO\u011eAN&#8217;DAN SERT \u0130FADELER<\/strong><\/p>\n<p style=\"text-align: justify;\">Hopa&#8217;daki olaylar ile ilgili de konu\u015fan Erdo\u011fan, &#8220;Hopa&#8217;da bir g\u00fcn \u00f6nceden CHP yanl\u0131lar\u0131, illegal, legal b\u00fct\u00fcn \u00f6rg\u00fctler orada kendilerine g\u00f6re bize pres yapma, bizi adeta Hopa&#8217;ya sokmama gibi bir gayretin i\u00e7ine girdiler. Bu \u00fclke 74 milyon. E\u011fer d\u00fc\u015f\u00fcnce \u00f6zg\u00fcrl\u00fc\u011f\u00fcne inan\u0131yorsan d\u00fc\u015f\u00fcnceden korkma. Ama bunlarda d\u00fc\u015f\u00fcnce yok. bunlar eli sopal\u0131 \u015fehir e\u015fk\u0131yas\u0131. Emniyat te\u015fkilat\u0131m\u0131za b\u00fct\u00fcn tedbirleri alacaks\u0131n\u0131z ve biz gelece\u011fiz dedik. Geldik ki meydanda 10 bin ki\u015fiden fazla vatanda\u015f\u0131m\u0131z orada. Ama bunlar sabahtan bu yana sokakta g\u00fcvenlik g\u00fc\u00e7lerimize ta\u015flarla m\u00fccadele i\u00e7inde. D\u00f6n\u00fc\u015f esnas\u0131nda ta\u015f at\u0131yorlar, g\u00fcvenlik gerekli m\u00fcdahaleyi, yap\u0131yor.<\/p>\n<p style=\"text-align: justify;\">Bir b\u00f6l\u00fcmde 150 ki\u015filik bir grup ta\u015f atmaya ba\u015flad\u0131lar otob\u00fcs\u00fcm\u00fcz ciddi isabetler ald\u0131. Bir koruma polsimiz ald\u0131\u011f\u0131 isabetle otob\u00fcsten d\u00fc\u015ferek maalesef \u015fu anda yo\u011fun bak\u0131mda. Beyin ameliyat\u0131 ge\u00e7irdi. 72 saat uyutulmas\u0131 gerekiyor. Tabi bu arada bir tanesi de kalp krizi ge\u00e7irerek, kimli\u011fini bilmiyorum, \u00fczerinde durma gere\u011fini duymuyorum kalp krizi sonucu \u00f6lm\u00fc\u015f&#8221; \u015feklinde konu\u015ftu.<\/p>\n<p style=\"text-align: justify;\"><strong>&#8220;BEN ONUN KADAR EDEPS\u0130Z, AL\u00c7AK, AHLAKSIZ DE\u011e\u0130L\u0130M&#8221;<\/strong><\/p>\n<p style=\"text-align: justify;\">Erdo\u011fan, &#8220;Orada bir pankart var CHP \u2019nin. Pankart \u015fu CHP \u2019nin hemen yan\u0131ndaki pankart: \u201cTek yol sokak, tek yol devri alt\u0131nda halk evleri. Bununla ne demek istendi\u011fi zaten ortada. Biz bunlara sadece sand\u0131kta gereken cevab\u0131 verece\u011fimizi s\u00f6yledik. Fakat enteresan olan \u015fu CHP Genel Ba\u015fkan\u0131 \u015fu a\u00e7\u0131klamay\u0131 yap\u0131yor \u00f6len ki\u015finin evini ziyaret edecekmi\u015f. \u015eahs\u0131mla ilgili de r\u00fczgar eken f\u0131rt\u0131na bi\u00e7er diyor. B\u00f6yle bir genel ba\u015fkan olur mu? Neyin r\u00fczgar\u0131n\u0131 ektik ki f\u0131rt\u0131na bi\u00e7ece\u011fiz. Yani birileri sana ayn\u0131s\u0131 yapt\u0131\u011f\u0131nda ben de sana m\u0131 bunu s\u00f6yleyece\u011fim. Ama ben onun kadar edepsiz, al\u00e7ak, ahlaks\u0131z de\u011filim&#8221; ifadesini kulland\u0131.<\/p>\n<p style=\"text-align: justify;\"><strong>\u00d6\u011eRETMEN\u0130N CENAZES\u0130 HOPA&#8217;DA<\/strong><\/p>\n<p style=\"text-align: justify;\">Bu arada AK Parti&#8217;nin d\u00fcn Artvin&#8217;in Hopa il\u00e7esindeki mitingi \u00f6ncesindeki olaylar s\u0131ras\u0131nda hayat\u0131n\u0131 kaybeden Metin Lokumcu&#8217;nun cenazesi Hopa&#8217;ya getirildi.<\/p>\n<p style=\"text-align: justify;\">Trabzon Adli T\u0131p Kurumundan yak\u0131nlar\u0131nca al\u0131nan, yakla\u015f\u0131k 20 ara\u00e7l\u0131k konvoyla Hopa Belediyesine ait cenaze arac\u0131yla Hopa&#8217;ya getirildi, d\u00fcn olaylar\u0131n ya\u015fand\u0131\u011f\u0131 mevkide duran konvoyu bir grup alk\u0131\u015flarla kar\u015f\u0131lad\u0131. Daha sonra cenazenin topra\u011fa verilece\u011fi Kemalpa\u015fa beldesine hareket eden konvoy, burada belde giri\u015finde durdu.<\/p>\n<p style=\"text-align: justify;\">Tabutuna Dev-Gen\u00e7 bayra\u011f\u0131 sar\u0131lan Lokumcu&#8217;nun cenazesi, ara\u00e7tan omuzlara al\u0131narak beldede bir s\u00fcre ta\u015f\u0131nd\u0131ktan sonra Kemalpa\u015fa Belediyesinin \u00f6n\u00fcne getirildi. Cenazeyi g\u00f6t\u00fcren grubun &#8221;Hepimiz e\u015fk\u0131yay\u0131z&#8221; yaz\u0131l\u0131 pankart a\u00e7t\u0131\u011f\u0131 y\u00fcr\u00fcy\u00fc\u015fte, &#8221;Metin Lokumcu onurumuzdur&#8221; diye slogan at\u0131ld\u0131. Belediyenin \u00f6n\u00fcndeki t\u00f6rende Lokumcu&#8217;nun yak\u0131nlar\u0131 ve arkada\u015flar\u0131, kendisiyle ilgili an\u0131lar\u0131n\u0131 tabutun \u00f6n\u00fcnde anlatt\u0131.<\/p>\n<p style=\"text-align: justify;\">\u00d6DP Genel Ba\u015fkan\u0131 Alper Ta\u015f, t\u00f6rende yapt\u0131\u011f\u0131 konu\u015fmada, bir devrimci karde\u015flerini kaybettiklerini belirterek, &#8221;Hopa&#8217;n\u0131n, Kemalpa\u015fa&#8217;n\u0131n g\u00fczel bir evlad\u0131n\u0131 kaybettik, t\u00fcm Hopa halk\u0131n\u0131n, hepimizin ba\u015f\u0131 sa\u011f olsun. \u015eair der ki &#8216;Her \u00f6l\u00fcm erken \u00f6l\u00fcmd\u00fcr&#8217; ama ba\u015fka bir \u015fair de &#8216;\u00d6l\u00fcm ad\u0131n kalle\u015f olsun&#8217; der. D\u00fcn arkada\u015f\u0131m\u0131z\u0131 kalle\u015f\u00e7e bir \u00f6l\u00fcme u\u011furlad\u0131k. Ona sald\u0131ranlar kalle\u015f\u00e7e sald\u0131rd\u0131 ama o direni\u015fin ve m\u00fccadelenin g\u00fczelli\u011fiyle y\u0131ld\u0131zlara u\u011furland\u0131&#8221; dedi.<\/p>\n<p style=\"text-align: justify;\">T\u00f6rende Lokumcu&#8217;nun yak\u0131nlar\u0131n\u0131n g\u00f6zya\u015f\u0131 d\u00f6kt\u00fc\u011f\u00fc, ye\u011feni \u00d6zge Lokumcu&#8217;nun tabuta sar\u0131larak a\u011flad\u0131\u011f\u0131 g\u00f6zlendi.<\/p>\n<p style=\"text-align: justify;\">Buradaki t\u00f6renin ard\u0131ndan cenaze, Kemalpa\u015fa Merkez Camisi&#8217;ne g\u00f6t\u00fcr\u00fcld\u00fc. Ayr\u0131ca, il\u00e7ede g\u00fcvenli\u011fi jandarma ekiplerinin sa\u011flad\u0131\u011f\u0131 g\u00f6zlendi.<\/p>\n<p style=\"text-align: justify;\"><strong>CHP ARTV\u0130N M\u0130LLETVEK\u0130L\u0130 AR\u0130FA\u011eAO\u011eLU: ARTV\u0130N&#8217;E YAKI\u015eMADI<\/strong><\/p>\n<p style=\"text-align: justify;\">Bu arada, CHP Artvin Milletvekili Metin Arifa\u011fao\u011flu, cenazenin il\u00e7eye getirilmesinden \u00f6nce il\u00e7e giri\u015findeki polis kontrol noktas\u0131nda gazetecilere yapt\u0131\u011f\u0131 a\u00e7\u0131klamada, olaylardan b\u00fcy\u00fck \u00fcz\u00fcnt\u00fc duyduklar\u0131n\u0131 s\u00f6yledi.<\/p>\n<p style=\"text-align: justify;\">&#8221;Bu olay Artvin&#8217;e, Hopa&#8217;ya yak\u0131\u015fmad\u0131&#8221; diyen Arifa\u011fao\u011flu, &#8221;O nedenle \u00fcz\u00fcnt\u00fcm\u00fcz \u00e7ok b\u00fcy\u00fck ama olaylar anlat\u0131ld\u0131\u011f\u0131 gibi de\u011fil. Hopa halk\u0131 buna tan\u0131kt\u0131r, herkes \u015fahit, herkesin g\u00f6z\u00fc \u00f6n\u00fcnde olaylar cereyan etmi\u015ftir. Ke\u015fke bu olaylar gerginle\u015fmeseydi, olmasayd\u0131 ama olmu\u015ftur&#8221; diye konu\u015ftu.<\/p>\n<p style=\"text-align: justify;\"><a href=\"http:\/\/www.gazeteport.com.tr\/haber\/35303\/hopada_fatura_kesildi\">Kaynak : GAZETEPORT<\/a><\/p>\n","protected":false},"excerpt":{"rendered":"<p style=\"text-align: justify;\">\n<p style=\"text-align: justify;\">Metin Lokumcu&#8217;nun \u00f6l\u00fcm raporu a\u00e7\u0131kland\u0131. Artvin Emniyet M\u00fcd\u00fcr\u00fc merkeze al\u0131nd\u0131.<\/p>\n<p style=\"text-align: justify;\">ARTV\u0130N- Hopa&#8217;da Ba\u015fbakan Recep Tayyip Erdo\u011fan&#8217;\u0131n mitingi \u00f6ncesi \u00e7\u0131kan olaylar\u0131n etkisi devam ediyor. Olayda hayat\u0131n\u0131 kaybeden emekli \u00f6\u011fretmen Metin Lokumcu&#8217;nun \u00f6l\u00fcm rapor a\u00e7\u0131klan\u0131rken Artvin Emniyet M\u00fcd\u00fcr\u00fc Muhsin Arma\u011fan merkeze al\u0131nd\u0131. Artvin Valisi Mustafa Yemlihal\u0131o\u011flu, \u0130l Emniyet M\u00fcd\u00fcr\u00fc Muhsin <\/p>\n","protected":false},"author":1,"featured_media":0,"comment_status":"open","ping_status":"closed","sticky":false,"template":"","format":"standard","meta":{"footnotes":""},"categories":[105],"tags":[],"class_list":["post-33958","post","type-post","status-publish","format-standard","hentry","category-gundem","odd"],"_links":{"self":[{"href":"http:\/\/www.korhanyilmaz.com\/index.php?rest_route=\/wp\/v2\/posts\/33958","targetHints":{"allow":["GET"]}}],"collection":[{"href":"http:\/\/www.korhanyilmaz.com\/index.php?rest_route=\/wp\/v2\/posts"}],"about":[{"href":"http:\/\/www.korhanyilmaz.com\/index.php?rest_route=\/wp\/v2\/types\/post"}],"author":[{"embeddable":true,"href":"http:\/\/www.korhanyilmaz.com\/index.php?rest_route=\/wp\/v2\/users\/1"}],"replies":[{"embeddable":true,"href":"http:\/\/www.korhanyilmaz.com\/index.php?rest_route=%2Fwp%2Fv2%2Fcomments&post=33958"}],"version-history":[{"count":0,"href":"http:\/\/www.korhanyilmaz.com\/index.php?rest_route=\/wp\/v2\/posts\/33958\/revisions"}],"wp:attachment":[{"href":"http:\/\/www.korhanyilmaz.com\/index.php?rest_route=%2Fwp%2Fv2%2Fmedia&parent=33958"}],"wp:term":[{"taxonomy":"category","embeddable":true,"href":"http:\/\/www.korhanyilmaz.com\/index.php?rest_route=%2Fwp%2Fv2%2Fcategories&post=33958"},{"taxonomy":"post_tag","embeddable":true,"href":"http:\/\/www.korhanyilmaz.com\/index.php?rest_route=%2Fwp%2Fv2%2Ftags&post=33958"}],"curies":[{"name":"wp","href":"https:\/\/api.w.org\/{rel}","templated":true}]}}