{"id":33907,"date":"2011-05-31T12:53:51","date_gmt":"2011-05-31T09:53:51","guid":{"rendered":"http:\/\/www.korhanyilmaz.com\/?p=33907"},"modified":"2011-05-31T12:53:51","modified_gmt":"2011-05-31T09:53:51","slug":"secim-cadiri-konya-3","status":"publish","type":"post","link":"http:\/\/www.korhanyilmaz.com\/?p=33907","title":{"rendered":"Se\u00e7im \u00c7ad\u0131r\u0131 &#8211; Konya"},"content":{"rendered":"<p style=\"text-align: justify;\"><a href=\"http:\/\/www.korhanyilmaz.com\/wp-content\/uploads\/2011\/05\/437.jpg\"  class=\"lightview\"><img loading=\"lazy\" decoding=\"async\" class=\"aligncenter size-full wp-image-33902\" src=\"http:\/\/www.korhanyilmaz.com\/wp-content\/uploads\/2011\/05\/437.jpg\" alt=\"\" width=\"307\" height=\"236\" \/><\/a><\/p>\n<p style=\"text-align: justify;\">CNN T\u00dcRK&#8217;te yay\u0131nlanan Se\u00e7im \u00c7ad\u0131r\u0131 program\u0131n\u0131n bug\u00fcnk\u00fc adresi Konya&#8217;yd\u0131. AK Parti&#8217;nin kalesi olan kentten farkl\u0131 sesler de y\u00fckseliyor. Kentte AK Parti&#8217;ye yo\u011fun tepki g\u00f6sterenler de var. Bir gencin &#8220;Nefret ediyorum. Konya&#8217;dan y\u00fczde 70 oran\u0131nda yine ayn\u0131 partiye oy \u00e7\u0131kacak. \u0130zmir&#8217;e yerle\u015fmeyi d\u00fc\u015f\u00fcn\u00fcyorum&#8221; demesi de dikkat \u00e7ekti.<\/p>\n<p><center><a class=\"lightview\" title=\" :::: width:640, height:480\" rel=\"set[cnnturk2]\" href=\"http:\/\/www.korhanyilmaz.com\/dosyalar\/medya\/Video_Haber\/31052011_secim_cadiri_cnnturk.html\"><img decoding=\"async\" src=\"wp-data\/images\/videoizle1.png\" alt=\"\" \/ class=\"lightview\"><\/a><\/center><\/p>\n","protected":false},"excerpt":{"rendered":"<p style=\"text-align: justify;\">\n<p style=\"text-align: justify;\">CNN T\u00dcRK&#8217;te yay\u0131nlanan Se\u00e7im \u00c7ad\u0131r\u0131 program\u0131n\u0131n bug\u00fcnk\u00fc adresi Konya&#8217;yd\u0131. AK Parti&#8217;nin kalesi olan kentten farkl\u0131 sesler de y\u00fckseliyor. Kentte AK Parti&#8217;ye yo\u011fun tepki g\u00f6sterenler de var. Bir gencin &#8220;Nefret ediyorum. Konya&#8217;dan y\u00fczde 70 oran\u0131nda yine ayn\u0131 partiye oy \u00e7\u0131kacak. \u0130zmir&#8217;e yerle\u015fmeyi d\u00fc\u015f\u00fcn\u00fcyorum&#8221; demesi de dikkat \u00e7ekti.<\/p><\/p>\n","protected":false},"author":1,"featured_media":0,"comment_status":"open","ping_status":"closed","sticky":false,"template":"","format":"standard","meta":{"footnotes":""},"categories":[105],"tags":[],"class_list":["post-33907","post","type-post","status-publish","format-standard","hentry","category-gundem","odd"],"_links":{"self":[{"href":"http:\/\/www.korhanyilmaz.com\/index.php?rest_route=\/wp\/v2\/posts\/33907","targetHints":{"allow":["GET"]}}],"collection":[{"href":"http:\/\/www.korhanyilmaz.com\/index.php?rest_route=\/wp\/v2\/posts"}],"about":[{"href":"http:\/\/www.korhanyilmaz.com\/index.php?rest_route=\/wp\/v2\/types\/post"}],"author":[{"embeddable":true,"href":"http:\/\/www.korhanyilmaz.com\/index.php?rest_route=\/wp\/v2\/users\/1"}],"replies":[{"embeddable":true,"href":"http:\/\/www.korhanyilmaz.com\/index.php?rest_route=%2Fwp%2Fv2%2Fcomments&post=33907"}],"version-history":[{"count":0,"href":"http:\/\/www.korhanyilmaz.com\/index.php?rest_route=\/wp\/v2\/posts\/33907\/revisions"}],"wp:attachment":[{"href":"http:\/\/www.korhanyilmaz.com\/index.php?rest_route=%2Fwp%2Fv2%2Fmedia&parent=33907"}],"wp:term":[{"taxonomy":"category","embeddable":true,"href":"http:\/\/www.korhanyilmaz.com\/index.php?rest_route=%2Fwp%2Fv2%2Fcategories&post=33907"},{"taxonomy":"post_tag","embeddable":true,"href":"http:\/\/www.korhanyilmaz.com\/index.php?rest_route=%2Fwp%2Fv2%2Ftags&post=33907"}],"curies":[{"name":"wp","href":"https:\/\/api.w.org\/{rel}","templated":true}]}}