{"id":33882,"date":"2011-05-31T13:37:10","date_gmt":"2011-05-31T10:37:10","guid":{"rendered":"http:\/\/www.korhanyilmaz.com\/?p=33882"},"modified":"2011-05-31T13:37:10","modified_gmt":"2011-05-31T10:37:10","slug":"akp-mitinginde-gerginlik-1-olu","status":"publish","type":"post","link":"http:\/\/www.korhanyilmaz.com\/?p=33882","title":{"rendered":"AKP mitinginde gerginlik: 1 \u00f6l\u00fc"},"content":{"rendered":"<p style=\"text-align: justify;\"><a href=\"http:\/\/www.korhanyilmaz.com\/wp-content\/uploads\/2011\/05\/435.jpg\"  class=\"lightview\"><img loading=\"lazy\" decoding=\"async\" class=\"aligncenter size-full wp-image-33883\" src=\"http:\/\/www.korhanyilmaz.com\/wp-content\/uploads\/2011\/05\/435.jpg\" alt=\"\" width=\"322\" height=\"241\" \/><\/a><\/p>\n<p style=\"text-align: justify;\">AKP&#8217;nin Hopa mitingi \u00f6ncesi il\u00e7e sava\u015f alan\u0131na d\u00f6nd\u00fc. Ba\u015fbakan Erdo\u011fan&#8217;\u0131n otob\u00fcs\u00fc ta\u015fland\u0131. Polisin biber gaz\u0131yla m\u00fcdahale etti\u011fi bir g\u00f6sterici kalp krizi ge\u00e7irip ya\u015fam\u0131n\u0131 yitirdi. Bir koruma polisi de at\u0131lan bir ta\u015f\u0131n ba\u015f\u0131na isabet etmesi sonucu d\u00fc\u015ferek yaraland\u0131.<!--more--><\/p>\n<p style=\"text-align: justify;\">\u0130stanbul- U\u00e7akla Batum&#8217;a inip, Sarp S\u0131n\u0131r Kap\u0131s\u0131&#8217;n\u0131n G\u00fcrcistan taraf\u0131nda a\u00e7\u0131l\u0131\u015f yapacak olan Ba\u015fbakan Erdo\u011fan&#8217;\u0131n saat 12.30&#8217;daki Hopa mitingi \u00f6ncesi il\u00e7ede olaylar \u00e7\u0131kt\u0131.<\/p>\n<p style=\"text-align: justify;\">Sabah saatlerinde mitingin yap\u0131laca\u011f\u0131 Cumhuriyet Meydan\u0131&#8217;na hakim bir binaya b\u00fcy\u00fck boy CHP bayra\u011f\u0131, yan\u0131ndaki binaya da &#8216;AKP Hopa&#8217;dan defol! Gen\u00e7lik Muhalfeti&#8217; yaz\u0131l\u0131 pankart asan grup, mitingin yap\u0131laca\u011f\u0131 meydana protestoya ba\u015flad\u0131.<\/p>\n<p style=\"text-align: justify;\">Aralar\u0131nda CHP, \u00d6DP ve Halkevleri Derne\u011fi \u00fcyelerinin de bulundu\u011fu belirtilen grup horop teperken, Cumhuriyet Meydan\u0131 \u00fczerinde 3 helikopter al\u00e7aktan u\u00e7tu. Grupdakilerin buna tepki i\u00e7in &#8216;yuh&#8217; \u00e7ekip, HES&#8217;leri protesto i\u00e7in de &#8216;Su hakt\u0131r, sat\u0131lamaz&#8217; pankart\u0131 a\u00e7\u0131nca polis m\u00fcdahale etti.<\/p>\n<p style=\"text-align: justify;\">Protestocu grupta bulunan baz\u0131 ki\u015filer kald\u0131r\u0131m ta\u015flar\u0131n\u0131 s\u00f6kerek polise atarken, polis tazyikli su ve biber gaz\u0131 kulland\u0131 ve il\u00e7e bir anda sava\u015f alan\u0131na d\u00f6nd\u00fc.<\/p>\n<p style=\"text-align: justify;\">G\u00f6stericilerden ve polislerden yaralananlarla, biber gaz\u0131ndan etkilenen \u00e7ok say\u0131da ki\u015fiye ambulanslarda ve hastanede t\u0131bbi m\u00fcdahalede bulunuldu.<\/p>\n<p style=\"text-align: justify;\">Bir s\u00fcre de ara sokaklarda devam eden olaylar s\u0131ras\u0131nda at\u0131lan ta\u015flarla polis ara\u00e7lar\u0131n\u0131n yan\u0131 s\u0131ra AKP&#8217;nin se\u00e7im otob\u00fcsleri ve partililere ait \u00e7ok say\u0131da arac\u0131n camlar\u0131 k\u0131r\u0131ld\u0131.<\/p>\n<p style=\"text-align: justify;\"><strong>Erdo\u011fan&#8217;\u0131n otob\u00fcs\u00fc ta\u015fland\u0131 <\/strong><\/p>\n<p style=\"text-align: justify;\">Hopa Cumhuriyet Meydan\u0131\u2019ndaki mitingin ard\u0131ndan Ba\u015fbakan Recep Tayyip Erdo\u011fan, Trabzon\u2019a gitmek \u00fczere helikopterin bulundu\u011fu liman sahas\u0131na se\u00e7im otob\u00fcs\u00fcyle hareket etti. Miting alan\u0131ndan 300 metre kadar ayr\u0131lan Ba\u015fbakan Erdo\u011fan\u2019\u0131n i\u00e7inde bulundu\u011fu se\u00e7im otob\u00fcs\u00fc ve konvoydaki ara\u00e7lar baz\u0131 gruplar taraf\u0131ndan ta\u015f ya\u011fmuruna tutuldu.<\/p>\n<p style=\"text-align: justify;\">H\u0131zlanan otob\u00fcs\u00fcn \u00fczerindeki koruma polisi at\u0131lan bir ta\u015f\u0131n ba\u015f\u0131na isabet etmesi sonucu d\u00fc\u015ferek a\u011f\u0131r yaraland\u0131. Ortal\u0131k bir anda kar\u0131\u015f\u0131rken, g\u00fcvenlik g\u00fc\u00e7leri havaya ate\u015f a\u00e7t\u0131. Hastaneye kald\u0131r\u0131lan ve hen\u00fcz kimli\u011fi \u00f6\u011frenilemeyen koruma polisinin durumunun a\u011f\u0131r oldu\u011fu belirtildi.<\/p>\n<p style=\"text-align: justify;\"><strong>Bir g\u00f6sterici ya\u015fam\u0131n\u0131 yitirdi<\/strong><\/p>\n<p style=\"text-align: justify;\">Ba\u015fbakan Erdo\u011fan\u2019\u0131n Hopa mitingine gelmeden \u00f6nce Cumhuriyet Meydan\u0131\u2019nda \u00e7\u0131kan olaylarda yaralan\u0131p hastaneye kald\u0131r\u0131lanlar aras\u0131nda bulundu\u011fu ileri s\u00fcr\u00fclen Metin Lokumcu&#8217;nun kalp krizinden ya\u015fam\u0131n\u0131 yitirdi\u011fi belirtildi.<\/p>\n<p style=\"text-align: justify;\">Metin Lokumcu\u2019nun emekli \u00f6\u011fretmen oldu\u011fu biber gaz\u0131ndan etkilendi\u011fi \u00f6ne s\u00fcr\u00fcld\u00fc.<\/p>\n<p style=\"text-align: justify;\">AKP Genel Ba\u015fkan\u0131 ve Ba\u015fbakan Recep Tayyip Erdo\u011fan&#8217;\u0131n konvoyuna Hopa&#8217;da yap\u0131lan ta\u015fl\u0131 sald\u0131r\u0131 s\u0131ras\u0131nda yaralanan Ba\u015fbakanl\u0131k Koruma M\u00fcd\u00fcrl\u00fc\u011f\u00fcne mensup bir polis memurunun, miting otob\u00fcs\u00fcn\u00fcn \u00fczerinde oldu\u011fu, at\u0131lan ta\u015f\u0131n kafas\u0131na isabet etmesi \u00fczerine yere d\u00fc\u015ft\u00fc\u011f\u00fc belirtildi.<\/p>\n<p style=\"text-align: justify;\"><strong>\u00c7aykur&#8217;un \u00f6zelle\u015ftirilmesi yalan <\/strong><\/p>\n<p style=\"text-align: justify;\">Erdo\u011fan, Cumhuriyet Meydan\u0131&#8217;nda d\u00fczenlenen mitingde parti otob\u00fcs\u00fcn\u00fcn \u00fczerinden yurtta\u015flara seslendi. Erdo\u011fan \u015f\u00f6yle konu\u015ftu:<\/p>\n<p style=\"text-align: justify;\">&#8220;Buras\u0131 bir \u00e7ay b\u00f6lgesi. Biz g\u00f6reve gelmeden \u00f6nce \u00e7ay \u00fcreticileri paralar\u0131n\u0131 1 y\u0131la yak\u0131n zamanda al\u0131yordu. \u015eimdi ise g\u00f6r\u00fcyorsunuz fark\u0131. May\u0131s \u00e7ay\u0131n\u0131n paralar\u0131n\u0131 Haziran ay\u0131n\u0131n ilk 15 g\u00fcn\u00fc i\u00e7erisinde \u00c7AYKUR&#8217;dan alacaks\u0131n\u0131z. \u0130n\u015fallah Per\u015fembe g\u00fcn\u00fc \u00e7ay taban fiyat\u0131n\u0131 da Tar\u0131m ve K\u00f6yi\u015fleri Bakan\u0131m gelip a\u00e7\u0131klayacak. 2002 y\u0131l\u0131ndan bu yana, \u00e7ayda dolara endeksli olarak da, enflasyona endeksli olarak da biz hi\u00e7bir zaman \u00e7ift\u00e7i karde\u015fimi, k\u00f6yl\u00fc karde\u015fimi, \u00e7ay \u00fcreticisini enflasyona ezdirmedi\u011fimiz gibi enflasyonun \u00e7ok \u00e7ok \u00fczerinde zam verdik. Hesap, kitap, her \u015fey ortada. Bundan sonra da biz sizi hi\u00e7bir zaman ezdirmeyece\u011fiz.<\/p>\n<p style=\"text-align: justify;\">\u015eimdi \u015fu propaganday\u0131 yap\u0131yorlar. &#8216;\u00c7AYKUR \u00f6zelle\u015ftirilecek&#8217; diyorlar. Ay\u0131pt\u0131r be. Yalan konu\u015fma, d\u00fcr\u00fcst ol. 8,5 y\u0131l \u00f6nce ayn\u0131 \u015feyi s\u00f6yl\u00fcyorlard\u0131, bug\u00fcn yine ayn\u0131 \u015feyi s\u00f6yl\u00fcyorlar. 8,5 y\u0131ld\u0131r \u00c7AYKUR \u00f6zelle\u015fti mi? Tam aksine biz hala \u00c7AYKUR&#8217;da yat\u0131r\u0131m yap\u0131yoruz. \u00c7AYKUR&#8217;u daha da geli\u015ftiriyoruz. Paketleme fabrikalar\u0131n\u0131 buraya do\u011fru \u00e7ekiyoruz. Niye? B\u00f6lgede istihdam yaratal\u0131m diye. Ama gel g\u00f6r ki CHP ve MHP yalan makinesi. Sak\u0131n bunlara aldanmay\u0131n. Bu hem\u015fehriniz size ne diyorsa siz ona bak\u0131n, ona. Bug\u00fcne kadar siz ne konu\u015ftuysan\u0131z hem\u015fehriniz yapt\u0131. \u0130\u015fte hizmetler ortada, hastaneler, okullar, yollar ortada. Bunlar\u0131n kuru s\u0131k\u0131 atmas\u0131na bakmay\u0131n. Bunlar\u0131n s\u0131rt\u0131nda yumurta k\u00fcfesi yok. &#8221;<\/p>\n<p style=\"text-align: justify;\"><a href=\"http:\/\/www.cumhuriyet.com.tr\/?hn=248896&amp;kw=AKP+mitinginde+gerginlik%3A+1+%F6l%FC\" target=\"_blank\">Kaynak : Cumhuriyet Haber Portal\u0131<\/a><\/p>\n","protected":false},"excerpt":{"rendered":"<p style=\"text-align: justify;\">\n<p style=\"text-align: justify;\">AKP&#8217;nin Hopa mitingi \u00f6ncesi il\u00e7e sava\u015f alan\u0131na d\u00f6nd\u00fc. Ba\u015fbakan Erdo\u011fan&#8217;\u0131n otob\u00fcs\u00fc ta\u015fland\u0131. Polisin biber gaz\u0131yla m\u00fcdahale etti\u011fi bir g\u00f6sterici kalp krizi ge\u00e7irip ya\u015fam\u0131n\u0131 yitirdi. Bir koruma polisi de at\u0131lan bir ta\u015f\u0131n ba\u015f\u0131na isabet etmesi sonucu d\u00fc\u015ferek yaraland\u0131.<\/p>\n","protected":false},"author":1,"featured_media":0,"comment_status":"open","ping_status":"closed","sticky":false,"template":"","format":"standard","meta":{"footnotes":""},"categories":[105],"tags":[],"class_list":["post-33882","post","type-post","status-publish","format-standard","hentry","category-gundem","odd"],"_links":{"self":[{"href":"http:\/\/www.korhanyilmaz.com\/index.php?rest_route=\/wp\/v2\/posts\/33882","targetHints":{"allow":["GET"]}}],"collection":[{"href":"http:\/\/www.korhanyilmaz.com\/index.php?rest_route=\/wp\/v2\/posts"}],"about":[{"href":"http:\/\/www.korhanyilmaz.com\/index.php?rest_route=\/wp\/v2\/types\/post"}],"author":[{"embeddable":true,"href":"http:\/\/www.korhanyilmaz.com\/index.php?rest_route=\/wp\/v2\/users\/1"}],"replies":[{"embeddable":true,"href":"http:\/\/www.korhanyilmaz.com\/index.php?rest_route=%2Fwp%2Fv2%2Fcomments&post=33882"}],"version-history":[{"count":0,"href":"http:\/\/www.korhanyilmaz.com\/index.php?rest_route=\/wp\/v2\/posts\/33882\/revisions"}],"wp:attachment":[{"href":"http:\/\/www.korhanyilmaz.com\/index.php?rest_route=%2Fwp%2Fv2%2Fmedia&parent=33882"}],"wp:term":[{"taxonomy":"category","embeddable":true,"href":"http:\/\/www.korhanyilmaz.com\/index.php?rest_route=%2Fwp%2Fv2%2Fcategories&post=33882"},{"taxonomy":"post_tag","embeddable":true,"href":"http:\/\/www.korhanyilmaz.com\/index.php?rest_route=%2Fwp%2Fv2%2Ftags&post=33882"}],"curies":[{"name":"wp","href":"https:\/\/api.w.org\/{rel}","templated":true}]}}