{"id":33876,"date":"2011-05-31T13:31:55","date_gmt":"2011-05-31T10:31:55","guid":{"rendered":"http:\/\/www.korhanyilmaz.com\/?p=33876"},"modified":"2011-05-31T13:31:55","modified_gmt":"2011-05-31T10:31:55","slug":"sert-basladi-siirle-bitirdi","status":"publish","type":"post","link":"http:\/\/www.korhanyilmaz.com\/?p=33876","title":{"rendered":"Sert ba\u015flad\u0131, \u015fiirle bitirdi!"},"content":{"rendered":"<p style=\"text-align: center;\"><a href=\"http:\/\/www.korhanyilmaz.com\/wp-content\/uploads\/2011\/05\/434.jpg\"  class=\"lightview\"><img loading=\"lazy\" decoding=\"async\" class=\"aligncenter size-full wp-image-33877\" src=\"http:\/\/www.korhanyilmaz.com\/wp-content\/uploads\/2011\/05\/434.jpg\" alt=\"\" width=\"420\" height=\"210\" \/><\/a><\/p>\n<p style=\"text-align: justify;\">Diyarbak\u0131r\u2019da konu\u015fan CHP lideri Kemal K\u0131l\u0131\u00e7daro\u011flu, bayrak ele\u015ftirisi yapan Ba\u015fbakan Erdo\u011fan\u2019a yan\u0131t verdi. K\u0131l\u0131\u00e7daro\u011flu, \u201cBayrak \u00fczerinden politika yapmak b\u00f6l\u00fcc\u00fcl\u00fckt\u00fcr, en b\u00fcy\u00fck b\u00f6l\u00fcc\u00fc de Recep Tayyip Erdo\u011fan\u2019d\u0131r\u201d dedi. Konu\u015fmas\u0131n\u0131 Ahmet Arif&#8217;in dizeleriyle bitirdi.<!--more--><\/p>\n<p style=\"text-align: justify;\">CHP lideri Kemal K\u0131l\u0131\u00e7daro\u011flu merakla beklenen Diyarbak\u0131r mitingini yapt\u0131. K\u0131l\u0131\u00e7daro\u011flu konu\u015fma yapaca\u011f\u0131 platforma boynunda pu\u015fi ile geldi. S\u00f6zlerine ise Ba\u015fbakan Erdo\u011fan&#8217;\u0131 ele\u015ftirerek ba\u015flad\u0131.<\/p>\n<p style=\"text-align: justify;\">K\u0131l\u0131\u00e7daro\u011flu Diyarbak\u0131r mitingine e\u015fi Sevim K\u0131l\u0131\u00e7daro\u011flu ile \u00e7\u0131kt\u0131.<\/p>\n<p style=\"text-align: justify;\">\u0130\u015fte K\u0131l\u0131\u00e7daro\u011flu&#8217;nun konu\u015fmas\u0131ndan sat\u0131r ba\u015flar\u0131;<\/p>\n<p style=\"text-align: justify;\">Bu \u00fclkeyi hepimiz seviyoruz. Bu \u00fclke i\u00e7in ya\u015f\u0131yoruz. Ayr\u0131l\u0131k gayr\u0131l\u0131k bizim kitab\u0131m\u0131zda yok. Bar\u0131\u015f her yerde olacak. Diyarbak\u0131rl\u0131 buraya fabrika yap diyor. Erdo\u011fan biz buraya fabrika yapmayaca\u011f\u0131z diyor. Daha sonra geldi ve dedi ki size modern bir hapishane yapaca\u011f\u0131z dedi.<\/p>\n<p style=\"text-align: justify;\"><strong>O HAP\u0130SHANEY\u0130 M\u00dcZE YAPACA\u011eIZ! <\/strong><\/p>\n<p style=\"text-align: justify;\">Kemal karde\u015finiz size cezaevi de\u011fil fabrika s\u00f6z\u00fc veriyor. Eski hapishanede b\u00fcy\u00fck ac\u0131lar ya\u015fand\u0131 b\u00fcy\u00fck i\u015fkenceler ya\u0131ld\u0131. O hapishaneyi de m\u00fcze yapaca\u011f\u0131z, Diyarbak\u0131rl\u0131lar\u0131n \u00e7ekti\u011fi ac\u0131lar\u0131 orada g\u00f6recekler. Ge\u00e7mi\u015fimizle y\u00fczle\u015fece\u011fiz. Biz \u00f6zg\u00fcrl\u00fck ve demokrasi istiyorsak ge\u00e7mi\u015fimizle y\u00fczle\u015fece\u011fiz. O hapishaneyi m\u00fcze yap\u0131p halka arma\u011fan ede\u011fiz.<\/p>\n<p style=\"text-align: justify;\">Cezaevleri&#8217;nde hasta olup tedavisi i\u00e7in izin verilmeyen ki\u015fi say\u0131s\u0131 212 ki\u015fi. Tutuklu say\u0131s\u0131 2005&#8217;te 28 bin ki\u015fi 2009&#8217;da 52 bin ki\u015fi. Yakal\u0131yorsunuz at\u0131n i\u00e7eri diyorsunuz. Daha \u00f6nemli bir \u015feye geliyorum: Sadece d\u00fc\u015f\u00fcncelerini a\u00e7\u0131klad\u0131\u011f\u0131 i\u00e7in 2010&#8217;un ilk alt\u0131 ay\u0131nda 500 ki\u015fi tutuklan\u0131yor. Bu insanlar hakk\u0131nda bin 200 y\u0131l hapis istiyor. Bu h\u00fck\u00fcmet bar\u0131\u015f\u0131, karde\u015fli\u011fi getirebilir mi?<\/p>\n<p style=\"text-align: justify;\"><strong>TA\u015e ATAN \u00c7OCUKLAR<\/strong><\/p>\n<p style=\"text-align: justify;\">Geliyorum ta\u015f atan \u00e7ocuklara; ta\u015f att\u0131 diye y\u00fczlerce \u00e7ocuk tutukland\u0131. 2009&#8217;da 177 \u00e7ocuk ta\u015f att\u0131 diye yarg\u0131land\u0131 772 y\u0131l hapse mahkum edildi. Bunlar nerede oluyor eski DGM&#8217;ler yeni \u00d6zel Yetkili Mahkemeler. Bu mahkemeler oldu\u011fu s\u00fcrece yarg\u0131 ba\u011f\u0131ms\u0131z olmaz.. Demokrasi gelecekse her alanda gelmeli, insanlar inan\u00e7lar\u0131ndan, kimliklerinden \u00f6t\u00fcr\u00fc ayr\u0131m yap\u0131lmamal\u0131, her insan e\u015fit yurtta\u015fl\u0131k temelinde beraber olmal\u0131.<\/p>\n<p style=\"text-align: justify;\">Daha d\u00fcne kadar diyorlard\u0131 ki CHP stat\u00fckocu, ezberini bozdum \u015fifresini \u00e7\u00f6zd\u00fcm. Kimyas\u0131n\u0131 bozdum.<\/p>\n<p style=\"text-align: justify;\">Y\u00fczde 10 baraj\u0131n\u0131 getirdiler. 12 Eyl\u00fcl&#8217;\u00fcn uzant\u0131s\u0131 bir yasayla getirdiler. Biz kald\u0131ral\u0131m dedik gelmediler. Darbelere kar\u015f\u0131y\u0131z dedi, biz de kar\u015f\u0131y\u0131z dedik. Gelin 35. maddeyi kald\u0131ral\u0131m dedik korktular. AKP \u00f6zg\u00fcrl\u00fck\u00e7\u00fc de\u011fil, insan haklar\u0131ndan yana de\u011fil. Aile mutlulu\u011fundan yana de\u011fil. Ahmet Arif ne diyor,<\/p>\n<p style=\"text-align: justify;\">Bunlar, Engerekler ve \u00e7\u0131yanlard\u0131r, Bunlar, A\u015f\u0131m\u0131za, ekme\u011fimize G\u00f6z koyanlard\u0131r, Tan\u0131 bunlar\u0131, Tan\u0131 da b\u00fcy\u00fc&#8230;<\/p>\n<p style=\"text-align: justify;\"><strong>KCK TUTUKLAMALARI <\/strong><\/p>\n<p style=\"text-align: justify;\">Size bir \u00f6rnek daha verece\u011fim. Halk\u0131n iradesiyle se\u00e7ilen belediye ba\u015fkanlar\u0131n\u0131 hapiste tutuyorlar. Kelep\u00e7elediler, s\u0131raya dizdiler, medyaya servis yapt\u0131lar. E\u011fer halk\u0131n iradesine sayg\u0131l\u0131ysan\u0131z o insanlar\u0131 aylarca neden tutukland\u0131klar\u0131n\u0131 bilmiyorlar.. Gizlilik karar\u0131 getiriyorsun avukat\u0131 da bilmiyor neden tutukland\u0131klar\u0131n\u0131 bilmiyor. Ba\u011f\u0131ms\u0131z, insan haklar\u0131ndan yana bir yarg\u0131 d\u00fczeni kuraca\u011f\u0131z. \u00c7ocuklar\u0131m\u0131z\u0131, kad\u0131nlar\u0131m\u0131z\u0131 koruyac\u011fa\u0131z, d\u00fc\u015f\u00fcnce \u00f6zg\u00fcrl\u00fc\u011f\u00fcn\u00fc getirece\u011fiz.<\/p>\n<p style=\"text-align: justify;\"><strong>\u00d6ZERKL\u0130K \u015eARTI <\/strong><\/p>\n<p style=\"text-align: justify;\">Avrupa Birli\u011fi \u00f6zerklik \u015fart\u0131n\u0131 uygulayaca\u011f\u0131z dedik, hemen siz T\u00fcrkiye&#8217;yi b\u00f6leceksiniz dediler . Buradan sesleniyorum. T\u00fcrkiye bir b\u00fct\u00fcnd\u00fcr b\u00f6ld\u00fcrmeyiz.. Bayrak \u00fczerinden siyaset yap\u0131lmaz, bayrak hepimizin onuru \u015ferefidir, o bayrak \u00fczerinde siyaset yapmak b\u00f6l\u00fcc\u00fcl\u00fckt\u00fcr, en b\u00fcy\u00fck b\u00f6l\u00fcc\u00fc de Recep Tayyip Erdo\u011fan&#8217;d\u0131r.. Diyarbak\u0131r ne ise \u0130zmir odur.<\/p>\n<p style=\"text-align: justify;\">Ne olursa olsun T\u00fcrkiye&#8217;ye bar\u0131\u015f\u0131 getirece\u011fim ve mutlu bir T\u00fcrkiye&#8217;yi birlikte kuraca\u011f\u0131z.<\/p>\n<p style=\"text-align: justify;\">Geliyor K\u00fcrt sorunu var diyor sonra diyor ki b\u00f6yle bir sorun yok. B\u00f6yle bir sorun var m\u0131? Ben de diyorum b\u00f6yle bir sorun var ve bu sorunu ben \u00e7\u00f6zece\u011fim. Diyarbak\u0131r&#8217;da sivil havaliman\u0131 niye yok? 1.5 milyon n\u00fcfusu var. Size verilen her s\u00f6z havada kald\u0131. Oylar\u0131n\u0131z\u0131 ald\u0131lar sizin y\u00fcz\u00fcn\u00fcze bakmad\u0131lar. Oy isteyece\u011fiz, verseniz de vermeseniz de sorunlar\u0131n\u0131z\u0131 \u00e7\u00f6zece\u011fiz \u00e7\u00fcnk\u00fc bizim i\u00e7in yanda\u015f yok sadece ve sadece yanda\u015f var.<\/p>\n<p style=\"text-align: justify;\">Diyarbak\u0131r&#8217;da fabrika yok ama icra dairesi say\u0131s\u0131nda art\u0131\u015f var. Benim size s\u00f6z\u00fcm var; petrol boru hatlar\u0131 bu b\u00f6lgeden ge\u00e7er, Do\u011fu ve G\u00fcneydo\u011fu&#8217;yu petro kimya \u00fcss\u00fc haline getirece\u011fiz. Burada insanlar ak\u015fam evine huzur i\u00e7erisinde gidecek.<\/p>\n<p style=\"text-align: justify;\">Recep Bey&#8217;in derdi para.. 2.5 ayl\u0131k K\u00fcbra anas\u0131n\u0131n kuca\u011f\u0131ndan a\u00e7l\u0131ktan \u00f6ld\u00fc. Diyarbak\u0131rl\u0131 bir anne \u00e7ocu\u011funa kahvalt\u0131 veremdi diye \u00f6ld\u00fc.. Kad\u0131n\u0131n hesab\u0131na en az 600tl yat\u0131raca\u011f\u0131z ve kad\u0131n\u0131 namerde muhta\u00e7 etmeyece\u011fiz. Recep Bey diyor ki Kemal Bey g\u00f6z\u00fcn\u00fc Merkez Bankas\u0131&#8217;n\u0131n paras\u0131na g\u00f6z koymu\u015f. Benim i\u00e7in \u00f6nce para de\u011fil insan. Ne oldu size g\u00f6z\u00fcn\u00fcz\u00fc para doyursun.. Size s\u00f6z\u00fcm var bu \u00fclkenin yoksullu\u011funu bitirece\u011fim, Aile Sigortas\u0131 ile herkese ekonomik \u00f6zg\u00fcrl\u00fck getirece\u011fiz. Her etnik kimlik i\u00e7erisindeki karde\u015fimiz bar\u0131\u015f i\u00e7erisinde ya\u015fayacak.<\/p>\n<p style=\"text-align: justify;\">Ali Demir \u00d6SYM koltu\u011funa demir atm\u0131\u015f Ar damar\u0131 \u00e7atlam\u0131\u015f bir adam gen\u00e7lere \u00f6rnek olamaz.Bana yetki verin ben o koltukta oturan adam\u0131 o koltuktan ala\u015fa\u011f\u0131 edeyim. \u00c7\u00f6z\u00fcm halk\u0131n iktidar\u0131..<\/p>\n<p style=\"text-align: justify;\">Adam gibi adamsan y\u00fcre\u011fin varsa, \u00e7\u0131kars\u0131n kar\u015f\u0131ma sen sorars\u0131n bencevaplar\u0131m, ben sorar\u0131m sen cevaplars\u0131n. Ama Recep Bey Kemal karde\u015finizin kar\u015f\u0131s\u0131na \u00e7\u0131kamaz. Bir ge\u00e7mi\u015finin temiz olmas\u0131 laz\u0131m, iki kul hakk\u0131 yememesi laz\u0131m, bir de mangal gibi y\u00fcrek olmas\u0131 laz\u0131m.<\/p>\n<p style=\"text-align: justify;\">Ben de Diyarbak\u0131r&#8217;la Diyarbak\u0131rl\u0131larla gurur duyuyorum.<\/p>\n<p style=\"text-align: justify;\">Konu\u015fmam\u0131 Ahmet Arif \u015fiiriyle bitimek istiyorum;<\/p>\n<p style=\"text-align: justify;\">\u00d6yle y\u0131kma kendini,<\/p>\n<p style=\"text-align: justify;\">\u00d6yle mahzun, \u00f6yle garip&#8230;<\/p>\n<p style=\"text-align: justify;\">Nerede olursan ol,<\/p>\n<p style=\"text-align: justify;\">\u0130\u00e7erde, d\u0131\u015farda, derste, s\u0131rada,<\/p>\n<p style=\"text-align: justify;\">Y\u00fcr\u00fc \u00fcst\u00fcne-\u00fcst\u00fcne,<\/p>\n<p style=\"text-align: justify;\">T\u00fck\u00fcr y\u00fcz\u00fcne cellad\u0131n,<\/p>\n<p style=\"text-align: justify;\">F\u0131rsat\u00e7\u0131n\u0131n, fesat\u00e7\u0131n\u0131n, hay\u0131n\u0131n&#8230;<\/p>\n<p style=\"text-align: justify;\">Dayan kitap ile Dayan i\u015f ile.<\/p>\n<p style=\"text-align: justify;\">T\u0131rnak ile, di\u015f ile, Umut ile, sevda ile, d\u00fc\u015f ile.<\/p>\n<p style=\"text-align: justify;\">Dayan r\u00fcsva etme beni.<\/p>\n<p style=\"text-align: justify;\"><a href=\"http:\/\/haber.gazetevatan.com\/sert-basladi-siirle-bitirdi\/380842\/9\/Siyaset\" target=\"_blank\">Kaynak : VATAN Gazetesi<\/a><\/p>\n","protected":false},"excerpt":{"rendered":"<p style=\"text-align: center;\">\n<p style=\"text-align: justify;\">Diyarbak\u0131r\u2019da konu\u015fan CHP lideri Kemal K\u0131l\u0131\u00e7daro\u011flu, bayrak ele\u015ftirisi yapan Ba\u015fbakan Erdo\u011fan\u2019a yan\u0131t verdi. K\u0131l\u0131\u00e7daro\u011flu, \u201cBayrak \u00fczerinden politika yapmak b\u00f6l\u00fcc\u00fcl\u00fckt\u00fcr, en b\u00fcy\u00fck b\u00f6l\u00fcc\u00fc de Recep Tayyip Erdo\u011fan\u2019d\u0131r\u201d dedi. Konu\u015fmas\u0131n\u0131 Ahmet Arif&#8217;in dizeleriyle bitirdi.<\/p>\n","protected":false},"author":1,"featured_media":0,"comment_status":"open","ping_status":"closed","sticky":false,"template":"","format":"standard","meta":{"footnotes":""},"categories":[105],"tags":[],"class_list":["post-33876","post","type-post","status-publish","format-standard","hentry","category-gundem","odd"],"_links":{"self":[{"href":"http:\/\/www.korhanyilmaz.com\/index.php?rest_route=\/wp\/v2\/posts\/33876","targetHints":{"allow":["GET"]}}],"collection":[{"href":"http:\/\/www.korhanyilmaz.com\/index.php?rest_route=\/wp\/v2\/posts"}],"about":[{"href":"http:\/\/www.korhanyilmaz.com\/index.php?rest_route=\/wp\/v2\/types\/post"}],"author":[{"embeddable":true,"href":"http:\/\/www.korhanyilmaz.com\/index.php?rest_route=\/wp\/v2\/users\/1"}],"replies":[{"embeddable":true,"href":"http:\/\/www.korhanyilmaz.com\/index.php?rest_route=%2Fwp%2Fv2%2Fcomments&post=33876"}],"version-history":[{"count":0,"href":"http:\/\/www.korhanyilmaz.com\/index.php?rest_route=\/wp\/v2\/posts\/33876\/revisions"}],"wp:attachment":[{"href":"http:\/\/www.korhanyilmaz.com\/index.php?rest_route=%2Fwp%2Fv2%2Fmedia&parent=33876"}],"wp:term":[{"taxonomy":"category","embeddable":true,"href":"http:\/\/www.korhanyilmaz.com\/index.php?rest_route=%2Fwp%2Fv2%2Fcategories&post=33876"},{"taxonomy":"post_tag","embeddable":true,"href":"http:\/\/www.korhanyilmaz.com\/index.php?rest_route=%2Fwp%2Fv2%2Ftags&post=33876"}],"curies":[{"name":"wp","href":"https:\/\/api.w.org\/{rel}","templated":true}]}}