{"id":33868,"date":"2011-05-31T11:20:01","date_gmt":"2011-05-31T08:20:01","guid":{"rendered":"http:\/\/www.korhanyilmaz.com\/?p=33868"},"modified":"2011-05-31T11:20:01","modified_gmt":"2011-05-31T08:20:01","slug":"ordu-kiskirtiliyor","status":"publish","type":"post","link":"http:\/\/www.korhanyilmaz.com\/?p=33868","title":{"rendered":"&#8220;Ordu k\u0131\u015fk\u0131rt\u0131l\u0131yor&#8221;"},"content":{"rendered":"<p style=\"text-align: justify;\"><a href=\"http:\/\/www.korhanyilmaz.com\/wp-content\/uploads\/2011\/05\/432.jpg\"  class=\"lightview\"><img loading=\"lazy\" decoding=\"async\" class=\"aligncenter size-full wp-image-33870\" src=\"http:\/\/www.korhanyilmaz.com\/wp-content\/uploads\/2011\/05\/432.jpg\" alt=\"\" width=\"396\" height=\"180\" \/><\/a><\/p>\n<p style=\"text-align: justify;\">Emekli Tu\u011famiral Ert\u00fcrk, se\u00e7im s\u00fcrecinde iptal edilen tatbikatlarla ilgili \u00e7arp\u0131c\u0131 iddialarda bulundu.<\/p>\n<p style=\"text-align: justify;\">TRABZON &#8211; T\u00fcrk Silahl\u0131 Kuvvetleri (TSK) \u00fczerindeki bask\u0131lar\u0131 protesto etmek i\u00e7in, tu\u011famiralken g\u00f6revinden istifa eden T\u00fcrker Ert\u00fcrk, TSK\u2019nin \u201cDenizkurdu\u201d ve \u201cEfes\u201d tatbikatlar\u0131n\u0131n iptal gerek\u00e7esiyle ilgili olarak \u0130ngiliz Deniz Ata\u015fesi\u2019nin Londra\u2019ya g\u00f6nderdi\u011fi mesaj\u0131 a\u00e7\u0131klad\u0131. T\u00fcrker, ata\u015fenin \u201cT\u00fcrkiye\u2019deki se\u00e7imlere \u00e7ok az bir s\u00fcre kalm\u0131\u015f olup oylar\u0131n\u0131n azald\u0131\u011f\u0131n\u0131 g\u00f6ren AKP iktidar\u0131 orduyu provoke edip tekrar ma\u011fduru oynamak istemektedir\u201d ifadelerini kulland\u0131\u011f\u0131n\u0131 belirtti. <!--more--><\/p>\n<p style=\"text-align: justify;\">Cumhuriyet&#8217;te byer alan habere g\u00f6re, Ert\u00fcrk, Trabzon\u2019da yay\u0131n yapan \u201cHaber61\u201d adl\u0131 bir haber sitesinde yer alan yaz\u0131s\u0131nda \u201cTatbikatlar niye iptal edildi\u201d sorusuna yan\u0131t arad\u0131. \u201cTatbikat s\u0131ras\u0131nda \u00fclkemizde veya kom\u015fular\u0131m\u0131zda do\u011fal bir afet olmu\u015f mudur? Hay\u0131r. Tatbikat s\u0131ras\u0131nda kaza olmu\u015f mudur? Hay\u0131r\u201d diyen Ert\u00fcrk, \u201cNedir o zaman tatbikat\u0131n iptal edilmesinin nedeni? Bunun cevab\u0131n\u0131 se\u00e7kin g\u00f6zlemci g\u00fcn\u00fcne davetli \u0130ngiliz Deniz Ata\u015fesi\u2019nin Londra\u2019ya \u00e7ekti\u011fi mesajda bulabiliriz\u201d diyerek ate\u015fenin \u015fu mesaj\u0131n\u0131 yay\u0131mlad\u0131:<\/p>\n<p style=\"text-align: justify;\">G\u00f6nderen; UK (\u0130ngiltere ) Deniz Ata\u015fesi \/ Ankara<\/p>\n<p style=\"text-align: justify;\">Alan; MOD ( \u0130ngiltere Savunma Bakanl\u0131\u011f\u0131 ) \/ Londra<\/p>\n<p style=\"text-align: justify;\">1. T\u00fcrk Deniz Kuvvetleri\u2019nin planl\u0131 tatbikatlar\u0131ndan \u201cDenizkurdu\u201dnun 25 May\u0131s 2011 tarihinde icra edilecek se\u00e7kin g\u00f6zlemci g\u00fcn\u00fcne di\u011fer \u00fclke ata\u015feleri ile birlikte davetliydim.<\/p>\n<p style=\"text-align: justify;\">2. Tatbikat\u0131n hemen hemen sonuna gelinmi\u015f olmas\u0131na ve g\u00f6steri g\u00fcn\u00fcn\u00fcn bir gece \u00f6nce provas\u0131 yap\u0131lm\u0131\u015f olmas\u0131na ra\u011fmen 24 saatten daha az bir s\u00fcre kala \u201cDenizkurdu\u201d ve \u201cEfes\u201d tatbikatlar\u0131 ve g\u00f6zlemci g\u00fcn\u00fc iptal edilmi\u015ftir.<\/p>\n<p style=\"text-align: justify;\">3. T\u00fcrk Genelkurmay\u0131 taraf\u0131ndan iptal gerek\u00e7esinin askeri oldu\u011fu bildirilmesine ra\u011fmen ger\u00e7ek neden Balyoz soru\u015fturmas\u0131 kapsam\u0131nda ifadeye \u00e7a\u011fr\u0131lan birisi orgeneral olmak \u00fczere askerlerdir. T\u00fcrk askeri bu durumu arkadan han\u00e7erlenmek olarak yorumlamaktad\u0131r.<\/p>\n<p style=\"text-align: justify;\">4. T\u00fcrkiye\u2019deki se\u00e7imlere \u00e7ok az bir s\u00fcre kalm\u0131\u015f olup oylar\u0131n\u0131n azald\u0131\u011f\u0131n\u0131 g\u00f6ren AKP iktidar\u0131 orduyu provoke edip tekrar ma\u011fduru oynamak istemektedir.<\/p>\n<p style=\"text-align: justify;\">5. Asker bu durumu bildi\u011finden her t\u00fcrl\u00fc a\u015fa\u011f\u0131lanmaya ra\u011fmen sessizli\u011fini korumak istemektedir.<\/p>\n<p style=\"text-align: justify;\"><a href=\"http:\/\/www.gazeteport.com.tr\/haber\/35115\/ordu_kiskirtiliyor\" target=\"_blank\">Kaynak : GAZETEPORT<\/a><\/p>\n","protected":false},"excerpt":{"rendered":"<p style=\"text-align: justify;\">\n<p style=\"text-align: justify;\">Emekli Tu\u011famiral Ert\u00fcrk, se\u00e7im s\u00fcrecinde iptal edilen tatbikatlarla ilgili \u00e7arp\u0131c\u0131 iddialarda bulundu.<\/p>\n<p style=\"text-align: justify;\">TRABZON &#8211; T\u00fcrk Silahl\u0131 Kuvvetleri (TSK) \u00fczerindeki bask\u0131lar\u0131 protesto etmek i\u00e7in, tu\u011famiralken g\u00f6revinden istifa eden T\u00fcrker Ert\u00fcrk, TSK\u2019nin \u201cDenizkurdu\u201d ve \u201cEfes\u201d tatbikatlar\u0131n\u0131n iptal gerek\u00e7esiyle ilgili olarak \u0130ngiliz Deniz Ata\u015fesi\u2019nin Londra\u2019ya g\u00f6nderdi\u011fi mesaj\u0131 a\u00e7\u0131klad\u0131. T\u00fcrker, ata\u015fenin \u201cT\u00fcrkiye\u2019deki <\/p>\n","protected":false},"author":1,"featured_media":0,"comment_status":"open","ping_status":"closed","sticky":false,"template":"","format":"standard","meta":{"footnotes":""},"categories":[105],"tags":[],"class_list":["post-33868","post","type-post","status-publish","format-standard","hentry","category-gundem","odd"],"_links":{"self":[{"href":"http:\/\/www.korhanyilmaz.com\/index.php?rest_route=\/wp\/v2\/posts\/33868","targetHints":{"allow":["GET"]}}],"collection":[{"href":"http:\/\/www.korhanyilmaz.com\/index.php?rest_route=\/wp\/v2\/posts"}],"about":[{"href":"http:\/\/www.korhanyilmaz.com\/index.php?rest_route=\/wp\/v2\/types\/post"}],"author":[{"embeddable":true,"href":"http:\/\/www.korhanyilmaz.com\/index.php?rest_route=\/wp\/v2\/users\/1"}],"replies":[{"embeddable":true,"href":"http:\/\/www.korhanyilmaz.com\/index.php?rest_route=%2Fwp%2Fv2%2Fcomments&post=33868"}],"version-history":[{"count":0,"href":"http:\/\/www.korhanyilmaz.com\/index.php?rest_route=\/wp\/v2\/posts\/33868\/revisions"}],"wp:attachment":[{"href":"http:\/\/www.korhanyilmaz.com\/index.php?rest_route=%2Fwp%2Fv2%2Fmedia&parent=33868"}],"wp:term":[{"taxonomy":"category","embeddable":true,"href":"http:\/\/www.korhanyilmaz.com\/index.php?rest_route=%2Fwp%2Fv2%2Fcategories&post=33868"},{"taxonomy":"post_tag","embeddable":true,"href":"http:\/\/www.korhanyilmaz.com\/index.php?rest_route=%2Fwp%2Fv2%2Ftags&post=33868"}],"curies":[{"name":"wp","href":"https:\/\/api.w.org\/{rel}","templated":true}]}}