{"id":33861,"date":"2011-05-31T11:49:18","date_gmt":"2011-05-31T08:49:18","guid":{"rendered":"http:\/\/www.korhanyilmaz.com\/?p=33861"},"modified":"2011-05-31T11:49:18","modified_gmt":"2011-05-31T08:49:18","slug":"bizim-icin-ergenekonun-basisin","status":"publish","type":"post","link":"http:\/\/www.korhanyilmaz.com\/?p=33861","title":{"rendered":"&#8220;Bizim i\u00e7in Ergenekon&#8217;un ba\u015f\u0131s\u0131n&#8221;"},"content":{"rendered":"<p style=\"text-align: center;\"><a href=\"http:\/\/www.korhanyilmaz.com\/wp-content\/uploads\/2011\/05\/430.jpg\"  class=\"lightview\"><img loading=\"lazy\" decoding=\"async\" class=\"aligncenter size-full wp-image-33862\" src=\"http:\/\/www.korhanyilmaz.com\/wp-content\/uploads\/2011\/05\/430.jpg\" alt=\"\" width=\"307\" height=\"236\" \/><\/a><\/p>\n<p style=\"text-align: justify;\">AK Parti ve Ba\u015fbakan Erdo\u011fan&#8217;\u0131 sert dille ele\u015ftiren BDP&#8217;nin destekledi\u011fi Ba\u011f\u0131ms\u0131z Miletvekili aday\u0131 Selahattin Demirta\u015f,&#8221;Sen \u00e7evrendeki bir grup AKP&#8217;li i\u00e7in d\u00fcnya nimeti olabilirsin. Ama bizim i\u00e7in Erkenekon&#8217;un ba\u015f\u0131s\u0131n&#8221; dedi. <!--more--><\/p>\n<p style=\"text-align: justify;\">Bar\u0131\u015f ve Demokrasi Partisi (BDP) eski Genel Ba\u015fkan\u0131, Hakkari Ba\u011f\u0131ms\u0131z Milletvekili aday\u0131 Selahattin Demirta\u015f, &#8220;AKP&#8217;nin ergenekonu gece bask\u0131nlar\u0131yla ev bask\u0131nlar\u0131yla alanlarda meydanlarda gen\u00e7lere kad\u0131nlara \u00e7ocuklara operasyonlar yapm\u0131yorlar m\u0131? Sen \u00e7evrendeki bir grup AKP&#8217;li i\u00e7in d\u00fcnya nimeti olabilirsin. Ama bizim i\u00e7in Erkenekon&#8217;un ba\u015f\u0131s\u0131n&#8221; dedi.<\/p>\n<p style=\"text-align: justify;\">BDP&#8217;nin destekledi\u011fi Ba\u011f\u0131ms\u0131z Miletvekili aday\u0131 Demirta\u015f, BDP Hakkari il \u00f6rg\u00fct\u00fc taraf\u0131ndan Merzan Mahallesi&#8217;ndeki toprak sahada d\u00fczenlenen yakla\u015f\u0131k 15 bin ki\u015finin kat\u0131ld\u0131\u011f\u0131 &#8216;Se\u00e7im \u015fenli\u011fine&#8217; kat\u0131ld\u0131. \u015eenlik \u00f6ncesi konu\u015fma yapan Demirta\u015f, AK Parti ve Ba\u015fbakan Erdo\u011fan&#8217;\u0131 sert dille ele\u015ftiren Demirta\u015f, \u015f\u00f6yle dedi:<\/p>\n<p style=\"text-align: justify;\">&#8220;Bizim \u00fcst\u00fcm\u00fcze gelmediniz mi? Meclis&#8217;te, meydanlarda her taraftan katliam, bask\u0131 politikas\u0131, tutuklama politikas\u0131 hep birlikte yapmad\u0131n\u0131z m\u0131? CHP, MHP buna destek vermedi mi? Derin devlet, kontrgerilla \u015fiddeti, bu topraklarda ya\u015fatan destek veren bu zihniyet de\u011fil midir? Bunlar de\u011fil midir? Hakkari&#8217;de AKP&#8217;nin derin devleti faaliyette de\u011fil midir? AKP&#8217;nin Ergenekon&#8217;u gece, ev bask\u0131nlar\u0131yla alanlarda meydanlarda gen\u00e7lere kad\u0131nlara \u00e7ocuklara operasyonlar yapm\u0131yorlar m\u0131?&#8221; dedi.<\/p>\n<p style=\"text-align: justify;\">\u0130sim vermeden ele\u015ftirilerini s\u00fcrd\u00fcren Demirta\u015f \u015f\u00f6yle konu\u015ftu:<\/p>\n<p style=\"text-align: justify;\">&#8220;Sen \u00e7evrendeki bir grup AKP&#8217;li i\u00e7in d\u00fcnya nimeti olabilirsin. Ama bizim i\u00e7in Erkenekon&#8217;un, bizim i\u00e7in derin devletin ba\u015f\u0131s\u0131n. \u00d6n\u00fcnde bir f\u0131rsat var. Aksi taktirde bu topraklardan g\u00f6rece\u011fin de\u011fer i\u015fte Hakkari Meydan\u0131&#8217;nda g\u00f6rd\u00fc\u011f\u00fcn de\u011fer kadardir. &#8216;BDP&#8217;dir nedir ? Onun bir ba\u015fkan\u0131 m\u0131 var nedir?&#8217; diyor. Burada Hakkarililer&#8217;e de; &#8216;Ya tek dil, tek milleti kabul edersiniz. Ya da gidersiniz&#8217; dedin Hakkarililer&#8217;e s\u00f6ylemedi mi bunu? Biz; &#8216;\u0130ki dilli ya\u015fam&#8217; dedik. Ba\u015fbakan bize hakaret etmedi mi? Allah seni bildi\u011fi gibi yaps\u0131n.&#8221;<\/p>\n<p style=\"text-align: justify;\">Demirta\u015f&#8217;\u0131n da kat\u0131ld\u0131\u011f\u0131 se\u00e7im senli\u011finde sanat\u00e7\u0131 \u0130lkay Akkaya ise T\u00fcrk\u00e7e ve K\u00fcrt\u00e7e \u015fark\u0131lar s\u00f6yledi. Yerel sanat\u00e7\u0131lar\u0131n da sahneye \u00e7\u0131kt\u0131\u011f\u0131 konser, gece ge\u00e7 saatlere kadar s\u00fcrd\u00fc.<\/p>\n<p style=\"text-align: justify;\"><a href=\"http:\/\/www.cnnturk.com\/2011\/turkiye\/05\/31\/bizim.icin.ergenekonun.basisin\/618473.0\/index.html\" target=\"_blank\">Kaynak : CNN T\u00dcRK<\/a><\/p>\n","protected":false},"excerpt":{"rendered":"<p style=\"text-align: center;\">\n<p style=\"text-align: justify;\">AK Parti ve Ba\u015fbakan Erdo\u011fan&#8217;\u0131 sert dille ele\u015ftiren BDP&#8217;nin destekledi\u011fi Ba\u011f\u0131ms\u0131z Miletvekili aday\u0131 Selahattin Demirta\u015f,&#8221;Sen \u00e7evrendeki bir grup AKP&#8217;li i\u00e7in d\u00fcnya nimeti olabilirsin. Ama bizim i\u00e7in Erkenekon&#8217;un ba\u015f\u0131s\u0131n&#8221; dedi. <\/p>\n","protected":false},"author":1,"featured_media":0,"comment_status":"open","ping_status":"closed","sticky":false,"template":"","format":"standard","meta":{"footnotes":""},"categories":[105],"tags":[],"class_list":["post-33861","post","type-post","status-publish","format-standard","hentry","category-gundem","odd"],"_links":{"self":[{"href":"http:\/\/www.korhanyilmaz.com\/index.php?rest_route=\/wp\/v2\/posts\/33861","targetHints":{"allow":["GET"]}}],"collection":[{"href":"http:\/\/www.korhanyilmaz.com\/index.php?rest_route=\/wp\/v2\/posts"}],"about":[{"href":"http:\/\/www.korhanyilmaz.com\/index.php?rest_route=\/wp\/v2\/types\/post"}],"author":[{"embeddable":true,"href":"http:\/\/www.korhanyilmaz.com\/index.php?rest_route=\/wp\/v2\/users\/1"}],"replies":[{"embeddable":true,"href":"http:\/\/www.korhanyilmaz.com\/index.php?rest_route=%2Fwp%2Fv2%2Fcomments&post=33861"}],"version-history":[{"count":0,"href":"http:\/\/www.korhanyilmaz.com\/index.php?rest_route=\/wp\/v2\/posts\/33861\/revisions"}],"wp:attachment":[{"href":"http:\/\/www.korhanyilmaz.com\/index.php?rest_route=%2Fwp%2Fv2%2Fmedia&parent=33861"}],"wp:term":[{"taxonomy":"category","embeddable":true,"href":"http:\/\/www.korhanyilmaz.com\/index.php?rest_route=%2Fwp%2Fv2%2Fcategories&post=33861"},{"taxonomy":"post_tag","embeddable":true,"href":"http:\/\/www.korhanyilmaz.com\/index.php?rest_route=%2Fwp%2Fv2%2Ftags&post=33861"}],"curies":[{"name":"wp","href":"https:\/\/api.w.org\/{rel}","templated":true}]}}