{"id":33857,"date":"2011-05-31T11:47:52","date_gmt":"2011-05-31T08:47:52","guid":{"rendered":"http:\/\/www.korhanyilmaz.com\/?p=33857"},"modified":"2011-05-31T11:47:52","modified_gmt":"2011-05-31T08:47:52","slug":"koy-muhtarindan-basbakana-protesto","status":"publish","type":"post","link":"http:\/\/www.korhanyilmaz.com\/?p=33857","title":{"rendered":"K\u00f6y muhtar\u0131ndan Ba\u015fbakan&#8217;a protesto"},"content":{"rendered":"<p style=\"text-align: justify;\"><a href=\"http:\/\/www.korhanyilmaz.com\/wp-content\/uploads\/2011\/05\/429.jpg\"  class=\"lightview\"><img loading=\"lazy\" decoding=\"async\" class=\"aligncenter size-full wp-image-33858\" src=\"http:\/\/www.korhanyilmaz.com\/wp-content\/uploads\/2011\/05\/429.jpg\" alt=\"\" width=\"307\" height=\"236\" \/><\/a><\/p>\n<p style=\"text-align: justify;\">Tunceli&#8217;nin P\u00fcl\u00fcm\u00fcr il\u00e7esine ba\u011fl\u0131 K\u0131rkme\u015fe K\u00f6y\u00fc Muhtar\u0131 H\u0131d\u0131r Eren, se\u00e7im meydanlar\u0131nda &#8220;Benim i\u00e7in muhtar bile olamaz&#8221;diye yazd\u0131lar&#8221; diyen Ba\u015fbakan Erdo\u011fan&#8217;\u0131 muhtarlar\u0131 a\u015fa\u011f\u0131lad\u0131\u011f\u0131 gerek\u00e7esiyle protesto etti. <!--more--><\/p>\n<p style=\"text-align: justify;\">(DHA) &#8212; Tunceli kent merkezindeki Sanat Soka\u011f\u0131&#8217;nda k\u00f6yl\u00fcleriyle birlikte bas\u0131n a\u00e7\u0131klamas\u0131 yapan Eren, \u00fczerinde &#8220;Muhtar\u0131z onurluyuz. Gemiciklerimiz, hanlar\u0131m\u0131z, televizyonlar\u0131m\u0131z sosyal haklar\u0131m\u0131z yok. Muhtar\u0131z, ya\u015fad\u0131\u011f\u0131m\u0131z topluma hizmet etmekten onur duyar\u0131z. Ayn\u0131 de\u011ferler i\u00e7erisinde say\u0131n Ba\u015fbakan\u0131m\u0131z\u0131 bu onurlu m\u00fccadeleyi veren de\u011ferli muhtarlar\u0131m\u0131zdan \u00f6z\u00fcr dilemeye \u00e7a\u011f\u0131r\u0131yoruz&#8221; yaz\u0131l\u0131 pankart a\u00e7t\u0131.<\/p>\n<p style=\"text-align: justify;\">Ba\u015fbakan\u0131n se\u00e7im meydanlar\u0131nda s\u0131k s\u0131k, &#8220;Benim i\u00e7in muhtar bile olamaz diye yazd\u0131lar&#8221; diyerek muhtarlar\u0131 a\u015fa\u011f\u0131lad\u0131\u011f\u0131n\u0131 ileri s\u00fcren Eren \u015funlar\u0131 s\u00f6yledi:<\/p>\n<p style=\"text-align: justify;\">&#8220;Biz muhtarlar k\u00f6y\u00fcm\u00fczde vatanda\u015flar\u0131n aras\u0131nda hi\u00e7bir ayr\u0131m yapmadan oy versinler vermesinler herkese ayn\u0131 hizmeti g\u00f6t\u00fcr\u00fcyoruz. Maa\u015flar\u0131m\u0131z 370 lira. Say\u0131n Ba\u015fbakan \u00fclkede bar\u0131\u015f\u0131, sevgiyi, karde\u015fli\u011fi, b\u00fct\u00fcnl\u00fc\u011f\u00fc sa\u011flamas\u0131 gerekirken, se\u00e7im atmosferinde Alevi kelimesiyle, K\u00fcrt kelimesiyle, muhtar kelimesiyle bizleri a\u015fa\u011f\u0131l\u0131yor. Bu t\u00fcr davran\u0131\u015flardan Ba\u015fbakan&#8217;\u0131 s\u00fckunet i\u00e7inde olmaya \u00e7a\u011f\u0131r\u0131yoruz. B\u00fct\u00fcn muhtarlardan \u00f6z\u00fcr dilemeye \u00e7a\u011f\u0131r\u0131yoruz. \u00c7\u00fcnk\u00fc biz muhtarlar demokrasinin bel kemi\u011fiyiz. Her \u015fey bizden ge\u00e7iyor. Bizim ko\u015fullar\u0131m\u0131z zor.&#8221;<\/p>\n<p style=\"text-align: justify;\">Eren, sorunlar\u0131n\u0131 dile getirmek i\u00e7in Ankara&#8217;ya y\u00fcr\u00fcy\u00fc\u015f planlad\u0131klar\u0131n\u0131 da belirtti.<\/p>\n<p style=\"text-align: justify;\"><a href=\"http:\/\/www.cnnturk.com\/2011\/turkiye\/05\/31\/koy.muhtarindan.basbakana.protesto\/618436.0\/index.html\" target=\"_blank\">Kaynak : CNN T\u00dcRK<\/a><\/p>\n","protected":false},"excerpt":{"rendered":"<p style=\"text-align: justify;\">\n<p style=\"text-align: justify;\">Tunceli&#8217;nin P\u00fcl\u00fcm\u00fcr il\u00e7esine ba\u011fl\u0131 K\u0131rkme\u015fe K\u00f6y\u00fc Muhtar\u0131 H\u0131d\u0131r Eren, se\u00e7im meydanlar\u0131nda &#8220;Benim i\u00e7in muhtar bile olamaz&#8221;diye yazd\u0131lar&#8221; diyen Ba\u015fbakan Erdo\u011fan&#8217;\u0131 muhtarlar\u0131 a\u015fa\u011f\u0131lad\u0131\u011f\u0131 gerek\u00e7esiyle protesto etti. <\/p>\n","protected":false},"author":1,"featured_media":0,"comment_status":"open","ping_status":"closed","sticky":false,"template":"","format":"standard","meta":{"footnotes":""},"categories":[105],"tags":[],"class_list":["post-33857","post","type-post","status-publish","format-standard","hentry","category-gundem","odd"],"_links":{"self":[{"href":"http:\/\/www.korhanyilmaz.com\/index.php?rest_route=\/wp\/v2\/posts\/33857","targetHints":{"allow":["GET"]}}],"collection":[{"href":"http:\/\/www.korhanyilmaz.com\/index.php?rest_route=\/wp\/v2\/posts"}],"about":[{"href":"http:\/\/www.korhanyilmaz.com\/index.php?rest_route=\/wp\/v2\/types\/post"}],"author":[{"embeddable":true,"href":"http:\/\/www.korhanyilmaz.com\/index.php?rest_route=\/wp\/v2\/users\/1"}],"replies":[{"embeddable":true,"href":"http:\/\/www.korhanyilmaz.com\/index.php?rest_route=%2Fwp%2Fv2%2Fcomments&post=33857"}],"version-history":[{"count":0,"href":"http:\/\/www.korhanyilmaz.com\/index.php?rest_route=\/wp\/v2\/posts\/33857\/revisions"}],"wp:attachment":[{"href":"http:\/\/www.korhanyilmaz.com\/index.php?rest_route=%2Fwp%2Fv2%2Fmedia&parent=33857"}],"wp:term":[{"taxonomy":"category","embeddable":true,"href":"http:\/\/www.korhanyilmaz.com\/index.php?rest_route=%2Fwp%2Fv2%2Fcategories&post=33857"},{"taxonomy":"post_tag","embeddable":true,"href":"http:\/\/www.korhanyilmaz.com\/index.php?rest_route=%2Fwp%2Fv2%2Ftags&post=33857"}],"curies":[{"name":"wp","href":"https:\/\/api.w.org\/{rel}","templated":true}]}}