{"id":33853,"date":"2011-05-30T19:38:36","date_gmt":"2011-05-30T16:38:36","guid":{"rendered":"http:\/\/www.korhanyilmaz.com\/?p=33853"},"modified":"2011-05-30T19:38:36","modified_gmt":"2011-05-30T16:38:36","slug":"bahceli-akp-lale-ve-sulale-devri-yasiyor","status":"publish","type":"post","link":"http:\/\/www.korhanyilmaz.com\/?p=33853","title":{"rendered":"Bah\u00e7eli: &#8220;AKP lale ve s\u00fclale devri ya\u015f\u0131yor&#8221;"},"content":{"rendered":"<p style=\"text-align: center;\"><a href=\"http:\/\/www.korhanyilmaz.com\/wp-content\/uploads\/2011\/05\/428.jpg\"  class=\"lightview\"><img loading=\"lazy\" decoding=\"async\" class=\"aligncenter size-full wp-image-33854\" src=\"http:\/\/www.korhanyilmaz.com\/wp-content\/uploads\/2011\/05\/428.jpg\" alt=\"\" width=\"307\" height=\"236\" \/><\/a><\/p>\n<p style=\"text-align: justify;\">MHP lideri Devlet Bah\u00e7eli&#8217;nin bug\u00fcnk\u00fc ilk dura\u011f\u0131 \u00c7anakkale oldu. Bah\u00e7eli, &#8220;\u0130stikrar s\u00fcrs\u00fcn T\u00fcrkiye b\u00fcy\u00fcs\u00fcn&#8221; slogan\u0131 ile yola \u00e7\u0131kan Ba\u015fbakan&#8217;a, &#8221;Kendisi ve yanda\u015flar\u0131n\u0131n lale, s\u00fclale devri s\u00fcrs\u00fcn istiyor&#8221; dedi. Bah\u00e7eli, Erdo\u011fan&#8217;\u0131n BDP-MHP koalisyonu iddias\u0131na ise sert \u00e7\u0131kt\u0131.<!--more--><\/p>\n<p style=\"text-align: justify;\">MHP lideri Devlet Bah\u00e7eli, partisinin \u00c7anakkale mitinginde konu\u015ftu.<\/p>\n<p style=\"text-align: justify;\">Bah\u00e7eli, 2002 ile 2009 aras\u0131ndaki senelerde, hayat standartlar\u0131ndaki de\u011fi\u015fikliklerin olumsuz y\u00f6nde oldu\u011funu ifade ederken, &#8220;AKP de bug\u00fcn lale ve s\u00fclale d\u00f6nemi ya\u015f\u0131yor. Her y\u00f6n\u00fcyle g\u00f6steri\u015fe y\u00f6nelmi\u015fler, d\u00fcne kadar s\u00f6yledikleri hayat ortam\u0131ndan uzakla\u015fm\u0131\u015flar. Bir elleri ya\u011fda, di\u011feri balda. Ortal\u0131\u011f\u0131 da g\u00fcll\u00fck g\u00fclistanl\u0131k g\u00f6rmekteler&#8221; dedi.<\/p>\n<p style=\"text-align: justify;\">Bah\u00e7eli, herkesi oy vermeye davet ederek, \u201cSand\u0131\u011fa gitmenin \u00f6tesinde, kar\u015f\u0131 kar\u015f\u0131ya kald\u0131\u011f\u0131m\u0131z sorunlar\u0131 da dikkate alarak, bu se\u00e7imleri \u00f6nemsemeliyiz. AKP, 9 y\u0131ld\u0131r \u00fclkemizi y\u00f6netiyor. Meclis\u2019te alamayaca\u011f\u0131 bir karar, \u00e7\u0131kartamayaca\u011f\u0131 bir yasa yoktur ama millete lay\u0131k olabilmi\u015f midir? E\u011fer 2002\u2019den bu yana geliriniz y\u00fckseliyor ve toplumda huzur art\u0131yorsa, AKP\u2019yi \u00fc\u00e7\u00fcnc\u00fc defa iktidar yapma talebine kar\u015f\u0131l\u0131k verebilirsiniz. Ancak ger\u00e7ek bu de\u011filse, \u2018Durmak yok, yola devam&#8217; demek yerine, &#8216;Yeter art\u0131k Say\u0131n Ba\u015fbakan biraz iktidardan git demek\u2019 laz\u0131m&#8221; diye konu\u015ftu.<\/p>\n<p style=\"text-align: justify;\">T\u00fcrkiye&#8217;nin ekonomik ve sosyal sorunlar\u0131n\u0131n bulundu\u011funu belirten Bah\u00e7eli, &#8220;Televizyonlara \u00e7\u0131kt\u0131klar\u0131 vakit, \u00f6zellikle yanda\u015f televizyonlar\u0131n deste\u011fi ile s\u00f6zle\u015fmeli, beslemeli baz\u0131 k\u00f6\u015fe yazarlar\u0131 ve gazeteciler arac\u0131l\u0131\u011f\u0131yla, dan\u0131\u015f\u0131kl\u0131 bir d\u00f6v\u00fc\u015f i\u00e7erisinde \u00f6yle bir T\u00fcrkiye tablosunu Recep Tayyip Erdo\u011fan&#8217;a \u00e7izdiriyorlar ki, e\u011fer o tabloya bakt\u0131\u011f\u0131n\u0131z vakit T\u00fcrkiye&#8217;de hi\u00e7 kimsenin \u015fikayetinin olmamas\u0131 laz\u0131m. Ama buray\u0131 \u015fereflendiren vatanda\u015flar\u0131m\u0131z, o tabloyla e\u011fer, o Recep Tayyip Erdo\u011fan&#8217;\u0131n \u00e7izgisiyle olu\u015fmu\u015f T\u00fcrkiye tablosu ile ya\u015fad\u0131\u011f\u0131n\u0131z ger\u00e7ek T\u00fcrkiye aras\u0131nda mutlaka b\u00fcy\u00fck bir fark vard\u0131r. Bug\u00fcn T\u00fcrkiye&#8217;nin \u00e7ok temel ekonomik ve sosyal sorunlar\u0131 bulunuyor. Say\u0131n Ba\u015fbakan hi\u00e7bir yerde bu sorunlara e\u011filmiyor, bu sorunlar \u00fczerinde s\u00f6z s\u00f6yleyemiyor. \u00c7\u00fcnk\u00fc s\u00f6yleyebilecek olsa, bu sorunlar\u0131 tekrarlanacak konuma getirmenin utanc\u0131yla zaten bunlara giremiyor. Onun i\u00e7in \u00e7\u0131ld\u0131rm\u0131\u015f bir halde \u00e7\u0131lg\u0131n projelerle milleti avutuyor, kand\u0131r\u0131yor ve yalan s\u00f6yl\u00fcyor&#8221; dedi.<\/p>\n<p style=\"text-align: justify;\">Bah\u00e7eli, yolsuzluklar\u0131n \u00fczerine kararl\u0131l\u0131kla gittikleri i\u00e7in partilerinin karaland\u0131\u011f\u0131n\u0131 da \u00f6ne s\u00fcrd\u00fc.<\/p>\n<p style=\"text-align: justify;\"><strong>BURSA M\u0130T\u0130NG\u0130 <\/strong><\/p>\n<p style=\"text-align: justify;\">Bah\u00e7eli, Bursa Kent Meydan\u0131&#8217;nda d\u00fczenlenen mitingde, Adalet ve Kalk\u0131nma Partisi&#8217;nin, 2002 se\u00e7imleriyle \u00fclkede sorumluluk \u00fcstlendi\u011fini, \u00fc\u00e7 h\u00fck\u00fcmet kurdu\u011funu belirterek, &#8220;Fakat Say\u0131n Ba\u015fbakan, bug\u00fcne kadar ne yap\u0131lm\u0131\u015fsa 2002 y\u0131l\u0131nda kendisinin d\u00f6nemiyle ba\u015flad\u0131\u011f\u0131n\u0131 iddia etmektedir ve Say\u0131n Ba\u015fbakan, b\u00fct\u00fcn ge\u00e7mi\u015fi inkar ediyor, Cumhuriyet&#8217;in kazan\u0131mlar\u0131n\u0131 reddediyor, Cumhuriyet&#8217;in kuruldu\u011fu g\u00fcnden bug\u00fcne kadar eldeki k\u0131t imkanlarla, zor \u015fartlarla o g\u00fcnk\u00fc sosyal ve ekonomik imkanlarla bu \u00fclkeye hizmet etmi\u015f insanlar\u0131n hepsini s\u0131f\u0131rlamaya \u00e7al\u0131\u015f\u0131yor&#8221; diye konu\u015ftu.<\/p>\n<p style=\"text-align: justify;\">Devlet Bah\u00e7eli, \u015f\u00f6yle devam etti: &#8220;Buna g\u00f6re Atat\u00fcrk d\u00f6nemi yok; buna g\u00f6re \u0130n\u00f6n\u00fc d\u00f6nemi yok; buna g\u00f6re Celal Bayar, Adnan Menderes d\u00f6nemi yok; buna g\u00f6re S\u00fcleyman Demirel d\u00f6nemi yok, Ecevit d\u00f6nemi yok; buna g\u00f6re yeti\u015fti\u011fi ocak olan Erbakan d\u00f6nemi dahi yok ve bir kibir, gurur i\u00e7erisinde ne varsa kendisinin yapm\u0131\u015f oldu\u011funu s\u00f6yl\u00fcyor. Ortada \u00e7\u0131rakl\u0131k, kalfal\u0131k d\u00f6nemlerini ya\u015fad\u0131\u011f\u0131n\u0131, \u015fimdi de usta olmak i\u00e7in \u00fc\u00e7\u00fcnc\u00fc d\u00f6neme talip olmaya \u00e7al\u0131\u015ft\u0131\u011f\u0131n\u0131 s\u00f6yl\u00fcyor. De\u011ferli vatanda\u015flar\u0131m art\u0131k Recep Tayyip Erdo\u011fan t\u00fckenmi\u015ftir. Recep Tayyip Erdo\u011fan&#8217;\u0131n da\u011farc\u0131\u011f\u0131 kurumu\u015ftur. Bu \u00fclkeye yapaca\u011f\u0131 hi\u00e7bir \u015fey kalmam\u0131\u015ft\u0131r ve Recep Tayyip Erdo\u011fan&#8217;\u0131n gitme zaman\u0131 gelmi\u015ftir.&#8221;<\/p>\n<p style=\"text-align: justify;\"><strong>BDP-MHP koalisyonu <\/strong><\/p>\n<p style=\"text-align: justify;\">Bu iktidar\u0131n d\u00f6nemlerinde \u00e7ok tehlikeli oyunlar oldu\u011funu \u00f6ne s\u00fcren Bah\u00e7eli, \u015funlar\u0131 s\u00f6yledi: &#8220;Teslimiyet\u00e7i bir anlay\u0131\u015fla T\u00fcrkiye \u00e7ok yanl\u0131\u015f bir y\u00f6ne sevk edilmi\u015ftir; gelece\u011fi karanl\u0131k bir hale s\u00fcr\u00fcklenmi\u015ftir. Dokuz y\u0131la yakla\u015fan bir s\u00fcre i\u00e7erisinde Adalet ve Kalk\u0131nma Partisinin y\u00f6netimini iyi anlamak gerekir. Adalet ve Kalk\u0131nma Partisi, teslimiyet\u00e7i politikalar sonucu olarak ABD&#8217;den y\u00f6nlendirme, AB&#8217;de ilerleme raporlar\u0131 ile kar\u015f\u0131 kar\u015f\u0131ya b\u0131rak\u0131lan dayatmalar ve PKK&#8217;n\u0131n siyasalla\u015fma s\u00fcrecinde \u0130mral\u0131&#8217;n\u0131n yol haritas\u0131, Demokratik Toplum Kongresi&#8217;nin kararlar\u0131 do\u011frultusunda \u00fclkeyi y\u00f6netmeye teslim olmu\u015f bir haldedir. \u015eimdi de \u00e7ok b\u00fcy\u00fck ba\u015f a\u011fr\u0131lar\u0131yla kar\u015f\u0131 kar\u015f\u0131ya kalm\u0131\u015f, olmayacaklar\u0131 sayarak kendisini aklamaya paklamaya ve yanl\u0131\u015ftan, Y\u00fcce Divan&#8217;da kendisini kurtarmaya \u00e7al\u0131\u015f\u0131yor. \u015eimdi kalkm\u0131\u015f, z\u0131rvan\u0131n zirvesine gelmi\u015f. G\u00fcya \u00f6n\u00fcm\u00fczdeki d\u00f6nemlerde BDP ile MHP koalisyon kuracakm\u0131\u015f.&#8221;<\/p>\n<p style=\"text-align: justify;\"><a href=\"http:\/\/www.cnnturk.com\/2011\/turkiye\/05\/30\/bahceli.akp.lale.ve.sulale.devri.yasiyor\/618375.0\/index.html\" target=\"_blank\">Kaynak : CNN T\u00dcRK<\/a><\/p>\n","protected":false},"excerpt":{"rendered":"<p style=\"text-align: center;\">\n<p style=\"text-align: justify;\">MHP lideri Devlet Bah\u00e7eli&#8217;nin bug\u00fcnk\u00fc ilk dura\u011f\u0131 \u00c7anakkale oldu. Bah\u00e7eli, &#8220;\u0130stikrar s\u00fcrs\u00fcn T\u00fcrkiye b\u00fcy\u00fcs\u00fcn&#8221; slogan\u0131 ile yola \u00e7\u0131kan Ba\u015fbakan&#8217;a, &#8221;Kendisi ve yanda\u015flar\u0131n\u0131n lale, s\u00fclale devri s\u00fcrs\u00fcn istiyor&#8221; dedi. Bah\u00e7eli, Erdo\u011fan&#8217;\u0131n BDP-MHP koalisyonu iddias\u0131na ise sert \u00e7\u0131kt\u0131.<\/p>\n","protected":false},"author":1,"featured_media":0,"comment_status":"open","ping_status":"closed","sticky":false,"template":"","format":"standard","meta":{"footnotes":""},"categories":[105],"tags":[],"class_list":["post-33853","post","type-post","status-publish","format-standard","hentry","category-gundem","odd"],"_links":{"self":[{"href":"http:\/\/www.korhanyilmaz.com\/index.php?rest_route=\/wp\/v2\/posts\/33853","targetHints":{"allow":["GET"]}}],"collection":[{"href":"http:\/\/www.korhanyilmaz.com\/index.php?rest_route=\/wp\/v2\/posts"}],"about":[{"href":"http:\/\/www.korhanyilmaz.com\/index.php?rest_route=\/wp\/v2\/types\/post"}],"author":[{"embeddable":true,"href":"http:\/\/www.korhanyilmaz.com\/index.php?rest_route=\/wp\/v2\/users\/1"}],"replies":[{"embeddable":true,"href":"http:\/\/www.korhanyilmaz.com\/index.php?rest_route=%2Fwp%2Fv2%2Fcomments&post=33853"}],"version-history":[{"count":0,"href":"http:\/\/www.korhanyilmaz.com\/index.php?rest_route=\/wp\/v2\/posts\/33853\/revisions"}],"wp:attachment":[{"href":"http:\/\/www.korhanyilmaz.com\/index.php?rest_route=%2Fwp%2Fv2%2Fmedia&parent=33853"}],"wp:term":[{"taxonomy":"category","embeddable":true,"href":"http:\/\/www.korhanyilmaz.com\/index.php?rest_route=%2Fwp%2Fv2%2Fcategories&post=33853"},{"taxonomy":"post_tag","embeddable":true,"href":"http:\/\/www.korhanyilmaz.com\/index.php?rest_route=%2Fwp%2Fv2%2Ftags&post=33853"}],"curies":[{"name":"wp","href":"https:\/\/api.w.org\/{rel}","templated":true}]}}