{"id":33844,"date":"2011-05-30T19:06:27","date_gmt":"2011-05-30T16:06:27","guid":{"rendered":"http:\/\/www.korhanyilmaz.com\/?p=33844"},"modified":"2011-05-30T19:06:27","modified_gmt":"2011-05-30T16:06:27","slug":"kahrolsun-tayyip-diye-bagiran-kadini-polis-kurtardi","status":"publish","type":"post","link":"http:\/\/www.korhanyilmaz.com\/?p=33844","title":{"rendered":"&#8220;Kahrolsun Tayyip&#8221; diye ba\u011f\u0131ran kad\u0131n\u0131 polis kurtard\u0131"},"content":{"rendered":"<p style=\"text-align: justify;\"><a href=\"http:\/\/www.korhanyilmaz.com\/wp-content\/uploads\/2011\/05\/426.jpg\"  class=\"lightview\"><img loading=\"lazy\" decoding=\"async\" class=\"aligncenter size-full wp-image-33845\" src=\"http:\/\/www.korhanyilmaz.com\/wp-content\/uploads\/2011\/05\/426.jpg\" alt=\"\" width=\"307\" height=\"236\" \/><\/a><\/p>\n<p style=\"text-align: justify;\">Ba\u015fbakan Erdo\u011fan konu\u015furken kalabal\u0131\u011f\u0131n i\u00e7inde &#8220;Kahrolsun Tayyip&#8221; diye ba\u011f\u0131rd\u0131\u011f\u0131 \u00f6\u011frenilen bir kad\u0131n partililerin tepkisini g\u00f6rd\u00fc. Polis taraf\u0131ndan \u00f6fkeli kalabal\u0131\u011f\u0131n elinden al\u0131nan kad\u0131n g\u00f6zalt\u0131na al\u0131nd\u0131.<\/p>\n<p style=\"text-align: justify;\">Yeni \u00dcmraniye Meydan\u0131&#8217;nda parti otob\u00fcs\u00fcnden halka seslenen Erdo\u011fan, T\u00fcrkiye&#8217;de 163 bin derslik yapt\u0131klar\u0131n\u0131 belirterek, \u00f6\u011frencilere kitaplar\u0131 \u00fccretsiz verdiklerini anlatt\u0131. <!--more--><\/p>\n<p style=\"text-align: justify;\">Sosyal g\u00fcvencesi olmayan \u00f6\u011frencilere verdikleri e\u011fitim yard\u0131m\u0131 hakk\u0131nda bilgi veren Erdo\u011fan, Cumhuriyet tarihinde yap\u0131lan dersliklerin yar\u0131s\u0131 kadar yeni derslik yapt\u0131klar\u0131n\u0131 kaydetti.<\/p>\n<p style=\"text-align: justify;\">Ba\u015fbakan Erdo\u011fan, CHP Genel Ba\u015fkan\u0131 Kemal K\u0131l\u0131\u00e7daro\u011flu&#8217;nun e\u011fitime y\u00f6nelik s\u00f6zlerini ele\u015ftirerek, \u015f\u00f6yle konu\u015ftu:<\/p>\n<p style=\"text-align: justify;\">&#8220;Bay Kemal e\u011fitimle ilgili d\u00fc\u015f\u00fcncelerini a\u00e7\u0131kl\u0131yor. Zaten meslek liselerine iyi bakm\u0131yor. &#8216;\u0130htiya\u00e7 kadar meslek lisesi&#8217; diyor. Bir televizyon program\u0131nda kendisine soruluyor &#8216;\u0130mam Hatip Okullar\u0131 hakk\u0131nda olumsuz d\u00fc\u015f\u00fcnd\u00fc\u011f\u00fcn\u00fcz s\u00f6yleniyor, ne diyorsunuz?&#8217; \u00c7ok pi\u015fkin ma\u015fallah&#8230; Diyor ki, &#8216;niye olumsuz d\u00fc\u015f\u00fcneyim, onlar da bu \u00fclkenin iyi, ho\u015f insanlar\u0131. Bizim iyi imamlara ve iyi din adamlar\u0131na ihtiyac\u0131m\u0131z var, tabii ki olacak&#8217; diyor. Peki bu okullar\u0131n<\/p>\n<p style=\"text-align: justify;\">kapat\u0131lmas\u0131yla ilgili ad\u0131mlar\u0131 kimler att\u0131? Ba\u015f\u00f6rt\u00fcs\u00fcyle ilgili referandumda meydanlarda &#8216;bunu ben hallederim&#8217; dedi.<\/p>\n<p style=\"text-align: justify;\">12 Eyl\u00fcl ak\u015fam\u0131 yapt\u0131\u011f\u0131m a\u00e7\u0131klamada &#8216;d\u00fcr\u00fcstsen, samimiysen s\u00fcreci ba\u015flatal\u0131m ve ba\u015f\u00f6rt\u00fcs\u00fc sorununu halledelim, bitirelim&#8217; dedim. Haftas\u0131nda Ankara&#8217;da TESK&#8217;in bir toplant\u0131s\u0131nda beraberiz ve kendisine &#8216;\u015fu i\u015fi bitirelim&#8217; dedim ve 40 dereden 40 t\u00fcrl\u00fc su getirdi, \u00e7\u00fcnk\u00fc samimi de\u011fil. Gider \u00e7ar\u015fafl\u0131 karde\u015fime bir taraftan rozeti takarlar, ertesi g\u00fcn otob\u00fcsten \u00e7ar\u015fafl\u0131 karde\u015flerimizi atarlar. Bunlar bu&#8230; Bay Kemal, \u015fu meslek lisesi ve imam hatip \u00fczerinden elini \u00e7ek. G\u00f6lge etme, ba\u015fka ihsan istemez, \u00e7ek.&#8221;<\/p>\n<p style=\"text-align: justify;\">\u0130htiyaca g\u00f6re meslek lisesinden mezun verilmesini do\u011fru bulmad\u0131\u011f\u0131n\u0131 ifade eden Erdo\u011fan, ihtiya\u00e7 oldu\u011fu i\u00e7in mi lise a\u00e7\u0131ld\u0131\u011f\u0131n\u0131 sordu.<\/p>\n<p style=\"text-align: justify;\">Erdo\u011fan, &#8220;Y\u0131llar y\u0131l\u0131 d\u00fcz liselerden mezun olanlara i\u015f mi buldunuz? O zaman d\u00fcz liseleri kapatacak m\u0131y\u0131z?&#8221; diye konu\u015ftu.<\/p>\n<p style=\"text-align: justify;\">Bat\u0131 \u00fclkelerinde y\u00fczde 70 meslek lisesi, y\u00fczde 30 lise bulundu\u011funu, \u00e7\u00fcnk\u00fc meslek lisesinden mezun olanlar\u0131n bile\u011finde bir bilezik bulundu\u011funu vurgulayan Erdo\u011fan, sanayide ve teknolojide iddias\u0131 olan \u00fclkelerin ara eleman arad\u0131\u011f\u0131n\u0131 s\u00f6yledi.<\/p>\n<p style=\"text-align: justify;\"><strong>&#8220;Bay Kemal bundan haberin yok senin&#8221; <\/strong><\/p>\n<p style=\"text-align: justify;\">Meslek liselerinde, lisede okunan derslerin hepsinin okundu\u011funu belirten Erdo\u011fan, &#8220;Bay Kemal, bundan haberin yok senin. Ben bir \u0130mam Hatip Lisesi mezunuyum, benim B\u00fcy\u00fck\u015fehir Belediye Ba\u015fkan\u0131m \u0130mam Hatip Lisesi mezunu&#8221; dedi.<\/p>\n<p style=\"text-align: justify;\">Kendilerine o d\u00f6nemde, \u0130mam Hatip Lisesinden sonra \u00fcniversite yolu a\u00e7\u0131lmad\u0131\u011f\u0131n\u0131, bir de lise s\u0131navlar\u0131na girdiklerini, okuduklar\u0131 derslerden tekrar s\u0131nav olduklar\u0131n\u0131, sonra \u00fcniversiteye girdiklerini anlatan Erdo\u011fan, konu\u015fmas\u0131n\u0131 \u015f\u00f6yle s\u00fcrd\u00fcrd\u00fc:<\/p>\n<p style=\"text-align: justify;\">&#8220;Bize b\u00f6yle zulmettiler, sonra bunlar\u0131n \u00f6n\u00fc a\u00e7\u0131ld\u0131. Daha sonra 28 \u015eubat ile beraber tekrar meslek liselerinin \u00f6n\u00fc kat say\u0131 ile kesildi. \u015eimdi bu kat say\u0131 da hallolacak. Zaten yoluna girdi. Bu b\u00fcy\u00fck bir adaletsizlik de\u011fil de nedir? Sen \u00fcniversite imtihan\u0131na tabi tutmuyor musun? Tutuyorsun. Meslek liseli kalk\u0131p d\u00fcz liseli ile yar\u0131\u015fta bunu ba\u015far\u0131yorsa, \u00f6n\u00fcn\u00fc niye a\u00e7m\u0131yorsun? \u0130lla \u0130mam Hatip Lisesinden \u00e7\u0131kan imam, vaiz mi olacak? Olmayabilir. Ziraat Meslek Lisesinden mezun olan illa ziraat i\u015fiyle mi u\u011fra\u015facak? &#8216;U\u011fra\u015fmam&#8217; der. Girdi \u00fcniversite s\u0131nav\u0131na farkl\u0131 yer kazand\u0131 orada okumaya devam eder, niye \u00f6n\u00fcn\u00fc kesiyorsun? A\u00e7, prangalardan kurtulsun bu gen\u00e7lik, b\u0131rak. Biz bunu yapt\u0131k, yine yapaca\u011f\u0131z. Gen\u00e7li\u011fin \u00f6n\u00fcn\u00fc a\u00e7acak ve rahat olaca\u011f\u0131z. Er veya ge\u00e7 bu hallolacak. 12 Eyl\u00fcl bunun \u00f6n\u00fcn\u00fc a\u00e7t\u0131. \u015eimdi yeni anayasa diyoruz ya, yepyeni anayasa ile bunu daha da g\u00fc\u00e7lendirece\u011fiz.&#8221;<\/p>\n<p style=\"text-align: justify;\"><strong>Protestocuyu polis kurtard\u0131 <\/strong><\/p>\n<p style=\"text-align: justify;\">Ba\u015fbakan Erdo\u011fan konu\u015furken kalabal\u0131\u011f\u0131n i\u00e7inde &#8220;Kahrolsun Tayyip&#8221; diye ba\u011f\u0131rd\u0131\u011f\u0131 \u00f6\u011frenilen bir kad\u0131n partililerin tepkisini g\u00f6rd\u00fc. Polis taraf\u0131ndan \u00f6fkeli kalabal\u0131\u011f\u0131n elinden al\u0131nan kad\u0131n g\u00f6zalt\u0131na al\u0131nd\u0131. Ad\u0131 \u00f6\u011frenilemeyen kad\u0131n, bir ambulansa bindirilerek miting alan\u0131ndan uzakla\u015ft\u0131r\u0131ld\u0131.<\/p>\n<p style=\"text-align: justify;\">Bu arada miting s\u0131ras\u0131nda bir \u00e7at\u0131ya CHP lideri K\u0131l\u0131\u00e7daro\u011flu&#8217;nu ele\u015ftiren bir pankart as\u0131ld\u0131\u011f\u0131, pankart\u0131n polis taraf\u0131ndan an\u0131nda kald\u0131r\u0131ld\u0131\u011f\u0131 \u00f6\u011frenildi. Mitingi izleyenler aras\u0131nda Helin Av\u015far da yer ald\u0131. Bu arada bir mitingte ilk kez fonlu g\u00f6steri d\u00fczenlendi. Bir partili elindeki kartonlar\u0131 kald\u0131rarak kalabal\u0131\u011f\u0131 y\u00f6nlendirdi.<\/p>\n<p style=\"text-align: justify;\"><a href=\"http:\/\/www.cnnturk.com\/2011\/turkiye\/05\/30\/kahrolsun.tayyip.diye.bagiran.kadini.polis.kurtardi\/618399.0\/index.html\" target=\"_blank\">Kaynak : CNN T\u00dcRK<\/a><\/p>\n","protected":false},"excerpt":{"rendered":"<p style=\"text-align: justify;\">\n<p style=\"text-align: justify;\">Ba\u015fbakan Erdo\u011fan konu\u015furken kalabal\u0131\u011f\u0131n i\u00e7inde &#8220;Kahrolsun Tayyip&#8221; diye ba\u011f\u0131rd\u0131\u011f\u0131 \u00f6\u011frenilen bir kad\u0131n partililerin tepkisini g\u00f6rd\u00fc. Polis taraf\u0131ndan \u00f6fkeli kalabal\u0131\u011f\u0131n elinden al\u0131nan kad\u0131n g\u00f6zalt\u0131na al\u0131nd\u0131.<\/p>\n<p style=\"text-align: justify;\">Yeni \u00dcmraniye Meydan\u0131&#8217;nda parti otob\u00fcs\u00fcnden halka seslenen Erdo\u011fan, T\u00fcrkiye&#8217;de 163 bin derslik yapt\u0131klar\u0131n\u0131 belirterek, \u00f6\u011frencilere kitaplar\u0131 \u00fccretsiz verdiklerini anlatt\u0131. <\/p>\n","protected":false},"author":1,"featured_media":0,"comment_status":"open","ping_status":"closed","sticky":false,"template":"","format":"standard","meta":{"footnotes":""},"categories":[105],"tags":[],"class_list":["post-33844","post","type-post","status-publish","format-standard","hentry","category-gundem","odd"],"_links":{"self":[{"href":"http:\/\/www.korhanyilmaz.com\/index.php?rest_route=\/wp\/v2\/posts\/33844","targetHints":{"allow":["GET"]}}],"collection":[{"href":"http:\/\/www.korhanyilmaz.com\/index.php?rest_route=\/wp\/v2\/posts"}],"about":[{"href":"http:\/\/www.korhanyilmaz.com\/index.php?rest_route=\/wp\/v2\/types\/post"}],"author":[{"embeddable":true,"href":"http:\/\/www.korhanyilmaz.com\/index.php?rest_route=\/wp\/v2\/users\/1"}],"replies":[{"embeddable":true,"href":"http:\/\/www.korhanyilmaz.com\/index.php?rest_route=%2Fwp%2Fv2%2Fcomments&post=33844"}],"version-history":[{"count":0,"href":"http:\/\/www.korhanyilmaz.com\/index.php?rest_route=\/wp\/v2\/posts\/33844\/revisions"}],"wp:attachment":[{"href":"http:\/\/www.korhanyilmaz.com\/index.php?rest_route=%2Fwp%2Fv2%2Fmedia&parent=33844"}],"wp:term":[{"taxonomy":"category","embeddable":true,"href":"http:\/\/www.korhanyilmaz.com\/index.php?rest_route=%2Fwp%2Fv2%2Fcategories&post=33844"},{"taxonomy":"post_tag","embeddable":true,"href":"http:\/\/www.korhanyilmaz.com\/index.php?rest_route=%2Fwp%2Fv2%2Ftags&post=33844"}],"curies":[{"name":"wp","href":"https:\/\/api.w.org\/{rel}","templated":true}]}}