{"id":33836,"date":"2011-05-30T15:10:44","date_gmt":"2011-05-30T12:10:44","guid":{"rendered":"http:\/\/www.korhanyilmaz.com\/?p=33836"},"modified":"2011-05-30T15:10:44","modified_gmt":"2011-05-30T12:10:44","slug":"akpli-kilici-kizdiran-kayinpeder-sorusu","status":"publish","type":"post","link":"http:\/\/www.korhanyilmaz.com\/?p=33836","title":{"rendered":"AKP&#8217;li K\u0131l\u0131\u00e7&#8217;\u0131 k\u0131zd\u0131ran kay\u0131npeder sorusu"},"content":{"rendered":"<p style=\"text-align: justify;\"><a href=\"http:\/\/www.korhanyilmaz.com\/wp-content\/uploads\/2011\/05\/424.jpg\"  class=\"lightview\"><img loading=\"lazy\" decoding=\"async\" class=\"aligncenter size-full wp-image-33837\" src=\"http:\/\/www.korhanyilmaz.com\/wp-content\/uploads\/2011\/05\/424.jpg\" alt=\"\" width=\"360\" height=\"180\" \/><\/a><\/p>\n<p style=\"text-align: justify;\">TRT Haber&#8217;de yay\u0131mlanan Ak\u0131lda Kalan program\u0131na kat\u0131lan AK Partili Suat K\u0131l\u0131\u00e7, \u00e7ok e\u015fli olan kay\u0131npederi hakk\u0131ndaki soruya fena k\u0131zd\u0131.<\/p>\n<p style=\"text-align: justify;\">Gazeteci yazar Nuriye Akman&#8217;\u0131n d\u00fcn ak\u015fam Ak\u0131lda Kalan&#8217;daki konu\u011fu Ak Parti Grup Ba\u015fkan vekili Suat K\u0131l\u0131\u00e7&#8217;t\u0131. Nuriye Akman, programda &#8220;\u00c7ok e\u015flilik yasal olsun&#8221; diyerek g\u00fcndeme gelen aile dan\u0131\u015fman\u0131 Sibel \u00dcresin&#8217;in ve Suat K\u0131l\u0131\u00e7&#8217;\u0131n kay\u0131npederi Ali Y\u00fcksel&#8217;in \u00e7ok e\u015flili\u011fe bak\u0131\u015f\u0131 konular\u0131na de\u011finince gergin anlar ya\u015fand\u0131. <!--more--><\/p>\n<p style=\"text-align: justify;\">Suat K\u0131l\u0131\u00e7, kay\u0131npederi Ali Y\u00fcksel&#8217;in \u00e7ok e\u015flili\u011fi hakk\u0131ndaki sorulara cevap vermek istemedi. Nuriye Akman&#8217;\u0131n &#8220;Kay\u0131npederinizin \u00fc\u00e7 e\u015flili\u011fi epey bir medyada yaz\u0131ld\u0131, \u00e7izildi. E\u015finiz ka\u00e7\u0131nc\u0131 e\u015finin \u00e7ocu\u011fu, bir mi, iki mi, \u00fc\u00e7 m\u00fc?&#8221; sorusunun ard\u0131ndan konuyu kapatmak istedi\u011fini belirten K\u0131l\u0131\u00e7, &#8220;Kay\u0131nvalidem 2005 y\u0131l\u0131nda rahmetli oldu ve kay\u0131npederimin ilk e\u015fi. Kay\u0131npederimin o y\u00f6n\u00fcyle, \u00f6zel hayat\u0131yla alakal\u0131, herhangi bir yerinde yokuz. Kay\u0131npederimin e\u015fi olarak sadece kendi kay\u0131nvalidemi tan\u0131d\u0131m. Onun \u00f6tesinde hi\u00e7 kimseyi tan\u0131mad\u0131m. Bir e\u015fim var, bir de kay\u0131nbiraderim var&#8221; dedi.<\/p>\n<p style=\"text-align: justify;\"><strong>\u00dcRES\u0130N&#8217;E TEPK\u0130 <\/strong><\/p>\n<p style=\"text-align: justify;\">Nuriye Akman, programda K\u0131l\u0131\u00e7&#8217;a Sibel \u00dcresin&#8217;in d\u00fc\u015f\u00fcncelerine kat\u0131l\u0131p kat\u0131lmad\u0131\u011f\u0131n\u0131 da sordu. Dini olarak caiz g\u00f6r\u00fcnenle, hukuki olarak me\u015fru g\u00f6r\u00fcneni kar\u015f\u0131 kar\u015f\u0131ya getirmemeye \u00f6zen g\u00f6sterilmesi gerekti\u011fini belirten K\u0131l\u0131\u00e7, &#8220;O han\u0131mefendi kimdir bilmiyorum. Ger\u00e7ekten aile dan\u0131\u015fman\u0131 m\u0131d\u0131r? Bir belediyede ailelere aile dan\u0131\u015fmanl\u0131\u011f\u0131 hizmeti vermekte midir bilmiyorum. Ama e\u011fer vermekte ise bile do\u011fru bir y\u00f6nlendirme de\u011fil&#8221; dedi. K\u0131l\u0131\u00e7, \u00dcresin&#8217;in yakla\u015f\u0131mlar\u0131n\u0131 Ak Parti&#8217;nin talebi gibi g\u00fcndeme getirilmesinden de rahats\u0131z oldu\u011funu s\u00f6yledi.<\/p>\n<p style=\"text-align: justify;\">Programda \u00e7ok e\u015flilik konusundaki d\u00fc\u015f\u00fcncelerini a\u00e7\u0131klayan K\u0131l\u0131\u00e7, \u015funlar\u0131 s\u00f6yledi: &#8220;\u00c7ok e\u015flili\u011fin emir olmad\u0131\u011f\u0131n\u0131 bir kere iyi niyetli olan herkes biliyor. B\u00f6yle bir emir, b\u00f6yle bir din talimat\u0131, \u00e7ok e\u015f alan\u0131n \u00e7ok sevap kazanaca\u011f\u0131 gibi bir \u015fey zaten s\u00f6z konusu de\u011fil. Bug\u00fcn dinimiz a\u00e7\u0131s\u0131ndan emri b\u0131rak\u0131n, b\u00f6yle bir gereklilik de s\u00f6z konusu de\u011fil. E\u015fler a\u00e7\u0131s\u0131ndaki huzur a\u00e7\u0131s\u0131ndan da, aile i\u00e7indeki saadet a\u00e7\u0131s\u0131ndan da, aile i\u00e7indeki adaletin tesisi a\u00e7\u0131s\u0131ndan da, \u00e7ocuklar\u0131n huzuru ve sosyolojik yap\u0131n\u0131n korunmas\u0131 a\u00e7\u0131s\u0131nda da dinimizin tavsiyesinin tek e\u015flilik oldu\u011funu biliyorum.&#8221;<\/p>\n<p style=\"text-align: justify;\"><strong>REYT\u0130NG YAPACAKSINIZ D\u0130YE&#8230; <\/strong><\/p>\n<p style=\"text-align: justify;\">Akman&#8217;\u0131n program\u0131n sonlar\u0131na do\u011fru \u00e7ok e\u015flilik konusuna yeniden yakla\u015fmak istemesi \u00fczerine programda gergin anlar ya\u015fand\u0131. \u00c7ok e\u015flilik konusunu tart\u0131\u015fmaya bile gerek duymad\u0131\u011f\u0131n\u0131 vurgulayan K\u0131l\u0131\u00e7, &#8220;Nuriye Han\u0131m bak\u0131n, \u00e7ok reyting yapacaks\u0131n\u0131z diye bu kadar \u00f6zele inmenizi do\u011fru bulmuyorum&#8221; diyerek sorulara cevap vermekten ka\u00e7\u0131nd\u0131. Bunun \u00fczerine Akman, &#8220;Bu konuda bu kadar hassas oldu\u011funuzu bilmiyordum. Ama o kadar \u00e7ok konu\u015fulan ve rahat rahat b\u00fct\u00fcn boyutlar\u0131yla konu\u015fulan bir konu ki burada bir tepki alaca\u011f\u0131m\u0131 sizden a\u00e7\u0131k\u00e7as\u0131 beklemiyordum&#8221; diyerek konuyu kapatt\u0131.<\/p>\n<p style=\"text-align: justify;\"><a href=\"http:\/\/haber.gazetevatan.com\/akpli-kilici-kizdiran-kayinpeder-sorusu\/380643\/1\/Gundem\" target=\"_blank\">Kaynak : VATAN Gazetesi<\/a><\/p>\n","protected":false},"excerpt":{"rendered":"<p style=\"text-align: justify;\">\n<p style=\"text-align: justify;\">TRT Haber&#8217;de yay\u0131mlanan Ak\u0131lda Kalan program\u0131na kat\u0131lan AK Partili Suat K\u0131l\u0131\u00e7, \u00e7ok e\u015fli olan kay\u0131npederi hakk\u0131ndaki soruya fena k\u0131zd\u0131.<\/p>\n<p style=\"text-align: justify;\">Gazeteci yazar Nuriye Akman&#8217;\u0131n d\u00fcn ak\u015fam Ak\u0131lda Kalan&#8217;daki konu\u011fu Ak Parti Grup Ba\u015fkan vekili Suat K\u0131l\u0131\u00e7&#8217;t\u0131. Nuriye Akman, programda &#8220;\u00c7ok e\u015flilik yasal olsun&#8221; diyerek g\u00fcndeme gelen aile dan\u0131\u015fman\u0131 Sibel <\/p>\n","protected":false},"author":1,"featured_media":0,"comment_status":"open","ping_status":"closed","sticky":false,"template":"","format":"standard","meta":{"footnotes":""},"categories":[105],"tags":[],"class_list":["post-33836","post","type-post","status-publish","format-standard","hentry","category-gundem","odd"],"_links":{"self":[{"href":"http:\/\/www.korhanyilmaz.com\/index.php?rest_route=\/wp\/v2\/posts\/33836","targetHints":{"allow":["GET"]}}],"collection":[{"href":"http:\/\/www.korhanyilmaz.com\/index.php?rest_route=\/wp\/v2\/posts"}],"about":[{"href":"http:\/\/www.korhanyilmaz.com\/index.php?rest_route=\/wp\/v2\/types\/post"}],"author":[{"embeddable":true,"href":"http:\/\/www.korhanyilmaz.com\/index.php?rest_route=\/wp\/v2\/users\/1"}],"replies":[{"embeddable":true,"href":"http:\/\/www.korhanyilmaz.com\/index.php?rest_route=%2Fwp%2Fv2%2Fcomments&post=33836"}],"version-history":[{"count":0,"href":"http:\/\/www.korhanyilmaz.com\/index.php?rest_route=\/wp\/v2\/posts\/33836\/revisions"}],"wp:attachment":[{"href":"http:\/\/www.korhanyilmaz.com\/index.php?rest_route=%2Fwp%2Fv2%2Fmedia&parent=33836"}],"wp:term":[{"taxonomy":"category","embeddable":true,"href":"http:\/\/www.korhanyilmaz.com\/index.php?rest_route=%2Fwp%2Fv2%2Fcategories&post=33836"},{"taxonomy":"post_tag","embeddable":true,"href":"http:\/\/www.korhanyilmaz.com\/index.php?rest_route=%2Fwp%2Fv2%2Ftags&post=33836"}],"curies":[{"name":"wp","href":"https:\/\/api.w.org\/{rel}","templated":true}]}}