{"id":33832,"date":"2011-05-30T22:57:08","date_gmt":"2011-05-30T19:57:08","guid":{"rendered":"http:\/\/www.korhanyilmaz.com\/?p=33832"},"modified":"2011-05-30T22:57:08","modified_gmt":"2011-05-30T19:57:08","slug":"org-bilgin-balanli-tutuklandi","status":"publish","type":"post","link":"http:\/\/www.korhanyilmaz.com\/?p=33832","title":{"rendered":"Org. Bilgin Balanl\u0131 tutukland\u0131"},"content":{"rendered":"<p style=\"text-align: center;\"><a href=\"http:\/\/www.korhanyilmaz.com\/wp-content\/uploads\/2011\/05\/423.jpg\"  class=\"lightview\"><img loading=\"lazy\" decoding=\"async\" class=\"aligncenter size-full wp-image-33833\" src=\"http:\/\/www.korhanyilmaz.com\/wp-content\/uploads\/2011\/05\/423.jpg\" alt=\"\" width=\"307\" height=\"236\" \/><\/a><\/p>\n<p style=\"text-align: justify;\">Eski\u015fehir&#8217;de ele ge\u00e7irildi\u011fi \u00f6ne s\u00fcr\u00fclen ve &#8220;Balyoz Darbe Plan\u0131&#8221; iddialar\u0131n\u0131n bir b\u00f6l\u00fcm\u00fcn\u00fc i\u00e7erdi\u011fi belirtilen belgelerle ilgili y\u00fcr\u00fct\u00fclen soru\u015fturma kapsam\u0131nda Harp Akademileri Komutan\u0131 Orgeneral Bilgin Balanl\u0131 tutukland\u0131. Org. Balanl\u0131, tutuklanan en y\u00fcksek r\u00fctbeli muvazzaf subay oldu.<!--more--><\/p>\n<p style=\"text-align: justify;\">&#8220;Balyoz Plan\u0131&#8221; soru\u015fturmas\u0131 kapsam\u0131nda sevk edildi\u011fi n\u00f6bet\u00e7i mahkemece sorgulanan Orgeneral Bilgin Balanl\u0131, tutuklanarak, i\u015flemleri yap\u0131lmak \u00fczere \u0130stanbul Merkez Komutanl\u0131\u011f\u0131na g\u00f6t\u00fcr\u00fcld\u00fc.<\/p>\n<p style=\"text-align: justify;\">\u0130stanbul Merkez Komutanl\u0131\u011f\u0131na ba\u011fl\u0131 sivil plakal\u0131 ara\u00e7larla Be\u015fikta\u015f&#8217;taki \u0130stanbul Adliyesi&#8217;ne getirilen ve soru\u015fturma savc\u0131s\u0131 H\u00fcseyin Ayar taraf\u0131ndan, tutuklanma istemiyle \u0130stanbul N\u00f6bet\u00e7i 14. A\u011f\u0131r Ceza Mahkemesi&#8217;ne sevk edilen Orgeneral Balanl\u0131&#8217;n\u0131n sorgusu sona erdi.<\/p>\n<p style=\"text-align: justify;\">Balanl\u0131, yakla\u015f\u0131k 3 saat s\u00fcren mahkeme sorgusunun ard\u0131ndan tutukland\u0131.<\/p>\n<p style=\"text-align: justify;\">Balanl\u0131, Be\u015fikta\u015f&#8217;taki \u0130stanbul Adliyesi&#8217;nde al\u0131nan yo\u011fun g\u00fcvenlik \u00f6nlemlerinin ard\u0131ndan \u0130stanbul Merkez Komutanl\u0131\u011f\u0131na g\u00f6t\u00fcr\u00fcld\u00fc. Balanl\u0131&#8217;n\u0131n i\u015flemlerinin bitmesinden sonra, muvazzaf askerlerin yatt\u0131\u011f\u0131 Hasdal Cezaevi&#8217;ne g\u00f6t\u00fcr\u00fcld\u00fc.<\/p>\n<p style=\"text-align: justify;\"><strong>Tutuklanan en y\u00fcksek r\u00fctbeli subay <\/strong><\/p>\n<p style=\"text-align: justify;\">Sabah saatlerinde sivil plakal\u0131 iki askeri ara\u00e7 ve korumalarla Be\u015fikta\u015f&#8217;taki \u0130stanbul Adliyesi&#8217;ne getirilen Harp Akademileri Komutan\u0131 Orgeneral Bilgin Balanl\u0131&#8217;ya, \u0130stanbul Merkez Komutan\u0131 Tu\u011fgeneral Muhittin Ke\u00e7eci&#8217;nin e\u015flik etti\u011fi g\u00f6r\u00fcld\u00fc.<\/p>\n<p style=\"text-align: justify;\">Balanl\u0131&#8217;n\u0131n \u0130stanbul Cumhuriyet Savc\u0131s\u0131 H\u00fcseyin Ayar taraf\u0131ndan saat 10.00 sular\u0131nda ba\u015flayan sorgusu, \u00f6\u011fleden sonra saat 13.15 sular\u0131nda sona erdi.<\/p>\n<p style=\"text-align: justify;\">Sorgulaman\u0131n bitmesinin ard\u0131ndan korumalar\u0131 ve kendisine e\u015flik eden Tu\u011fgeneral Ke\u00e7eci ile birlikte adliyenin yemekhanesinin bulundu\u011fu b\u00f6l\u00fcme ge\u00e7en Balanl\u0131&#8217;y\u0131 g\u00f6ren bas\u0131n mensuplar\u0131, sivil plakal\u0131 ara\u00e7lar\u0131n da \u00e7al\u0131\u015ft\u0131r\u0131lmas\u0131 ve yemekhane kap\u0131s\u0131na do\u011fru yana\u015ft\u0131r\u0131lmas\u0131 \u00fczerine &#8220;Balanl\u0131&#8217;n\u0131n serbest b\u0131rak\u0131ld\u0131\u011f\u0131na dair&#8221; haberler ge\u00e7ti.<\/p>\n<p style=\"text-align: justify;\">Fakat bir s\u00fcre sonra Balanl\u0131&#8217;n\u0131n serbest b\u0131rak\u0131lmad\u0131\u011f\u0131, tutuklanmas\u0131 istemiyle \u0130stanbul N\u00f6bet\u00e7i 14. A\u011f\u0131r Ceza Mahkemesi&#8217;ne sevk edildi\u011fi \u00f6\u011frenildi.<\/p>\n<p style=\"text-align: justify;\">N\u00f6bet\u00e7i hakim Resul \u00c7ak\u0131r&#8217;\u0131n yakla\u015f\u0131k 4 saat s\u00fcresince dosyay\u0131 incelemesinin ard\u0131ndan sorguya ald\u0131\u011f\u0131 Balanl\u0131, 2 saat s\u00fcren sorgusunun ard\u0131ndan ak\u015fam saat 19.15&#8217;de tutukland\u0131.<\/p>\n<p style=\"text-align: justify;\">Adliye kap\u0131s\u0131nda bekleyen bas\u0131n mensuplar\u0131n\u0131n yo\u011fun ilgisi nedeniyle Balanl\u0131&#8217;n\u0131n araca bindirilerek \u00e7\u0131k\u0131\u015f yapaca\u011f\u0131 g\u00fczergahta, \u00e7evik kuvvet ekiplerince g\u00fcvenlik \u00f6nlemi al\u0131nd\u0131. G\u00f6r\u00fcnt\u00fc al\u0131nmamas\u0131 i\u00e7in ara\u00e7lar\u0131n kap\u0131ya iyice yana\u015ft\u0131r\u0131ld\u0131\u011f\u0131 s\u0131rada adliyeden \u00e7\u0131kar\u0131lan Balanl\u0131, bas\u0131n mensuplar\u0131n\u0131n sorular\u0131n\u0131 yan\u0131ts\u0131z b\u0131rakt\u0131.<\/p>\n<p style=\"text-align: justify;\">Balanl\u0131 ile birlikte sorgulara kat\u0131lan avukat\u0131 \u015eeref Dede, tutuklanma karar\u0131yla ilgili itirazda bulunacaklar\u0131n\u0131 ifade etti.<\/p>\n<p style=\"text-align: justify;\">Eski\u015fehir&#8217;deki evinde yap\u0131lan aramada ele ge\u00e7irilen belgelere ili\u015fkin y\u00fcr\u00fct\u00fclen soru\u015fturma kapsam\u0131nda daha \u00f6nce adliyeye getirilen emekli Albay Hakan B\u00fcy\u00fck 29 Nisan&#8217;da, Deniz Kuvvetleri Komutanl\u0131\u011f\u0131nda g\u00f6revli iki albay ve bir binba\u015f\u0131 12 May\u0131s&#8217;ta, Hava Kuvvetleri Komutanl\u0131\u011f\u0131nda g\u00f6revli Hakim Albay B\u00fclent G\u00fcncal ile Kurmay Albay Mehmet Erkorkmaz da 20 May\u0131s&#8217;ta tutuklanm\u0131\u015ft\u0131.<\/p>\n<p style=\"text-align: justify;\">Bug\u00fcn tutuklanan Orgeneral Balanl\u0131 ile birlikte soru\u015fturma kapsam\u0131nda biri emekli toplam 7 subay tutuklanm\u0131\u015f oldu.<\/p>\n<p style=\"text-align: justify;\">Be\u015fikta\u015f&#8217;taki \u0130stanbul Adliyesi&#8217;nde bulunan \u00d6zel Yetkili Cumhuriyet Ba\u015fsavc\u0131vekilli\u011fince y\u00fcr\u00fct\u00fclen &#8220;Ergenekon&#8221; ve &#8220;Balyoz Plan\u0131&#8221; gibi soru\u015fturmalar kapsam\u0131nda bug\u00fcne kadar tutuklanan en y\u00fcksek r\u00fctbeli subay\u0131n, Harp Akademileri Komutan\u0131 Bilgin Balanl\u0131 oldu\u011fu kaydedildi.<\/p>\n<p style=\"text-align: justify;\"><strong>Erdo\u011fan sessiz kald\u0131 <\/strong><\/p>\n<p style=\"text-align: justify;\">Konuyla ilgili sorular\u0131 yan\u0131tlamayan Ba\u015fbakan Erdo\u011fan, &#8220;\u015eu an konu yarg\u0131da. Bir \u015fey s\u00f6yleyemem&#8221; dedi.<\/p>\n<p style=\"text-align: justify;\"><a href=\"http:\/\/www.cnnturk.com\/2011\/turkiye\/05\/30\/org.bilgin.balanli.tutuklandi\/618341.0\/index.html\" target=\"_blank\">Kaynak : CNN T\u00dcRK<\/a><\/p>\n","protected":false},"excerpt":{"rendered":"<p style=\"text-align: center;\">\n<p style=\"text-align: justify;\">Eski\u015fehir&#8217;de ele ge\u00e7irildi\u011fi \u00f6ne s\u00fcr\u00fclen ve &#8220;Balyoz Darbe Plan\u0131&#8221; iddialar\u0131n\u0131n bir b\u00f6l\u00fcm\u00fcn\u00fc i\u00e7erdi\u011fi belirtilen belgelerle ilgili y\u00fcr\u00fct\u00fclen soru\u015fturma kapsam\u0131nda Harp Akademileri Komutan\u0131 Orgeneral Bilgin Balanl\u0131 tutukland\u0131. Org. Balanl\u0131, tutuklanan en y\u00fcksek r\u00fctbeli muvazzaf subay oldu.<\/p>\n","protected":false},"author":1,"featured_media":0,"comment_status":"open","ping_status":"closed","sticky":false,"template":"","format":"standard","meta":{"footnotes":""},"categories":[105],"tags":[],"class_list":["post-33832","post","type-post","status-publish","format-standard","hentry","category-gundem","odd"],"_links":{"self":[{"href":"http:\/\/www.korhanyilmaz.com\/index.php?rest_route=\/wp\/v2\/posts\/33832","targetHints":{"allow":["GET"]}}],"collection":[{"href":"http:\/\/www.korhanyilmaz.com\/index.php?rest_route=\/wp\/v2\/posts"}],"about":[{"href":"http:\/\/www.korhanyilmaz.com\/index.php?rest_route=\/wp\/v2\/types\/post"}],"author":[{"embeddable":true,"href":"http:\/\/www.korhanyilmaz.com\/index.php?rest_route=\/wp\/v2\/users\/1"}],"replies":[{"embeddable":true,"href":"http:\/\/www.korhanyilmaz.com\/index.php?rest_route=%2Fwp%2Fv2%2Fcomments&post=33832"}],"version-history":[{"count":0,"href":"http:\/\/www.korhanyilmaz.com\/index.php?rest_route=\/wp\/v2\/posts\/33832\/revisions"}],"wp:attachment":[{"href":"http:\/\/www.korhanyilmaz.com\/index.php?rest_route=%2Fwp%2Fv2%2Fmedia&parent=33832"}],"wp:term":[{"taxonomy":"category","embeddable":true,"href":"http:\/\/www.korhanyilmaz.com\/index.php?rest_route=%2Fwp%2Fv2%2Fcategories&post=33832"},{"taxonomy":"post_tag","embeddable":true,"href":"http:\/\/www.korhanyilmaz.com\/index.php?rest_route=%2Fwp%2Fv2%2Ftags&post=33832"}],"curies":[{"name":"wp","href":"https:\/\/api.w.org\/{rel}","templated":true}]}}