{"id":33828,"date":"2011-05-30T11:15:36","date_gmt":"2011-05-30T08:15:36","guid":{"rendered":"http:\/\/www.korhanyilmaz.com\/?p=33828"},"modified":"2011-05-30T11:15:36","modified_gmt":"2011-05-30T08:15:36","slug":"ankara-kulislerinde-konusulan-sok-chp-iddiasi","status":"publish","type":"post","link":"http:\/\/www.korhanyilmaz.com\/?p=33828","title":{"rendered":"Ankara kulislerinde konu\u015fulan \u015fok CHP iddias\u0131"},"content":{"rendered":"<p style=\"text-align: justify;\"><a href=\"http:\/\/www.korhanyilmaz.com\/wp-content\/uploads\/2011\/05\/422.jpg\"  class=\"lightview\"><img loading=\"lazy\" decoding=\"async\" class=\"aligncenter size-full wp-image-33829\" src=\"http:\/\/www.korhanyilmaz.com\/wp-content\/uploads\/2011\/05\/422.jpg\" alt=\"\" width=\"300\" height=\"200\" \/><\/a><\/p>\n<p style=\"text-align: justify;\">Ankara kulislerinde uzun s\u00fcredir konu\u015fulan bir iddia son zamanlarda yo\u011funluk kazand\u0131. Dilden dile gezen iddiay\u0131 H\u00fcrriyet Gazetesi yazar\u0131 \u015e\u00fckr\u00fc K\u00fc\u00e7\u00fck\u015fahin yazd\u0131&#8230;<\/p>\n<p style=\"text-align: justify;\">\u0130\u015fte o yaz\u0131.<\/p>\n<p style=\"text-align: justify;\">Se\u00e7im \u00f6ncesi G\u00fcrsel Tekin&#8217;i mahkum etmeye haz\u0131rlan\u0131yorlar B\u0130R sonraki pazar g\u00fcn\u00fc sand\u0131k ba\u015f\u0131nda olaca\u011f\u0131z, partiler son virajda b\u00fct\u00fcn silahlar\u0131n\u0131 ate\u015flemeye, her kozu kullanmaya haz\u0131r bekliyor. <!--more--><\/p>\n<p style=\"text-align: justify;\">Se\u00e7im karar\u0131 al\u0131nd\u0131ktan sonra kaleme ald\u0131\u011f\u0131m yaz\u0131larda, siyaset ile asker aras\u0131nda do\u011fabilecek tart\u0131\u015fmalar\u0131n s\u00fcrece etki edebilece\u011fini belirttim. Bu \u00e7er\u00e7evede son 2-3 ayda, zaman zaman siyasilerin askerlere y\u00f6nelik baz\u0131 s\u00f6ylemlerinin tansiyonu y\u00fckseltici sonu yaratabilece\u011fi beklentisi do\u011fdu. Baz\u0131 medyada organlar\u0131nda askeri rahats\u0131z edecek haberler de \u00e7\u0131kmad\u0131 de\u011fil.<\/p>\n<p style=\"text-align: justify;\">Asker, bu haber ve s\u00f6zlere, do\u011frusunu yap\u0131p, eski tarz bildirilerle kar\u015f\u0131l\u0131k vermeyip suskun kal\u0131nca se\u00e7im s\u00fcreci b\u00f6ylesi gerginliklerden ar\u0131nma yoluna girdi. Tam bu s\u0131rada, se\u00e7ime 15 g\u00fcn kala \u00e7ok say\u0131da general savc\u0131l\u0131\u011fa \u00e7a\u011fr\u0131ld\u0131. Asker buna da tatbikat kamuflajl\u0131 sessiz bir kar\u015f\u0131l\u0131k vermekle yetindi; hukukun gere\u011fi yerine getirildi, b\u00f6ylece se\u00e7ime do\u011fru \u00e7\u0131kabilecek son tats\u0131z tart\u0131\u015fman\u0131n, tansiyon y\u00fckselmesinin zemini de ortadan kald\u0131r\u0131ld\u0131. B\u0130R YARGI KARARI \u00c7IKAR K\u0130 Ba\u015fbakan Tayyip Erdo\u011fan da \u00f6nceki g\u00fcn, \u201cAsker art\u0131k eski asker de\u011fil. Sivil de asker de konumunu biliyor\u201d s\u00f6zleriyle \u2018tansiyon\u2019 yollar\u0131n\u0131 kapatt\u0131. Daha 13 g\u00fcn var; ama g\u00f6r\u00fcnen o ki TSK\u2019n\u0131n yeni y\u00f6netimi, hele hele se\u00e7im \u00f6ncesi ortam\u0131 gerecek herhangi bir a\u00e7\u0131klama falan yapmayacak. Do\u011frusu Ergenekon, Balyoz davalar\u0131n\u0131n da eski primi yapmad\u0131\u011f\u0131 anla\u015f\u0131l\u0131yor. B\u00fct\u00fcn bunlara kar\u015f\u0131n, iktidar\u0131n elinde h\u00e2l\u00e2 kullanaca\u011f\u0131 \u00e7ok koz olabilece\u011fini; \u015fapkadan \u00e7\u0131karacak yeni \u015feyler bulabilece\u011fini d\u00fc\u015f\u00fcnmek son derece do\u011fal. \u00d6rne\u011fin; CHP\u2019nin iki numaras\u0131 G\u00fcrsel Tekin\u2019in, Kad\u0131k\u00f6y Belediye Ba\u015fkan Yard\u0131mc\u0131s\u0131 olarak bir binaya ge\u00e7ersiz ruhsat verdi\u011fi iddias\u0131yla, yerel mahkemenin h\u00fckmetti\u011fi 2.5 y\u0131ll\u0131k mahkumiyet karar\u0131 Yarg\u0131tay g\u00fcndeminde. \u0130ktidar\u0131 destekleyen medyan\u0131n bu karar\u0131n 12 Haziran\u2019a kadar verilmesi i\u00e7in yo\u011fun bir etkileme \u00e7abas\u0131 i\u00e7inde oldu\u011fu g\u00f6r\u00fcl\u00fcyor. \u0130lgili dairede bug\u00fcn ba\u015fkan de\u011fi\u015fikli\u011fi olacak ve dairenin dosyay\u0131 g\u00f6r\u00fc\u015fmesinin \u00f6n\u00fcnde hi\u00e7bir engel yok. Mahkumiyetin onaylanmas\u0131 halinde Tekin\u2019in milletvekili olma \u015fans\u0131 ortadan kalkaca\u011f\u0131 gibi CHP, yerine yeni isim de \u00f6neremeyecek. SAVCI TEBL\u0130\u011eNAMES\u0130N\u0130 YAZDI D\u00fc\u015f\u00fcn\u00fcn; se\u00e7ime iki g\u00fcn kala, yolsuzluk vurgusu ile se\u00e7im s\u00fcrecini ge\u00e7iren CHP\u2019nin iki numaras\u0131 g\u00f6revi k\u00f6t\u00fcye kullanmaktan mahk\u00fbm oluyor! Tabii burada \u015f\u00f6ylesine k\u00fc\u00e7\u00fck(!) bir sorun da yok de\u011fil.<\/p>\n<p style=\"text-align: justify;\">Yarg\u0131tay Cumhuriyet Savc\u0131s\u0131, dosya ile ilgili tebli\u011fnamesini verdi. Savc\u0131ya g\u00f6re, eksik soru\u015fturma gere\u011fi Tekin lehine bozma karar\u0131 gerekiyor. Savc\u0131n\u0131n bu karar\u0131 mahkeme i\u00e7in kesinlik anlam\u0131na gelmiyor; ancak y\u00fczde 90 oran\u0131nda savc\u0131l\u0131k tebli\u011fnamelerine uyuldu\u011funu s\u00f6ylemeliyim. Yine de ne olur ne olmaz; bekleyelim bakal\u0131m hangi g\u00fcn, ne karar \u00e7\u0131kacak? Y\u00fczde 50 oy oranlar\u0131n\u0131n dile getirildi\u011fi bir s\u00fcre\u00e7te, iktidar partisinin bu t\u00fcr kozlara ihtiyac\u0131 yok denebilir, yarg\u0131n\u0131n ba\u011f\u0131ms\u0131z oldu\u011fu da s\u00f6ylenebilir.<\/p>\n<p style=\"text-align: justify;\">Ancak Ankara kulislerinde bu konu s\u0131k s\u0131k dile getiriliyorsa d\u00fc\u015f\u00fcnmek gerek. \u00c7\u00fcnk\u00fc, iktidar garanti g\u00f6r\u00fcld\u00fc\u011f\u00fc halde, devletin valisi, kaymakam\u0131, emniyet m\u00fcd\u00fcr\u00fc AKP adaylar\u0131 ile birlikte ortal\u0131kta dola\u015f\u0131r; bas\u0131n toplant\u0131lar\u0131na kat\u0131l\u0131r, okul a\u00e7\u0131l\u0131\u015flar\u0131nda poz verir, hediye da\u011f\u0131t\u0131m\u0131na tan\u0131kl\u0131k etmeye kalk\u0131\u015f\u0131rsa, \u2018neden\u2019 diye sorulmas\u0131, ak\u0131llara \u015f\u00fcphe d\u00fc\u015fmesi engellenemez. Son nokta; TUS\u0130AD\u2019la \u00e7at\u0131\u015fma prim yapt\u0131\u011f\u0131 d\u00fc\u015f\u00fcncesiyle bu se\u00e7imde de bir tekrar ya\u015fanmak istenir gibi oldu; ancak tart\u0131\u015fman\u0131n boyutu, kullan\u0131lan s\u00f6zc\u00fckler \u00f6yle rahats\u0131zl\u0131k yaratt\u0131 ki, sanki orada da sessizli\u011fe ge\u00e7ilecek.<\/p>\n<p style=\"text-align: justify;\"><a href=\"http:\/\/siyaset.milliyet.com.tr\/ankara-kulislerinde-konusulan-sok-chp-iddiasi\/siyaset\/siyasetdetay\/30.05.2011\/1396459\/default.htm\" target=\"_blank\">Kaynak : Milliyet<\/a><\/p>\n","protected":false},"excerpt":{"rendered":"<p style=\"text-align: justify;\">\n<p style=\"text-align: justify;\">Ankara kulislerinde uzun s\u00fcredir konu\u015fulan bir iddia son zamanlarda yo\u011funluk kazand\u0131. Dilden dile gezen iddiay\u0131 H\u00fcrriyet Gazetesi yazar\u0131 \u015e\u00fckr\u00fc K\u00fc\u00e7\u00fck\u015fahin yazd\u0131&#8230;<\/p>\n<p style=\"text-align: justify;\">\u0130\u015fte o yaz\u0131.<\/p>\n<p style=\"text-align: justify;\">Se\u00e7im \u00f6ncesi G\u00fcrsel Tekin&#8217;i mahkum etmeye haz\u0131rlan\u0131yorlar B\u0130R sonraki pazar g\u00fcn\u00fc sand\u0131k ba\u015f\u0131nda olaca\u011f\u0131z, partiler son virajda b\u00fct\u00fcn silahlar\u0131n\u0131 ate\u015flemeye, her kozu <\/p>\n","protected":false},"author":1,"featured_media":0,"comment_status":"open","ping_status":"closed","sticky":false,"template":"","format":"standard","meta":{"footnotes":""},"categories":[105],"tags":[],"class_list":["post-33828","post","type-post","status-publish","format-standard","hentry","category-gundem","odd"],"_links":{"self":[{"href":"http:\/\/www.korhanyilmaz.com\/index.php?rest_route=\/wp\/v2\/posts\/33828","targetHints":{"allow":["GET"]}}],"collection":[{"href":"http:\/\/www.korhanyilmaz.com\/index.php?rest_route=\/wp\/v2\/posts"}],"about":[{"href":"http:\/\/www.korhanyilmaz.com\/index.php?rest_route=\/wp\/v2\/types\/post"}],"author":[{"embeddable":true,"href":"http:\/\/www.korhanyilmaz.com\/index.php?rest_route=\/wp\/v2\/users\/1"}],"replies":[{"embeddable":true,"href":"http:\/\/www.korhanyilmaz.com\/index.php?rest_route=%2Fwp%2Fv2%2Fcomments&post=33828"}],"version-history":[{"count":0,"href":"http:\/\/www.korhanyilmaz.com\/index.php?rest_route=\/wp\/v2\/posts\/33828\/revisions"}],"wp:attachment":[{"href":"http:\/\/www.korhanyilmaz.com\/index.php?rest_route=%2Fwp%2Fv2%2Fmedia&parent=33828"}],"wp:term":[{"taxonomy":"category","embeddable":true,"href":"http:\/\/www.korhanyilmaz.com\/index.php?rest_route=%2Fwp%2Fv2%2Fcategories&post=33828"},{"taxonomy":"post_tag","embeddable":true,"href":"http:\/\/www.korhanyilmaz.com\/index.php?rest_route=%2Fwp%2Fv2%2Ftags&post=33828"}],"curies":[{"name":"wp","href":"https:\/\/api.w.org\/{rel}","templated":true}]}}