{"id":3381,"date":"2009-02-20T19:57:34","date_gmt":"2009-02-20T17:57:34","guid":{"rendered":"http:\/\/www.korhanyilmaz.com\/?p=3381"},"modified":"2009-02-20T19:57:34","modified_gmt":"2009-02-20T17:57:34","slug":"biz-kilicdaroglu-gibi-50-tanesini-siraya-dizeriz","status":"publish","type":"post","link":"http:\/\/www.korhanyilmaz.com\/?p=3381","title":{"rendered":"&#039;Biz K\u0131l\u0131\u00e7daro\u011flu gibi 50 tanesini s\u0131raya dizeriz&#8230;&#039;"},"content":{"rendered":"<p style=\"text-align: center;\"><img loading=\"lazy\" decoding=\"async\" class=\"aligncenter size-full wp-image-3382\" title=\"'Biz K\u0131l\u0131\u00e7daro\u011flu gibi 50 tanesini s\u0131raya dizeriz...' \" src=\"http:\/\/www.korhanyilmaz.com\/wp-content\/uploads\/2009\/02\/200220091958019496626.jpg\" alt=\"'Biz K\u0131l\u0131\u00e7daro\u011flu gibi 50 tanesini s\u0131raya dizeriz...' \" width=\"376\" height=\"240\" \/><\/p>\n<p style=\"text-align: justify;\"><strong>K\u0131l\u0131\u00e7daro\u011flu&#8217;nun &#8216;belediye bilan\u00e7olar\u0131n\u0131 a\u00e7\u0131kla&#8217; \u00e7a\u011fr\u0131s\u0131na Topba\u015f&#8217;tan sert yan\u0131t geldi <\/strong><\/p>\n<p style=\"text-align: justify;\">\u0130stanbul B\u00fcy\u00fck\u015fehir Belediye Ba\u015fkan\u0131 Kadir Topba\u015f, Kemal K\u0131l\u0131\u00e7daro\u011flu&#8217;nun B\u00fcy\u00fck\u015fehir Belediyesi&#8217;ne ait 23 \u015firketle ilgili bilan\u00e7olar\u0131n a\u00e7\u0131klanmad\u0131\u011f\u0131 takdirde Pazar g\u00fcn\u00fc kendisinin a\u00e7\u0131klayaca\u011f\u0131n\u0131 s\u00f6ylemesine ili\u015fkin, &#8220;A\u00e7\u0131klas\u0131n, zaten becerdi\u011fi i\u015f bu, hafiyelik&#8221; dedi. Topba\u015f, &#8220;Biz gerekirse onun gibi elli tanesini s\u0131raya dizeriz. Ama biz i\u015fimizi yap\u0131yoruz, i\u015fimize bak\u0131yoruz&#8221; diye konu\u015ftu.<!--more--><\/p>\n<p style=\"text-align: justify;\"><strong> &#8216;\u00c7A\u011eIRSAK DA YOLUNU BULAMAZ&#8217;<\/strong><br \/>\nSe\u00e7im \u00e7al\u0131\u015fmalar\u0131n\u0131 \u00dcmraniye&#8217;de s\u00fcrd\u00fcren \u0130stanbul B\u00fcy\u00fck\u015fehir Belediye Ba\u015fkan\u0131 Kadir Topba\u015f, bas\u0131n mensuplar\u0131n\u0131n sorular\u0131n\u0131 cevapland\u0131rd\u0131.\n<\/p>\n<p style=\"text-align: justify;\">K\u0131l\u0131\u00e7daro\u011flu&#8217;nun &#8220;Kadir Topba\u015f bana mektup g\u00f6nderece\u011fine kar\u015f\u0131ma \u00e7\u0131ks\u0131n. \u0130stanbul&#8217;un meselelerini tart\u0131\u015fal\u0131m. Neden kar\u015f\u0131ma \u00e7\u0131km\u0131yor?&#8221; \u015feklindeki s\u00f6zlerinin hat\u0131rlat\u0131lmas\u0131 \u00fczerine, &#8220;Biz kendisini buraya \u00e7a\u011f\u0131rsak kaybolur, gelemez. Yolu bulamaz. D\u00fcnya ile yar\u0131\u015fan Avrupa K\u00fclt\u00fcr Ba\u015fkenti olan bir \u015fehre belediye ba\u015fkan\u0131 aday\u0131 olan bir ki\u015fi b\u0131raks\u0131n, b\u00fct\u00fcn ufku ve bilgisiyle bu \u015fehre neler yapabilece\u011fini konu\u015fsun. Bu \u015fehirde neler var bunlar\u0131 \u00f6\u011frensin \u00f6nce. Kalk\u0131p da \u015funun bunun pe\u015finde dola\u015f\u0131p &#8216;kar\u015f\u0131ma \u00e7\u0131ks\u0131n&#8217; demesin. Ne demek o laf \u00f6yle ya. Biz onun gibi elli tanesini s\u0131raya dizeriz gerekirse. Ama biz i\u015fimizi yap\u0131yoruz, i\u015fimize bak\u0131yoruz. Biz yolumuza devam ediyoruz. Ben \u015fu anda B\u00fcy\u00fck\u015fehir Belediye Ba\u015fkan\u0131y\u0131m. Bir taraftan ba\u015fkanl\u0131k g\u00f6revimi y\u00fcr\u00fct\u00fcrken, di\u011fer taraftan ba\u015fkan aday\u0131 olarak vatanda\u015flar\u0131m\u0131zdan yeniden yetki istiyorum. Bu yetki verilirse 5 y\u0131lda \u0130stanbul&#8217;un \u00e7ehresini de\u011fi\u015ftiren bu hizmetler artarak devam edecek. Bu bir vizyon meselesi. Onlar\u0131n y\u00f6netim anlay\u0131\u015flar\u0131n\u0131 ge\u00e7mi\u015fte Say\u0131n S\u00f6zen d\u00f6neminde g\u00f6rd\u00fck&#8221; dedi.<\/p>\n<p style=\"text-align: justify;\"><strong>&#8216;METROB\u00dcS TERC\u0130HL\u0130 YOL DE\u011e\u0130L&#8217;<\/strong><\/p>\n<p style=\"text-align: justify;\">&#8220;Metrob\u00fcs\u00fc hala tercihli yol diye anlayan bir mant\u0131kla ben neden yan yana gelece\u011fim&#8221; diyen Topba\u015f, &#8220;Daha \u00f6nce \u015ei\u015fli-Taksim aras\u0131nda tercihli yol yapt\u0131lar, \u015fehri mahvettiler. 6 tane otob\u00fcs pe\u015fpe\u015fe giderken vatanda\u015f bekledi, otob\u00fcs yok. B\u00f6yle bir sistem kurdular g\u00fcya. Metrob\u00fcs dedi\u011fimiz sistemin komuta kontrol merkezi var, otob\u00fcsler aras\u0131nda telsiz ba\u011flant\u0131lar\u0131 var. Kurgulanm\u0131\u015f bir elektronik sistemi var. Anlamayacaklar, belli ki anlamalar\u0131 m\u00fcmk\u00fcn de\u011fil. Ben \u015funa \u00fcz\u00fcl\u00fcr\u00fcm; \u015eurada 40 g\u00fcn kald\u0131 se\u00e7imlere. Kendisi ayn\u0131 zamanda milletvekili. Bu s\u00fcre zarf\u0131nda \u0130stanbul&#8217;u \u00f6\u011frenemeden gidecek. Kendisine \u0130stanbul k\u0131lavuzu g\u00f6ndermeye gerek yok. Sitemize girip dijital \u0130stanbul Rehberi&#8217;nden nerden nereye gidece\u011fini, hangi yollar\u0131 takip etmesi gerekti\u011fini rahatl\u0131kla oradan \u00f6\u011frenir. \u015ea\u015f\u0131rmadan yolunu bulur. Yani Tuzla&#8217;ya veya Sultanbeyli&#8217;ye gidiyorum diye bir farkl\u0131 istikamete gitmez&#8221; diye konu\u015ftu.<\/p>\n<p style=\"text-align: justify;\"><strong>OPERA TARTI\u015eMASI<\/strong><\/p>\n<p style=\"text-align: justify;\">Ba\u015fkan Topba\u015f, K\u0131l\u0131\u00e7daro\u011flu&#8217;nun &#8216;Se\u00e7ilirsem \u0130stanbul&#8217;a \u00e7ok b\u00fcy\u00fck bir opera salonu yapt\u0131raca\u011f\u0131m. Kadir Topba\u015f hayat\u0131nda operaya gitmi\u015f mi?&#8221; s\u00f6zlerine ise, &#8220;Bak\u0131n ben \u0130stanbul&#8217;da yeti\u015fmi\u015f birisiyim. \u00c7ocuklu\u011fum, ge\u00e7li\u011fim, b\u00fct\u00fcn hayat\u0131m burada ge\u00e7ti. Onlar opera kelimesini daha bilmezken biz bu \u015fehirdeydik. Biz bu \u015fehirde yeti\u015ftik, bu k\u00fclt\u00fcrden geliyoruz. O daha Tunceli&#8217;deyken, babas\u0131n\u0131n g\u00f6rev yapt\u0131\u011f\u0131 ba\u015fka \u015fehirlerdeyken, biz \u0130stanbul&#8217;dayd\u0131k. Kendisi opera kelimesini lisede ya da \u00fcniversitede kitaplarda g\u00f6rm\u00fc\u015fken biz bunlar\u0131 bilen birisiydik. Bu \u015fehrin k\u00fclt\u00fcr\u00fcn\u00fc, ge\u00e7mi\u015fini bilmede konu\u015fuyor. Biz bunun i\u00e7inden geliyoruz. \u0130stanbul bir zarif bir kent, \u0130stanbul leh\u00e7esiyle, ya\u015fam\u0131yla farkl\u0131 bir \u015fehir. \u0130stanbul kavga \u015fehri de\u011fil. \u0130stanbul Fatih Sultan Mehmet&#8217;ten bu yana bar\u0131\u015f, sevgi, ho\u015fg\u00f6r\u00fc kenti. Farkl\u0131 dinlerden ve k\u00fclt\u00fcrlerden insanlar burada as\u0131rlardan beri ayn\u0131 sokaklarda ve ayn\u0131 apartmanlarda ya\u015famaktalar. Kendisinin bunlar\u0131 \u00f6\u011frenmesi \u00e7ok zor, \u00f6\u011frense bile ya\u015famad\u0131\u011f\u0131 i\u00e7in bilmesi m\u00fcmk\u00fcn de\u011fil&#8221; diye yan\u0131t verdi.<\/p>\n<p style=\"text-align: justify;\"><strong>KILI\u00c7DARO\u011eLU&#8217;NA H\u0130F\u0130YE SU\u00c7LAMASI<\/strong><\/p>\n<p style=\"text-align: justify;\">Kemal K\u0131l\u0131\u00e7daro\u011flu&#8217;nun B\u00fcy\u00fck\u015fehir Belediyesi&#8217;ne ait 23 \u015firketle ilgili bilan\u00e7olar\u0131n a\u00e7\u0131klanmad\u0131\u011f\u0131 takdirde Pazar g\u00fcn\u00fc kendisinin a\u00e7\u0131klayaca\u011f\u0131n\u0131 s\u00f6ylemesine ili\u015fkin de Topba\u015f, &#8220;A\u00e7\u0131klas\u0131n, zaten becerdi\u011fi i\u015f bu, hafiyelik. Bir kere bunlar T\u00fcrk Ticaret Kanunu&#8217;na g\u00f6re kurulmu\u015f \u015firketler. Bu \u015firketlerin kendi denetim mekanizmalar\u0131 var. \u0130lgili makamlara bilan\u00e7olar\u0131n\u0131 verirler. Kongreleri h\u00fck\u00fcmet komiserinin denetiminde yap\u0131l\u0131r. Bilgi Edinme Yasas\u0131 kapsam\u0131nda m\u00fcracaat etti\u011fi zaman b\u00fct\u00fcn bu bilan\u00e7olar\u0131 alabilir. Kalk\u0131p da bununla \u015fov yapmas\u0131na gerek yok. Kald\u0131 ki Say\u0131n S\u00f6zen d\u00f6neminde de bu \u015firketler vard\u0131. Niye o zaman halka a\u00e7\u0131klamad\u0131lar, a\u00e7mad\u0131lar. \u00c7\u00fcnk\u00fc bu \u015firketlerin yap\u0131s\u0131 b\u00f6yle. Bunlar\u0131 belediye denetimine almak i\u00e7in yasal d\u00fczenleme laz\u0131m. Kald\u0131 ki biz bu \u015firketlerin b\u00fcy\u00fck bir b\u00f6l\u00fcm\u00fcn\u00fc bu y\u0131l sonunda halka a\u00e7may\u0131 d\u00fc\u015f\u00fcn\u00fcyoruz. Halka a\u00e7t\u0131\u011f\u0131m\u0131z zaman b\u00fct\u00fcn bilan\u00e7olar ilan edilecek. Gizli kapakl\u0131 hi\u00e7bir \u015fey yok. Yani bir maharet mi &#8216;Ben a\u00e7\u0131klayaca\u011f\u0131m&#8217; demek. Bir vatanda\u015f olarak Bilgi Edinme Yasas\u0131 kapsam\u0131nda siz de m\u00fcracaat edin, size de bu bilgileri verirler. Milletvekili olman\u0131z, aday olman\u0131z, K\u0131l\u0131\u00e7daro\u011flu olman\u0131z gerekmez. Gizli kapakl\u0131 hi\u00e7bir \u015feyimiz yok. \u015eirketlerimizin yapt\u0131\u011f\u0131 i\u015fler de ortada. Bu \u015firketlerin yurtd\u0131\u015f\u0131nda da i\u015fler yap\u0131yor. Trafik sinyalizasyon ara\u00e7lar\u0131 ge\u00e7mi\u015fte, Say\u0131n S\u00f6zen d\u00f6neminde de b\u00fcy\u00fck paralarla ithal edilirken, Say\u0131n Ba\u015fbakan\u0131m\u0131z\u0131n kurdu\u011fu \u0130SBAK \u015firketi \u015fu anda Yunanistan dahil bir\u00e7ok \u00fclkeye bu ara\u00e7lar\u0131 sat\u0131yor. Onlar nerelerde kald\u0131klar\u0131n\u0131n halen fark\u0131nda de\u011filler&#8221; diye konu\u015ftu.<\/p>\n<p style=\"text-align: justify;\">Ba\u015fkan Topba\u015f, bir tart\u0131\u015fma program\u0131nda K\u0131l\u0131\u00e7daro\u011flu ile kar\u015f\u0131 kar\u015f\u0131ya gelmeyi d\u00fc\u015f\u00fcn\u00fcp d\u00fc\u015f\u00fcnmedi\u011fini soran gazetecilere de, &#8220;Hay\u0131r neyi tart\u0131\u015faca\u011f\u0131m? Neyi bilecek ki onunla ben ne konu\u015faca\u011f\u0131m. Neyi bilir ki?&#8221; \u015feklinde yan\u0131t verdi.<\/p>\n<p style=\"text-align: justify;\"><span style=\"color: #888888;\">Kaynak : Vatan Gazetesi<\/span><\/p>\n","protected":false},"excerpt":{"rendered":"<p style=\"text-align: center;\">\n<p style=\"text-align: justify;\">K\u0131l\u0131\u00e7daro\u011flu&#8217;nun &#8216;belediye bilan\u00e7olar\u0131n\u0131 a\u00e7\u0131kla&#8217; \u00e7a\u011fr\u0131s\u0131na Topba\u015f&#8217;tan sert yan\u0131t geldi <\/p>\n<p style=\"text-align: justify;\">\u0130stanbul B\u00fcy\u00fck\u015fehir Belediye Ba\u015fkan\u0131 Kadir Topba\u015f, Kemal K\u0131l\u0131\u00e7daro\u011flu&#8217;nun B\u00fcy\u00fck\u015fehir Belediyesi&#8217;ne ait 23 \u015firketle ilgili bilan\u00e7olar\u0131n a\u00e7\u0131klanmad\u0131\u011f\u0131 takdirde Pazar g\u00fcn\u00fc kendisinin a\u00e7\u0131klayaca\u011f\u0131n\u0131 s\u00f6ylemesine ili\u015fkin, &#8220;A\u00e7\u0131klas\u0131n, zaten becerdi\u011fi i\u015f bu, hafiyelik&#8221; dedi. Topba\u015f, &#8220;Biz gerekirse onun gibi elli tanesini s\u0131raya <\/p>\n","protected":false},"author":1,"featured_media":0,"comment_status":"open","ping_status":"closed","sticky":false,"template":"","format":"standard","meta":{"footnotes":""},"categories":[105],"tags":[],"class_list":["post-3381","post","type-post","status-publish","format-standard","hentry","category-gundem","odd"],"_links":{"self":[{"href":"http:\/\/www.korhanyilmaz.com\/index.php?rest_route=\/wp\/v2\/posts\/3381","targetHints":{"allow":["GET"]}}],"collection":[{"href":"http:\/\/www.korhanyilmaz.com\/index.php?rest_route=\/wp\/v2\/posts"}],"about":[{"href":"http:\/\/www.korhanyilmaz.com\/index.php?rest_route=\/wp\/v2\/types\/post"}],"author":[{"embeddable":true,"href":"http:\/\/www.korhanyilmaz.com\/index.php?rest_route=\/wp\/v2\/users\/1"}],"replies":[{"embeddable":true,"href":"http:\/\/www.korhanyilmaz.com\/index.php?rest_route=%2Fwp%2Fv2%2Fcomments&post=3381"}],"version-history":[{"count":0,"href":"http:\/\/www.korhanyilmaz.com\/index.php?rest_route=\/wp\/v2\/posts\/3381\/revisions"}],"wp:attachment":[{"href":"http:\/\/www.korhanyilmaz.com\/index.php?rest_route=%2Fwp%2Fv2%2Fmedia&parent=3381"}],"wp:term":[{"taxonomy":"category","embeddable":true,"href":"http:\/\/www.korhanyilmaz.com\/index.php?rest_route=%2Fwp%2Fv2%2Fcategories&post=3381"},{"taxonomy":"post_tag","embeddable":true,"href":"http:\/\/www.korhanyilmaz.com\/index.php?rest_route=%2Fwp%2Fv2%2Ftags&post=3381"}],"curies":[{"name":"wp","href":"https:\/\/api.w.org\/{rel}","templated":true}]}}