{"id":33806,"date":"2011-05-29T17:53:05","date_gmt":"2011-05-29T14:53:05","guid":{"rendered":"http:\/\/www.korhanyilmaz.com\/?p=33806"},"modified":"2011-05-29T17:53:05","modified_gmt":"2011-05-29T14:53:05","slug":"kemal-kilicdaroglu-sanaldir","status":"publish","type":"post","link":"http:\/\/www.korhanyilmaz.com\/?p=33806","title":{"rendered":"&#8220;Kemal K\u0131l\u0131\u00e7daro\u011flu sanald\u0131r&#8221;"},"content":{"rendered":"<p style=\"text-align: center;\"><a href=\"http:\/\/www.korhanyilmaz.com\/wp-content\/uploads\/2011\/05\/420.jpg\"  class=\"lightview\"><img loading=\"lazy\" decoding=\"async\" class=\"aligncenter size-full wp-image-33807\" src=\"http:\/\/www.korhanyilmaz.com\/wp-content\/uploads\/2011\/05\/420.jpg\" alt=\"\" width=\"412\" height=\"221\" \/><\/a><\/p>\n<p style=\"text-align: justify;\">AK Parti Genel Ba\u015fkan\u0131 Erdo\u011fan, &#8220;Kemal K\u0131l\u0131\u00e7daro\u011flu diye biri yoktur. Kemal K\u0131l\u0131\u00e7daro\u011flu sanald\u0131r&#8221; dedi.<\/p>\n<p style=\"text-align: justify;\">KAYSER\u0130-Ba\u015fbakan Recep Tayyip Erdo\u011fan, Kayseri\u2019de CHP Genel Ba\u015fkan\u0131 Kemal K\u0131l\u0131\u00e7daro\u011flu i\u00e7in &#8216;sanal&#8217;, &#8216;vitrin s\u00fcs\u00fc&#8217; ve &#8216;kukla&#8217; ifadelerini kulland\u0131. Se\u00e7menlerden  CHP, MHP, BDP\u2019ye oy vermemelerini isteyen Erdo\u011fan, &#8220;Kemal K\u0131l\u0131\u00e7daro\u011flu diye biri yoktur, sanald\u0131r, sanal. K\u0131l\u0131\u00e7daro\u011flu hayali ve yapayd\u0131r. K\u0131l\u0131\u00e7daro\u011flu, siyaset m\u00fchendislerince \u00fcretilmi\u015f, bir vitrin s\u00fcs\u00fcd\u00fcr. Vitrinin arkas\u0131ndaki \u00e7eteciler, ak\u0131l hocalar\u0131 taraf\u0131ndan y\u00f6nlendirilen bir fig\u00fcrd\u00fcr. CHP\u2019nin yeni genel ba\u015fkan\u0131 sadece bir projeden itibarettir. BDP\u2019nin bile parma\u011f\u0131nda oynatt\u0131\u011f\u0131, kukladan ibarettir&#8221; dedi. <!--more--><\/p>\n<p style=\"text-align: justify;\">Ak Parti&#8217;nin bug\u00fcn Kayseri Cumhuriyet Meydan\u0131&#8217;nda d\u00fczenledi\u011fi mitingte yakla\u015f\u0131k 70 bin ki\u015fiye seslenen Genel Ba\u015fkan Recep Tayyip Erdo\u011fan, &#8220;Yol arkada\u015flar\u0131m. Ahde vefan\u0131zdan dolay\u0131 g\u00f6n\u00fclden \u015f\u00fckranlar\u0131m\u0131 sunuyorum&#8221; diyerek s\u00f6zlerine ba\u015flad\u0131. Kayseri&#8217;ye i\u00e7ini d\u00f6kmeye geldi\u011fini s\u00f6yleyen Erdo\u011fan, bu ilin Ankara\u2019ya s\u0131rt\u0131n\u0131 dayamad\u0131\u011f\u0131n\u0131, kendisinin \u00fcretip, sat\u0131p, mkazand\u0131\u011f\u0131n\u0131 s\u00f6yledi. Erdo\u011fan, \u00f6telenmenin, itilmenin, ikinci s\u0131n\u0131f say\u0131lman\u0131n ne oldu\u011funu bildiklerini belirterek, s\u00f6zlerini \u015f\u00f6yle s\u00fcrd\u00fcrd\u00fc:<\/p>\n<p style=\"text-align: justify;\">&#8220;Kendisi d\u0131\u015f\u0131ndakilere b\u00f6cek muamelesi yap\u0131ld\u0131\u011f\u0131n\u0131 \u00e7ok iyi biliriz. O zihniyet bize haddinizi bilin geride durun dedi. Siyaset sizin neyinize dediler. Biz sizi idare ederiz dediler. Siz kap\u0131c\u0131s\u0131n\u0131z, odac\u0131s\u0131n\u0131z, arada bir oy verin sonras\u0131na kar\u0131\u015fmay\u0131n dediler. D\u0131\u015f politikadan ekonomiden anlamazs\u0131n\u0131z, siz iktidar olamazs\u0131n\u0131z dediler. Siz muhtar bile olamazs\u0131n\u0131z dediler. Hatta g\u00fcn geldi, kim oluyorsunuz Cumhurba\u015fkan\u0131 se\u00e7iyorsunuz dediler. Se\u00e7ece\u011fiz hem de Kayseri\u2019den se\u00e7ece\u011fiz dedik. Biz bu \u00fclkenin evlatlar\u0131 ve sevdal\u0131y\u0131z dedik. \u0130\u015fte 3 kas\u0131m 2002 \u015fahlan\u0131s tarihimiz oldu. Anadolu\u2019nun \u015fahlan\u0131\u015f tarihi oldu. Biz onlar\u0131n bize yapt\u0131klar\u0131n\u0131 yapmad\u0131k. D\u0131\u015flamad\u0131k, \u00f6tekile\u015ftirmedik. Tam tersine 74 milyona ayn\u0131 nazarla bakt\u0131k. Bizim onlardan fark\u0131m\u0131z bu. Biz birilerine de\u011fil, Kayseri\u2019ye de\u011fil, T\u00fcrkiye\u2019ye cumhurba\u015fkan\u0131 se\u00e7tik. Galata bankerlerinin de\u011fil, T\u00fcrkiye\u2019nin iktidar\u0131 olduk. 3 Kas\u0131m\u2019da hangi ac\u0131lar\u0131 \u00e7ektik, hangi muameleye maruz kald\u0131ksak, onlardan ka\u00e7\u0131nd\u0131k. \u0130nan\u00e7lar\u0131m\u0131zla oynand\u0131. Hi\u00e7 kimsenin hayat tarz\u0131na kar\u0131\u015fmad\u0131k. \u00c7\u00fcnki hepsi bizim karde\u015flerimiz.&#8221;<\/p>\n<p style=\"text-align: justify;\"><strong>&#8220;BUG\u00dcN &#8216;\u015e\u00dcKRAN T\u00dcRK\u0130YE&#8217; N\u0130DALARI ARTTI&#8221;<\/strong><\/p>\n<p style=\"text-align: justify;\">Ba\u015fbakan Erdo\u011fan etnik,  b\u00f6lgesel, dinsel milliyet\u00e7ilik yapmad\u0131klar\u0131n\u0131,herkese e\u015fit mesafede durduklar\u0131n\u0131 belirtirken, &#8220;Herkesin dini kendisine. G\u00fcvencesi de biziz. Bundan sonrada \u00f6yle olacak. Biz, bu T\u00fcrkiye\u2019yi \u00f6zg\u00fcrl\u00fckle demokrasi ile karde\u015flikle b\u00fcy\u00fctt\u00fck&#8221; dedi.<\/p>\n<p style=\"text-align: justify;\">3 Kas\u0131m \u00f6ncesi uluslararas\u0131 platformda ezik olan T\u00fcrkiye&#8217;nin, Ortado\u011fu, Balkan, K\u0131br\u0131s politikas\u0131n\u0131n olmad\u0131\u011f\u0131n\u0131 iddia eden Erdo\u011fan, &#8220;\u015eimdi g\u00fcndem belirleyen bir T\u00fcrkiye var. Bug\u00fcn ne s\u00f6yleyecek diye a\u011fz\u0131na bak\u0131lan T\u00fcrkiye var\u2019\u2019 diye konu\u015ftu. Erdo\u011fan, bug\u00fcn &#8216;\u015e\u00fckran T\u00fcrkiye&#8217; nidalar\u0131n\u0131n artt\u0131\u011f\u0131, \u0130srail kar\u015f\u0131s\u0131nda adalet isteyen, korsanlara haddi bildiren \u00fclke haline gelindi\u011fini belirtti. \u0130stanbul&#8217;u fetheden Fatih Sultan Mehmet&#8217;i ve Gazze&#8217;ye giden Mavi Marmara gemisinde \u0130srail askerlerinin bask\u0131n\u0131nda \u00f6lenlerden Furkan Do\u011fan\u2019\u0131 rahmetle anan Erdo\u011fan s\u00f6zlerini \u015f\u00f6yle s\u00fcrd\u00fcrd\u00fc:<\/p>\n<p style=\"text-align: justify;\">&#8220;K\u0131l\u0131\u00e7daro\u011flu\u2019nun haddini bildirmelisiniz. Filistin, Gazze ka\u00e7k\u0131nlar\u0131na haddini bildirmeye var m\u0131s\u0131n\u0131z. Bunlar bat\u0131n\u0131n kar\u015f\u0131s\u0131nda el pen\u00e7e divan durdular, bizi onlara \u015fikayet ettiler. Zannediyorlar ki ayn\u0131 devran d\u00f6n\u00fcyor. O \u00e7etelerin oyunlar\u0131 geride kald\u0131. \u0130ktidar\u0131 \u015fimdi millet belirliyor, millet. Kosova\u2019ya gittik, Pri\u015ftine\u2019de ellerinde T\u00fcrk bayraklar\u0131yla bizi bekleyen, yeri g\u00f6\u011f\u00fc inleten o \u00e7ocuklar\u0131, g\u00f6z\u00fc ya\u015fl\u0131 olarak g\u00f6rd\u00fck, izledik, duyguland\u0131k. O \u00e7ocuklar\u0131n g\u00f6z\u00fcndeki umudu, \u00e7o\u015fkuyu g\u00f6rd\u00fcm. Hamdolsun dedim. Biz T\u00fcrkiye Cumhuriyeti&#8217;nin pasaportunun, paras\u0131n\u0131n de\u011fer kazand\u0131\u011f\u0131n\u0131 g\u00f6rd\u00fck, bu bize yeter. Biz, bu millete efendi olmaya de\u011fil, hizmetkar olmaya geldik. Bizim kitab\u0131m\u0131zda ma\u011frur olmak yok. Gururlanma padi\u015fah\u0131m senden b\u00fcy\u00fck Allah var anlay\u0131\u015f\u0131yla buraya geldik.&#8221;<\/p>\n<p style=\"text-align: justify;\">Kayseri B\u00fcy\u00fck\u015fxehir Belediyesi&#8217;ndeki yolsuzluk iddialar\u0131n\u0131 g\u00fcndeme getiren CHP Genel Ba\u015fkan\u0131 Kemal K\u0131l\u0131\u00e7daro\u011flu&#8217;na sert su\u00e7lamalarda bulunan Erdo\u011fan, &#8220;Bana bir mektup g\u00f6nderiyor, kimden ne al\u0131nm\u0131\u015f, imzas\u0131 nerede, \u00f6n\u00fcnde bir kapak yaz\u0131. Hayat\u0131 bu adam\u0131n b\u00f6yle ge\u00e7ti. Benim belediye ba\u015fkan\u0131ma iftira eden adam\u0131 liste ba\u015f\u0131 yap\u0131yor. Bunu milletvekili yap\u0131p, kar\u015f\u0131l\u0131ks\u0131z \u00e7eklerden kurtaracak. Benim milletvekilime bor\u00e7lu adam\u0131 milletvekili yap\u0131yor. Benim dokunulmazl\u0131\u011f\u0131m var hadi ama belediye ba\u015fkan\u0131n dokunulmazl\u0131\u011f\u0131 yok. O Kayseri\u2019de yapt\u0131klar\u0131yla konu\u015fuyor. Kirac\u0131yd\u0131 o vekil, benim milletvekilime borcunu \u00f6demiyor&#8221; dedi.<\/p>\n<p style=\"text-align: justify;\">Erdo\u011fan, G\u00fcneydo\u011fu&#8217;da partisine y\u00f6nelik sald\u0131r\u0131lar\u0131 anlat\u0131rken de &#8220;Ak Parti&#8217;nin 100 se\u00e7im b\u00fcr\u0131sunu bast\u0131lar. Hazro il\u00e7e ba\u015fkan\u0131m\u0131z\u0131n o\u011flunu ka\u00e7\u0131rd\u0131lar, yurtlar\u0131 bast\u0131lar. Yurt \u00e7ocuklar\u0131na molotof at\u0131p hasnelik ediyorlar. Bu BDP \u00e7\u0131k\u0131yor, demokrasi diyor. Demokrasiyse kendini neden ter\u00f6r \u00f6rg\u00fct\u00fcne yasl\u0131yorsun?&#8221; diye konu\u015ftu.<\/p>\n<p style=\"text-align: justify;\"><strong>KADIN DERNEKLER\u0130N\u0130 G\u00d6REVE DAVET ED\u0130YORUM<\/strong><\/p>\n<p style=\"text-align: justify;\">CHP&#8217;nin milletvekili adaylar\u0131 Binnaz Toprak&#8217;\u0131n Zincirlikuyu Mezarl\u0131\u011f\u0131 giri\u015findeki ayetle ilgili s\u00f6zleriyle ilgili &#8220;Kad\u0131n profes\u00f6r ayet oldu\u011funu bilmiylor&#8221;, Nur Serter&#8217;in 27 May\u0131s&#8217;ta g\u00f6bek atanlar oldu\u011funa ili\u015fkin s\u00f6zlerine de &#8220;Kendisi bu konuda mahir galiba&#8221; diyen Erdo\u011fan, s\u00f6zlerini \u015f\u00f6yle s\u00fcrd\u00fcrd\u00fc:<\/p>\n<p style=\"text-align: justify;\">&#8220;Bunlara sand\u0131kta onurlu ders istiyor ve bekliyorum. Bunlar darbecidir, darbeci. Darbe destek\u00e7ileridir. Eski Genel Ba\u015fkan Deniz Baykal, konu\u015fturulmuyor. \u0130f\u015fa edemiyor. Baykal aday oldu, di\u011fer han\u0131m niye aday yap\u0131lmad\u0131. Onu da aday yapsayd\u0131n\u0131z. Su\u00e7lu han\u0131m oldu, kendisi su\u00e7suz oldu. Bu konuda ileri geri konu\u015fan kad\u0131n derneklerini g\u00f6reve \u00e7a\u011f\u0131r\u0131yorum. As\u0131l burada konu\u015fun. Kim konu\u015fursa, CHP\u2019nin as\u0131l niyeti ortaya \u00e7\u0131kacak, z\u00fcccaciye d\u00fckkan\u0131 darmada\u011f\u0131n edecek.&#8221;<\/p>\n<p style=\"text-align: justify;\"><strong>&#8220;BAH\u00c7EL\u0130 SUS PUS OLMU\u015e KUZU G\u00d6R\u00dcN\u00dcM\u00dcNDE&#8221;<\/strong><\/p>\n<p style=\"text-align: justify;\">Erdo\u011fan, MHP Genel Ba\u015fkan\u0131 Bah\u00e7eli&#8217;nin, CHP&#8217;nin Hakkari mitingiyle ilgili ele\u015ftiride bulunmamas\u0131na da tepki g\u00f6stererek, &#8220;MHP liderini bile susturdular. Sus pus olmu\u015f, kuzu g\u00f6r\u00fcn\u00fcm\u00fcnde. Hakkari\u2019de T\u00fcrk bayra\u011f\u0131 yoktu. O adamlar ellerine T\u00fcrk bayra\u011f\u0131 alamazlar. Say\u0131n Bah\u00e7eli, konu\u015fsana&#8221; dedi.<\/p>\n<p style=\"text-align: justify;\">MHP&#8217;nin, Balyoz davas\u0131nda tutuklu olan \u00d6zel Kuvvetler Komutan\u0131 Emekli Korgeneral Engin Alan&#8217;\u0131 milletvekili aday\u0131 yapmas\u0131n\u0131 da ele\u015ftiren Erdo\u011fan, \u015funlar\u0131 s\u00f6yledi:<\/p>\n<p style=\"text-align: justify;\">&#8220;\u0130\u00e7erde bir emekli korgeneral var. Bah\u00e7eli \u00f6verek, anlat\u0131yor. Bunu Bah\u00e7eli\u2019ye Kayseri\u2019den duyuruyorum, 18 Mart \u00c7anakkale kutlamalar\u0131nda oran\u0131n Kolordu Komutan\u0131 ben \u015fehitli\u011fe geliyorum herkesle tokala\u015f\u0131yorum, beyefendi aya\u011fa kalkmad\u0131. Ne oldu kalkmay\u0131nca, or da olamad\u0131. \u015eimdi bunu \u015f\u00f6yle b\u00f6yle kahraman diye takdim etti\u011fin bu ki\u015fi devlet hiyar\u015fisi i\u00e7inde sayg\u0131, sevgi nedir, ast \u00fcst aras\u0131ndaki irtibat nedir bilmiyor. Geldi, bir vakf\u0131n ba\u015f\u0131na, \u00fcniformas\u0131 \u00e7\u0131k\u0131nca, bu kez kar\u015f\u0131m\u0131zda daha farkl\u0131 g\u00f6r\u00fcnt\u00fcye b\u00fcr\u00fcnd\u00fc. Bunun her yan\u0131 kahraman olsa neye yarar. Nerede kahramanl\u0131k yapm\u0131\u015f.\u2019\u2019<\/p>\n<p style=\"text-align: justify;\"><strong>&#8220;BDP&#8217;Y\u0130 PI\u015ePI\u015eLIYORLAR&#8221;<\/strong><\/p>\n<p style=\"text-align: justify;\">CHP ve MHP\u2019nin yanlar\u0131na BDP\u2019yi ald\u0131klar\u0131n\u0131 s\u00f6yleyen Ba\u015fbakan \u2018\u2019CHP\u2019de, MHP\u2019de, BDP\u2019yi p\u0131\u015fp\u0131\u015fl\u0131yorlar. Bu stat\u00fcko partilerine gereken dersi verip, da\u011f\u0131tmalar\u0131n\u0131, bunlar\u0131 destekleyen medyaya gerek dersi verin istiyorum. \u00d6yle bir ders verelim ki, siyaset m\u00fchendisleri yaln\u0131z kals\u0131nlar&#8221; dedi.<\/p>\n<p style=\"text-align: justify;\"><strong>TOPLU A\u00c7ILI\u015eI BAKANLAR YAPTI<\/strong><\/p>\n<p style=\"text-align: justify;\">Ba\u015fbakan, Kayseri mitingi 1 saat gecikince,Ankara mitingine yeti\u015fmek i\u00e7in Kayseri E\u011fitim ve Ara\u015ft\u0131rma Hastanesi bah\u00e7esindeki 69 tesis, bina ve rayl\u0131 sistemin 18 arac\u0131n\u0131n toplu a\u00e7\u0131l\u0131\u015f\u0131na kat\u0131lamad\u0131. Toplu a\u00e7\u0131l\u0131\u015f\u0131 Devlet Bakan\u0131 ve Ba\u015fbakan Yard\u0131mc\u0131s\u0131 Cemil \u00c7i\u00e7ek,  \u0130\u00e7i\u015fleri Bakan\u0131 Osman G\u00fcne\u015f, Enerji ve Tabii Kaynaklar Bakan\u0131 Taner Y\u0131ld\u0131z yapt\u0131.<\/p>\n<p style=\"text-align: justify;\"><a href=\"http:\/\/www.gazeteport.com.tr\/SIYASET\/NEWS\/GP_912501\" target=\"_blank\">Kaynak : GAZETEPORT<\/a><\/p>\n","protected":false},"excerpt":{"rendered":"<p style=\"text-align: center;\">\n<p style=\"text-align: justify;\">AK Parti Genel Ba\u015fkan\u0131 Erdo\u011fan, &#8220;Kemal K\u0131l\u0131\u00e7daro\u011flu diye biri yoktur. Kemal K\u0131l\u0131\u00e7daro\u011flu sanald\u0131r&#8221; dedi.<\/p>\n<p style=\"text-align: justify;\">KAYSER\u0130-Ba\u015fbakan Recep Tayyip Erdo\u011fan, Kayseri\u2019de CHP Genel Ba\u015fkan\u0131 Kemal K\u0131l\u0131\u00e7daro\u011flu i\u00e7in &#8216;sanal&#8217;, &#8216;vitrin s\u00fcs\u00fc&#8217; ve &#8216;kukla&#8217; ifadelerini kulland\u0131. Se\u00e7menlerden CHP, MHP, BDP\u2019ye oy vermemelerini isteyen Erdo\u011fan, &#8220;Kemal K\u0131l\u0131\u00e7daro\u011flu diye biri yoktur, sanald\u0131r, sanal. K\u0131l\u0131\u00e7daro\u011flu <\/p>\n","protected":false},"author":1,"featured_media":0,"comment_status":"open","ping_status":"closed","sticky":false,"template":"","format":"standard","meta":{"footnotes":""},"categories":[105],"tags":[],"class_list":["post-33806","post","type-post","status-publish","format-standard","hentry","category-gundem","odd"],"_links":{"self":[{"href":"http:\/\/www.korhanyilmaz.com\/index.php?rest_route=\/wp\/v2\/posts\/33806","targetHints":{"allow":["GET"]}}],"collection":[{"href":"http:\/\/www.korhanyilmaz.com\/index.php?rest_route=\/wp\/v2\/posts"}],"about":[{"href":"http:\/\/www.korhanyilmaz.com\/index.php?rest_route=\/wp\/v2\/types\/post"}],"author":[{"embeddable":true,"href":"http:\/\/www.korhanyilmaz.com\/index.php?rest_route=\/wp\/v2\/users\/1"}],"replies":[{"embeddable":true,"href":"http:\/\/www.korhanyilmaz.com\/index.php?rest_route=%2Fwp%2Fv2%2Fcomments&post=33806"}],"version-history":[{"count":0,"href":"http:\/\/www.korhanyilmaz.com\/index.php?rest_route=\/wp\/v2\/posts\/33806\/revisions"}],"wp:attachment":[{"href":"http:\/\/www.korhanyilmaz.com\/index.php?rest_route=%2Fwp%2Fv2%2Fmedia&parent=33806"}],"wp:term":[{"taxonomy":"category","embeddable":true,"href":"http:\/\/www.korhanyilmaz.com\/index.php?rest_route=%2Fwp%2Fv2%2Fcategories&post=33806"},{"taxonomy":"post_tag","embeddable":true,"href":"http:\/\/www.korhanyilmaz.com\/index.php?rest_route=%2Fwp%2Fv2%2Ftags&post=33806"}],"curies":[{"name":"wp","href":"https:\/\/api.w.org\/{rel}","templated":true}]}}