{"id":33802,"date":"2011-05-29T20:10:16","date_gmt":"2011-05-29T17:10:16","guid":{"rendered":"http:\/\/www.korhanyilmaz.com\/?p=33802"},"modified":"2011-05-29T20:10:16","modified_gmt":"2011-05-29T17:10:16","slug":"istanbul-imdat-cagrilari-veriyor","status":"publish","type":"post","link":"http:\/\/www.korhanyilmaz.com\/?p=33802","title":{"rendered":"&#8216;\u0130stanbul imdat \u00e7a\u011fr\u0131lar\u0131 veriyor&#8217;"},"content":{"rendered":"<p style=\"text-align: center;\"><a href=\"http:\/\/www.korhanyilmaz.com\/wp-content\/uploads\/2011\/05\/419.jpg\"  class=\"lightview\"><img loading=\"lazy\" decoding=\"async\" class=\"aligncenter size-full wp-image-33803\" src=\"http:\/\/www.korhanyilmaz.com\/wp-content\/uploads\/2011\/05\/419.jpg\" alt=\"\" width=\"346\" height=\"229\" \/><\/a><\/p>\n<p style=\"text-align: justify;\">MHP Genel Ba\u015fkan\u0131 Devlet Bah\u00e7eli, &#8220;\u0130stanbul &#8216;imdat&#8217; \u00e7a\u011fr\u0131lar\u0131 vermektedir, Ba\u015fbakan, ba\u015far\u0131l\u0131 olduklar\u0131 yalan\u0131n\u0131 \u0131srarla s\u00fcrd\u00fcrmektedir. Hala \u0131smarlama anketlerde oyunu y\u00fcksek g\u00f6stermektedir&#8221; dedi.<!--more--><\/p>\n<p style=\"text-align: justify;\">Partisinin Kazl\u0131\u00e7e\u015fme&#8217;deki mitinginde \u0130stanbullulara hitap eden Bah\u00e7eli, ge\u00e7mi\u015fi \u015fan ve \u015ferefle dolu olan \u0130stanbul&#8217;da bug\u00fcn bir tarih yaz\u0131ld\u0131\u011f\u0131n\u0131, T\u00fcrkiye&#8217;nin kalbinin bug\u00fcn Kazl\u0131\u00e7e\u015fme&#8217;de att\u0131\u011f\u0131n\u0131 s\u00f6yledi. Fethin 558&#8217;inci y\u0131l d\u00f6n\u00fcm\u00fcnde \u0130stanbul&#8217;un b\u00fcy\u00fck bir co\u015fku i\u00e7inde harekete ge\u00e7ti\u011fini ifade eden Bah\u00e7eli, \u201cYeni bir fetih i\u00e7in kararl\u0131 olanlar, umutlar\u0131n\u0131, \u00f6zlemlerini, hedeflerini, iddialar\u0131n\u0131 buraya getirmi\u015flerdir\u201d dedi. Bah\u00e7eli, \u0130stanbul&#8217;un, sesine kulak verilmesi i\u00e7in aya\u011fa kalkt\u0131\u011f\u0131n\u0131, bu sesin cesaretin, dik duru\u015fun, Bilge Ka\u011fan&#8217;\u0131n, Alpaslan&#8217;\u0131n, Osman Gazi&#8217;nin ve Fatih&#8217;in sesi oldu\u011funu belirtti.<\/p>\n<p style=\"text-align: justify;\">Devlet Bah\u00e7eli, \u201c Bu ses \u015eeyh Edebali&#8217;nin, Ak\u015femsettin&#8217;in, Hac\u0131 Bekta\u015f Veli&#8217;nin, Yunus&#8217;un ve Mevlana&#8217;n\u0131n sesidir. Bu ses Bo\u011faz&#8217;daki d\u00fc\u015fman birliklerine &#8216;Geldikleri gibi giderler&#8217; diyerek rest \u00e7eken Mustafa Kemal&#8217;in sesidir. Bu ses T\u00fcrk milletinin sesidir, Cumhuriyetin nefesidir. Millet sevdas\u0131ndan yan\u0131p tutu\u015fanlar, bayrak a\u015fk\u0131yla kendinden ge\u00e7enler ve bin y\u0131ll\u0131k karde\u015fli\u011fi ya\u015fatmaya sonuna kadar yeminli olanlar burada toplanm\u0131\u015ft\u0131r\u201d diye konu\u015ftu.<\/p>\n<p style=\"text-align: justify;\">Bu mitingin milletin gelece\u011finde \u00e7ok \u00f6nemli sonu\u00e7lar \u00e7\u0131karaca\u011f\u0131na inand\u0131\u011f\u0131n\u0131 vurgulayan Bah\u00e7eli, \u015f\u00f6yle devam etti:<\/p>\n<p style=\"text-align: justify;\">\u201cBug\u00fcn d\u00fcnyan\u0131n en b\u00fcy\u00fck T\u00fcrk kentinin fethedili\u015finin 558&#8217;inci y\u0131l d\u00f6n\u00fcm\u00fcn\u00fc kutluyoruz. Gururluyuz, \u00e7\u00fcnk\u00fc \u00e7a\u011f a\u00e7\u0131p \u00e7a\u011f kapatan bir ecdad\u0131n torunlar\u0131y\u0131z. \u0130ftihar ediyoruz, \u00e7\u00fcnk\u00fc fethi Peygamber efendimiz taraf\u0131ndan m\u00fcjdelenen bu kutlu \u015fehrin bur\u00e7lar\u0131na \u00fc\u00e7 hilali asanlar\u0131n soyundan\u0131z. K\u0131van\u00e7l\u0131y\u0131z \u00e7\u00fcnk\u00fc cihan imparatorlu\u011funun varisleriyiz.<\/p>\n<p style=\"text-align: justify;\">Atalar\u0131m\u0131z\u0131n \u0130stanbul&#8217;u Bizans&#8217;tan alarak T\u00fcrk topraklar\u0131na katmas\u0131 tarihin seyirinin de\u011fi\u015ftirmi\u015ftir. \u0130stanbul&#8217;un fethiyle T\u00fcrklerin orta Asya&#8217;dan ba\u015flayan 500 y\u0131ll\u0131k yurt edinme aray\u0131\u015f\u0131 Avrupa i\u00e7lerine do\u011fru y\u00f6nelmi\u015f ve imparatorlu\u011fun geni\u015f co\u011frafyas\u0131 belirginle\u015fmi\u015ftir. Ne mutlu ki T\u00fcrk milleti fetih ile birlikte k\u00fclt\u00fcrlerin, inan\u00e7lar\u0131n, ticaretin ve k\u0131talar\u0131n kav\u015fak noktas\u0131nda bulunan bu d\u00fcnya kentini hakimiyeti alt\u0131na alm\u0131\u015ft\u0131r.\u201d<\/p>\n<p style=\"text-align: justify;\"><strong>\u201cT\u00dcRK\u0130YE&#8217;N\u0130N KADER ANI UFUKTA BEL\u0130RM\u0130\u015eT\u0130R&#8221;<\/strong><\/p>\n<p style=\"text-align: justify;\">Bah\u00e7eli, 12 Haziran&#8217;da yap\u0131lacak milletvekili genel se\u00e7imine iki hafta kald\u0131\u011f\u0131n\u0131 hat\u0131rlatarak, \u201cT\u00fcrkiye&#8217;nin kader an\u0131 ufukta belirmi\u015ftir\u201d dedi. T\u00fcrk milletinin milli ve manevi de\u011ferlerinin tart\u0131\u015f\u0131ld\u0131\u011f\u0131n\u0131, ilke ve kurumlar\u0131n\u0131n a\u015f\u0131nd\u0131r\u0131ld\u0131\u011f\u0131n\u0131 s\u00f6yleyen Bah\u00e7eli, \u015f\u00f6yle devam etti:<\/p>\n<p style=\"text-align: justify;\">\u201cKaranl\u0131k y\u0131llar\u0131n sonuna gelinmi\u015ftir. Sand\u0131kla gelen AKP iktidar\u0131n\u0131n sand\u0131kla gitmesi yaln\u0131zca bir zaman meseledir. Milletimizin yakla\u015f\u0131k dokuz y\u0131l\u0131n\u0131 heba eden AKP h\u00fck\u00fcmetinden kurtulmak i\u00e7in tarihi bir f\u0131rsat \u00f6n\u00fcm\u00fczdedir. Demokrasinin vazge\u00e7ilmez bir gere\u011fi olan \u00f6n\u00fcm\u00fczdeki se\u00e7imde sizler siyasi tercihlerinizi yapacaks\u0131n\u0131z. \u00d6ncelikle se\u00e7imin g\u00fcvenli, huzurlu, emniyetli, adil ve adaletli bir \u015fekilde ge\u00e7mesini temenni ediyorum.<\/p>\n<p style=\"text-align: justify;\">\u00dclkemizin gelece\u011fini \u015fekillendirmek i\u00e7in her vatanda\u015f\u0131m\u0131n sand\u0131k ba\u015f\u0131nda oy kullanmas\u0131 gerekti\u011fine inan\u0131yorum. Se\u00e7imde y\u00fcksek kat\u0131l\u0131m\u0131 sa\u011flayarak, i\u00e7inde bulundu\u011fumuz k\u00f6t\u00fc gidi\u015fat\u0131n tersine \u00e7evrilece\u011fini \u00fcmit ediyorum. T\u00fcrkiye&#8217;nin sorunlar\u0131 kritik bir e\u015fi\u011fe dayanm\u0131\u015ft\u0131r. Siyaset yozla\u015fm\u0131\u015f, d\u0131\u015f politika duvara toslam\u0131\u015f, ekonomi buhrana girmi\u015f, toplum bunalm\u0131\u015f ve milletimiz usanm\u0131\u015ft\u0131r. \u00d6zellikle ekonomideki kriz \u0130stanbullu karde\u015fimin hanesine ate\u015f topu gibi d\u00fc\u015fm\u00fc\u015ft\u00fcr.\u201d<\/p>\n<p style=\"text-align: justify;\">T\u00fcketimde harcayanlar\u0131n, gezenlerin, yiyenlerin belli oldu\u011funu, onlar\u0131n AK Parti&#8217;nin adaletsiz ve insan\u0131 d\u0131\u015flayan ekonomi politikalar\u0131ndan destek g\u00f6rd\u00fc\u011f\u00fcn\u00fc savunan Bah\u00e7eli, \u201cAKP ile birlikte rant ekonomisi hakim olmu\u015ftur. S\u00fcrd\u00fcr\u00fclebilir bir ya\u011fma d\u00fczeni ve hesap vermekten uzak bozuk yap\u0131 h\u00fck\u00fcmet eliyle me\u015frula\u015ft\u0131r\u0131lm\u0131\u015ft\u0131r\u201d dedi.<\/p>\n<p style=\"text-align: justify;\"><strong>\u201cB\u0130REYSEL BOR\u00c7LAR DA\u011e G\u0130B\u0130 B\u0130R\u0130KM\u0130\u015eT\u0130R\u201d<\/strong><\/p>\n<p style=\"text-align: justify;\">Bu durumun \u0130stanbul&#8217;da daha da dayan\u0131lmaz bir noktada oldu\u011funu, \u0130stanbul&#8217;un her k\u00f6\u015fesinin sefalet yuvas\u0131na d\u00f6n\u00fc\u015ft\u00fc\u011f\u00fcn\u00fc savunan Bah\u00e7eli, \u201c\u0130flaslar, i\u015ften \u00e7\u0131karmalar, \u0130stanbul&#8217;u peri\u015fan etmi\u015ftir. Bir zamanlar ta\u015f\u0131 topra\u011f\u0131 alt\u0131n olan \u0130stanbul yoksullu\u011fun \u00e7\u0131\u011f\u0131r\u0131ndan \u00e7\u0131kt\u0131\u011f\u0131 bir \u015fehir haline gelmi\u015ftir. Protesto edilmi\u015f senetler, kar\u015f\u0131l\u0131ks\u0131z \u00e7\u0131kan \u00e7ekler, hacizler, kredi kart\u0131 bataklar\u0131 \u0130stanbullular&#8217;\u0131 can\u0131ndan bezdirmi\u015ftir. Bireysel bor\u00e7lar da\u011f gibi birikmi\u015ftir\u201d diye konu\u015ftu.<\/p>\n<p style=\"text-align: justify;\">\u201cAK Parti g\u00fcd\u00fcml\u00fc \u00e7eteler, imar ve arazi mafyalar\u0131n\u0131n \u0130stanbul&#8217;a kan kusturdu\u011funu\u201d savunan Bah\u00e7eli, i\u015fsizli\u011fin azd\u0131\u011f\u0131n\u0131 ve milyonlarca insan\u0131n ekmek paras\u0131n\u0131 kazanmaktan mahrum duruma geldi\u011fini \u00f6ne s\u00fcrd\u00fc.<\/p>\n<p style=\"text-align: justify;\">Bah\u00e7eli, s\u00f6zlerini \u015f\u00f6yle s\u00fcrd\u00fcrd\u00fc:<\/p>\n<p style=\"text-align: justify;\">\u201cBa\u015fbakan, b\u00f6ylesi bir durumda bile &#8216;Durmak yok, yola devam&#8217; demektedir. Anla\u015f\u0131ld\u0131\u011f\u0131 kadar\u0131yla iktidarda kal\u0131rsa i\u015fsizli\u011fi, yoklu\u011fu, muhta\u00e7l\u0131\u011f\u0131 devam ettirecektir. Bu \u015fartlar alt\u0131nda yine iktidara geleceklerini iddia etmektedir. T\u00fcrkiye k\u00f6t\u00fc y\u00f6netilmektedir. \u0130stanbul &#8216;imdat&#8217; \u00e7a\u011fr\u0131lar\u0131 vermektedir, Ba\u015fbakan, ba\u015far\u0131l\u0131 olduklar\u0131 yalan\u0131n\u0131 \u0131srarla s\u00fcrd\u00fcrmektedir. Hala \u0131smarlama anketlerde oyunu y\u00fcksek g\u00f6stermektedir. Bir iktidar\u0131n gitmesi i\u00e7in daha ne olmas\u0131 gerekmektedir? Hangi sosyal ve ekonomik kaosa ihtiya\u00e7 vard\u0131r? \u00dclkemiz zaten yang\u0131n yeridir.<\/p>\n<p style=\"text-align: justify;\">\u0130stanbul&#8217;un her taraf\u0131nda hayal k\u0131r\u0131kl\u0131klar\u0131 vard\u0131r. Gen\u00e7lerimiz i\u015f bulamad\u0131\u011f\u0131ndan dolay\u0131 yuva kuramamaktad\u0131r. Yar\u0131nlar karanl\u0131kt\u0131r. Bu nedenle her y\u0131l 700 bin karde\u015fime i\u015f vermek i\u00e7in \u0130stanbul&#8217;dan ses veriyoruz. Y\u00fczde 7&#8217;lik ekonomik b\u00fcy\u00fcme hedefiyle i\u015fsizlik sorunun \u00fcstesinden mutlaka gelece\u011fiz. Gen\u00e7lerimizin yurt ve bar\u0131nma sorunlar\u0131n\u0131 temelinden \u00e7\u00f6zmek ve parasal yard\u0131mlar\u0131 art\u0131rmak i\u00e7in buradan s\u00f6z veriyoruz.\u201d<\/p>\n<p style=\"text-align: justify;\">Cezaevlerinin i\u015fsizlik ve yoksulluktan dolay\u0131 hayatlar\u0131 kararanlarla dolu oldu\u011funu, bo\u015fanmalar\u0131n, aile i\u00e7in dramlar\u0131n fazlala\u015ft\u0131\u011f\u0131n\u0131 anlatan Bah\u00e7eli, \u015f\u00f6yle devam etti:<\/p>\n<p style=\"text-align: justify;\">\u201cYoksul karde\u015fim \u0131st\u0131rap i\u00e7indedir. Ba\u015f\u0131n\u0131 sokacak bir meskeni yoktur. \u00dclkemizde her 100 ki\u015fiden 38&#8217;i evini \u0131s\u0131tacak imkandan mahrumdur. Milletimizin yar\u0131s\u0131 et yiyememektedir. \u0130stanbul&#8217;da bu manzara daha da vahimdir.<\/p>\n<p style=\"text-align: justify;\">Ba\u015fbakan Erdo\u011fan buna da &#8216;istikrar&#8217; demektedir. Milletimizin akl\u0131yla zekas\u0131yla alay etmektedir. E\u015fitsizlik ve gelir da\u011f\u0131l\u0131m\u0131ndaki adaletsizlik z\u0131vanadan \u00e7\u0131km\u0131\u015ft\u0131r. Yanda\u015flar kazanm\u0131\u015f, palazlanm\u0131\u015f ve zenginle\u015fmi\u015f, siz \u0130stanbullu karde\u015flerim kaybetmi\u015ftir. Hanedan \u00e7ocuklar\u0131 gemi alm\u0131\u015f, m\u0131s\u0131r ticaretine girmi\u015f, yumurtac\u0131 ve enerji patronu olmu\u015ftur. Talih bir avu\u00e7 haramzadeye g\u00fclerken milletimize hi\u00e7 u\u011framam\u0131\u015ft\u0131r.\u201d<\/p>\n<p style=\"text-align: justify;\"><a href=\"http:\/\/www.radikal.com.tr\/Radikal.aspx?aType=RadikalDetayV3&amp;ArticleID=1051028&amp;Date=29.05.2011&amp;CategoryID=78\" target=\"_blank\">Kaynak : Radikal<\/a><\/p>\n","protected":false},"excerpt":{"rendered":"<p style=\"text-align: center;\">\n<p style=\"text-align: justify;\">MHP Genel Ba\u015fkan\u0131 Devlet Bah\u00e7eli, &#8220;\u0130stanbul &#8216;imdat&#8217; \u00e7a\u011fr\u0131lar\u0131 vermektedir, Ba\u015fbakan, ba\u015far\u0131l\u0131 olduklar\u0131 yalan\u0131n\u0131 \u0131srarla s\u00fcrd\u00fcrmektedir. Hala \u0131smarlama anketlerde oyunu y\u00fcksek g\u00f6stermektedir&#8221; dedi.<\/p>\n","protected":false},"author":1,"featured_media":0,"comment_status":"open","ping_status":"closed","sticky":false,"template":"","format":"standard","meta":{"footnotes":""},"categories":[105],"tags":[],"class_list":["post-33802","post","type-post","status-publish","format-standard","hentry","category-gundem","odd"],"_links":{"self":[{"href":"http:\/\/www.korhanyilmaz.com\/index.php?rest_route=\/wp\/v2\/posts\/33802","targetHints":{"allow":["GET"]}}],"collection":[{"href":"http:\/\/www.korhanyilmaz.com\/index.php?rest_route=\/wp\/v2\/posts"}],"about":[{"href":"http:\/\/www.korhanyilmaz.com\/index.php?rest_route=\/wp\/v2\/types\/post"}],"author":[{"embeddable":true,"href":"http:\/\/www.korhanyilmaz.com\/index.php?rest_route=\/wp\/v2\/users\/1"}],"replies":[{"embeddable":true,"href":"http:\/\/www.korhanyilmaz.com\/index.php?rest_route=%2Fwp%2Fv2%2Fcomments&post=33802"}],"version-history":[{"count":0,"href":"http:\/\/www.korhanyilmaz.com\/index.php?rest_route=\/wp\/v2\/posts\/33802\/revisions"}],"wp:attachment":[{"href":"http:\/\/www.korhanyilmaz.com\/index.php?rest_route=%2Fwp%2Fv2%2Fmedia&parent=33802"}],"wp:term":[{"taxonomy":"category","embeddable":true,"href":"http:\/\/www.korhanyilmaz.com\/index.php?rest_route=%2Fwp%2Fv2%2Fcategories&post=33802"},{"taxonomy":"post_tag","embeddable":true,"href":"http:\/\/www.korhanyilmaz.com\/index.php?rest_route=%2Fwp%2Fv2%2Ftags&post=33802"}],"curies":[{"name":"wp","href":"https:\/\/api.w.org\/{rel}","templated":true}]}}