{"id":33798,"date":"2011-05-29T15:12:55","date_gmt":"2011-05-29T12:12:55","guid":{"rendered":"http:\/\/www.korhanyilmaz.com\/?p=33798"},"modified":"2011-05-29T15:12:55","modified_gmt":"2011-05-29T12:12:55","slug":"akpye-baglanan-hortumlari-kesecegim","status":"publish","type":"post","link":"http:\/\/www.korhanyilmaz.com\/?p=33798","title":{"rendered":"&#8216;AKP&#8217;ye ba\u011flanan hortumlar\u0131 kesece\u011fim&#8217;"},"content":{"rendered":"<p style=\"text-align: justify;\"><a href=\"http:\/\/www.korhanyilmaz.com\/wp-content\/uploads\/2011\/05\/418.jpg\"  class=\"lightview\"><img loading=\"lazy\" decoding=\"async\" class=\"aligncenter size-full wp-image-33799\" src=\"http:\/\/www.korhanyilmaz.com\/wp-content\/uploads\/2011\/05\/418.jpg\" alt=\"\" width=\"384\" height=\"254\" \/><\/a><\/p>\n<p style=\"text-align: justify;\">CHP Genel Ba\u015fkan\u0131 Kemal K\u0131l\u0131\u00e7daro\u011flu, Kad\u0131k\u00f6y&#8217;deki mitinginde AKP&#8217;yi ele\u015ftirdi.<\/p>\n<p style=\"text-align: justify;\">\u0130STANBUL-CHP Genel Ba\u015fkan\u0131 Kemal K\u0131l\u0131\u00e7daro\u011flu, \u00fclkenin sorunlar\u0131na iktidar\u0131n tamamen kay\u0131ts\u0131z kald\u0131\u011f\u0131n\u0131 ileri s\u00fcrerek, &#8220;Onlar rant\u0131n pe\u015findeler, onlar \u00fclkenin rant\u0131na talipler. Hepsi k\u00f6\u015feyi d\u00f6nd\u00fc. AKP\u2019nin genel merkezine ba\u011flanan hortumlar\u0131 kesece\u011fiz, o hortumlar\u0131 halka verece\u011fim&#8221; dedi. <!--more--><\/p>\n<p style=\"text-align: justify;\">K\u0131l\u0131\u00e7daro\u011flu, se\u00e7im \u00e7al\u0131\u015fmalar\u0131 kapsam\u0131nda Kad\u0131k\u00f6y\u2019de vatanda\u015flar\u0131 se\u00e7im otob\u00fcs\u00fcnden selamlad\u0131. Ayr\u0131ca baz\u0131 esnaf\u0131 ziyaret eden K\u0131l\u0131\u00e7daro\u011flu, vatanda\u015flarla sohbet etti. Ba\u011fdat Caddesi\u2019nde se\u00e7im otob\u00fcs\u00fcn\u00fcn \u00fcst\u00fcne \u00e7\u0131kan K\u0131l\u0131\u00e7daro\u011flu, CHP Genel Ba\u015fkan Yard\u0131mc\u0131s\u0131 G\u00fcrsel Tekin ve Kad\u0131k\u00f6y Belediye Ba\u015fkan\u0131 Selami \u00d6zt\u00fcrk ile vatanda\u015flara karanfil att\u0131.<\/p>\n<p style=\"text-align: justify;\">Daha sonra Maltepe\u2019ye ge\u00e7en K\u0131l\u0131\u00e7daro\u011flu, burada partisinin d\u00fczenledi\u011fi mitingde halka seslendi. K\u0131l\u0131\u00e7daro\u011flu, &#8220;12 Haziran\u2019da haramilerin iktidar\u0131n\u0131 y\u0131k\u0131p halk\u0131n iktidar\u0131n\u0131 kuracaklar\u0131n\u0131&#8221; ifade etti.<\/p>\n<p style=\"text-align: justify;\">T\u00fcrkiye\u2019de herkesin huzur i\u00e7inde ya\u015famas\u0131n\u0131 istediklerini anlatan Kl\u0131\u00e7daor\u011flu, &#8220;Biz, \u00fclkemizde bar\u0131\u015f i\u00e7inde, karde\u015f\u00e7e ya\u015famak istiyoruz, bir \u00e7ocu\u011fun bile yata\u011fa a\u00e7 girmedi\u011fi g\u00fczel bir \u00fclke istiyoruz&#8221; dedi.<\/p>\n<p style=\"text-align: justify;\">&#8220;Ezildik\u00e7e \u00e7o\u011fald\u0131k&#8221; yaz\u0131l\u0131 bir pankart\u0131 okuyan K\u0131l\u0131\u00e7daro\u011flu, \u015funlar\u0131 s\u00f6yledi:<\/p>\n<p style=\"text-align: justify;\">&#8220;Bask\u0131 var, \u015fiddet var, ezilme var, esnaf siftah yapam\u0131yor. O halde ezildik\u00e7e \u00e7o\u011falaca\u011f\u0131z, \u00e7o\u011fald\u0131k\u00e7a iktidara gidece\u011fiz. CHP emeklinin, i\u015f\u00e7inin, sanatkar\u0131n, esnaf\u0131n, ev kad\u0131n\u0131n\u0131n, \u00e7al\u0131\u015fanlar\u0131n partisidir, CHP, halk\u0131n partisidir. Yola \u00e7\u0131kt\u0131k m\u00fccadele ediyoruz. Bu \u00fclkede huzuru sa\u011flaman\u0131n yolu, herkesin karn\u0131n\u0131n doymas\u0131ndan ge\u00e7iyor, bu \u00fclkede bar\u0131\u015f\u0131 sa\u011flaman\u0131n yolu, herkesin \u00e7al\u0131\u015fmas\u0131ndan, bu \u00fclkede \u00f6zg\u00fcrl\u00fc\u011f\u00fc sa\u011flaman\u0131n yolu, herkesin \u00f6rg\u00fctlenmesinden ge\u00e7iyor. Biz a\u015f ve i\u015f d\u00fc\u015f\u00fcn\u00fcyoruz; biz, \u00f6zg\u00fcr bir toplum istiyoruz; biz, demokrasi istiyoruz; bu g\u00fczel \u00fclkede bar\u0131\u015f i\u00e7inde yan yana huzurlu ya\u015famak istiyoruz.&#8221;<\/p>\n<p style=\"text-align: justify;\">T\u00fcrkiye\u2019de pek \u00e7ok sorun oldu\u011funu vurgulayan K\u0131l\u0131\u00e7daro\u011flu, &#8220;\u00dclkenin sorunlar\u0131na iktidar tamamen kay\u0131ts\u0131z. Onlar rant\u0131n pe\u015findeler, onlar \u00fclkenin rant\u0131na talipler. Hepsi k\u00f6\u015feyi d\u00f6nd\u00fc. AKP\u2019nin genel merkezine ba\u011flanan hortumlar\u0131 kesece\u011fiz, o hortumlar\u0131 halka verece\u011fim&#8221; dedi.<\/p>\n<p style=\"text-align: justify;\">K\u0131l\u0131\u00e7daro\u011flu, 9 y\u0131ld\u0131r AK Parti\u2019nin \u00fclkeyi y\u00f6netti\u011fini, \u00fclkede b\u00fct\u00fcn kesimin mutsuz oldu\u011funu ve hayat\u0131ndan memnun olmad\u0131\u011f\u0131n\u0131 \u00f6ne s\u00fcrerek, h\u00fck\u00fcmetin icra dairelerinin say\u0131lar\u0131n\u0131 artt\u0131rd\u0131\u011f\u0131na de\u011findi.<\/p>\n<p style=\"text-align: justify;\">Her kesime sayg\u0131 g\u00f6stereceklerini, \u00e7evreyi koruyacaklar\u0131n\u0131 kaydeden K\u0131l\u0131\u00e7daro\u011flu, &#8220;i\u015fsizlerin, \u00e7ift\u00e7ilerin, yurtseverlerin art\u0131k AK Parti\u2019nin oltas\u0131na gelmeyece\u011fini&#8221; belirtti.<\/p>\n<p style=\"text-align: justify;\"><strong>&#8220;ALLAH\u2019INA KURBAN MALTEPE&#8221;<\/strong><\/p>\n<p style=\"text-align: justify;\">1 milyon 700 bin \u00e7ocu\u011fun umudunun s\u00f6nd\u00fcr\u00fcld\u00fc\u011f\u00fcn\u00fc savunan K\u0131l\u0131\u00e7daro\u011flu, &#8220;\u00e7ocuklar\u0131n \u015fifreli s\u0131nav kurban\u0131 oldu\u011funu, \u00e7ocuklar\u0131n\u0131n gelece\u011fiyle oynanan ailelerin, AK Parti\u2019ye ders vermeleri gerekti\u011fini&#8221; dile getirdi.<\/p>\n<p style=\"text-align: justify;\">K\u0131l\u0131\u00e7daro\u011flu, &#8220;Anneler s\u00f6z veriyor musunuz? Siz s\u00f6z veriyorsan\u0131z, \u2019Recep\u2019e yol g\u00f6r\u00fcnd\u00fc\u2019 demektir. B\u00fct\u00fcn meydanlarda 81 ilde AK Parti\u2019yi silkeleyece\u011fim. Size \u00f6nemli bir g\u00f6rev d\u00fc\u015f\u00fcyor, dallar\u0131n\u0131 da siz silkeleyeceksiniz. Silkeliyorum da ezberleri \u015fa\u015ft\u0131. Yukar\u0131dan elma armut d\u00fc\u015fer diye beklemeyin dikkatli olun her an Recep d\u00fc\u015febilir&#8221; ifadelerini kulland\u0131.<\/p>\n<p style=\"text-align: justify;\">&#8220;Emekliler, enerji tasarrufu yap\u0131n, ampulleri gev\u015fet&#8221; yaz\u0131l\u0131 bir pankart okuyan K\u0131l\u0131\u00e7daro\u011flu, 9 milyon emeklilinin oyunu istedi.<\/p>\n<p style=\"text-align: justify;\">K\u0131l\u0131\u00e7daro\u011flu, hortumculardan, yalandan talandan temizlenmi\u015f g\u00fczel bir T\u00fcrkiye istediklerini kaydederek &#8220;Karde\u015f kavgas\u0131 olmas\u0131n istiyoruz, herkes bar\u0131\u015f i\u00e7inde huzurlu ya\u015fas\u0131n istiyoruz. Hakkari\u2019ye, Mu\u015f\u2019a, Bitlis\u2019e gittim, adamlar\u0131n ezberleri bozuldu. Hi\u00e7 merak etmeyin kimyalar\u0131n\u0131 da bozaca\u011f\u0131m&#8221; diye konu\u015ftu.<\/p>\n<p style=\"text-align: justify;\">Meydanlarda halk\u00e7\u0131, devrimci, fakirden, ezilenden, kad\u0131n erkek e\u015fitli\u011finden, \u00f6zg\u00fcrl\u00fckten yana olan CHP\u2019yi anlatt\u0131klar\u0131n\u0131 aktaran K\u0131l\u0131\u00e7daro\u011flu, &#8220;Bir \u015fey s\u00f6yleyece\u011fim Recep Bey yine bozulacak: \u2019Allah\u2019\u0131na kurban Maltepe\u2019 diyorum&#8221; dedi.<\/p>\n<p style=\"text-align: justify;\">CHP\u2019nin, herkes i\u00e7in var oldu\u011funu ifade eden K\u0131l\u0131\u00e7daro\u011flu, &#8220;CHP varsa, hem Hakkari i\u00e7in, hem Diyarbak\u0131r i\u00e7in var, hem \u0130stanbul hem \u0130zmir i\u00e7in var. CHP, herkes i\u00e7in var&#8221; \u015feklinde konu\u015ftu.<\/p>\n<p style=\"text-align: justify;\"><a href=\"http:\/\/www.radikal.com.tr\/Radikal.aspx?aType=RadikalDetayV3&amp;ArticleID=1050996&amp;Date=29.05.2011&amp;CategoryID=78\" target=\"_blank\">Kaynak : Radikal<\/a><\/p>\n","protected":false},"excerpt":{"rendered":"<p style=\"text-align: justify;\">\n<p style=\"text-align: justify;\">CHP Genel Ba\u015fkan\u0131 Kemal K\u0131l\u0131\u00e7daro\u011flu, Kad\u0131k\u00f6y&#8217;deki mitinginde AKP&#8217;yi ele\u015ftirdi.<\/p>\n<p style=\"text-align: justify;\">\u0130STANBUL-CHP Genel Ba\u015fkan\u0131 Kemal K\u0131l\u0131\u00e7daro\u011flu, \u00fclkenin sorunlar\u0131na iktidar\u0131n tamamen kay\u0131ts\u0131z kald\u0131\u011f\u0131n\u0131 ileri s\u00fcrerek, &#8220;Onlar rant\u0131n pe\u015findeler, onlar \u00fclkenin rant\u0131na talipler. Hepsi k\u00f6\u015feyi d\u00f6nd\u00fc. AKP\u2019nin genel merkezine ba\u011flanan hortumlar\u0131 kesece\u011fiz, o hortumlar\u0131 halka verece\u011fim&#8221; dedi. <\/p>\n","protected":false},"author":1,"featured_media":0,"comment_status":"open","ping_status":"closed","sticky":false,"template":"","format":"standard","meta":{"footnotes":""},"categories":[105],"tags":[],"class_list":["post-33798","post","type-post","status-publish","format-standard","hentry","category-gundem","odd"],"_links":{"self":[{"href":"http:\/\/www.korhanyilmaz.com\/index.php?rest_route=\/wp\/v2\/posts\/33798","targetHints":{"allow":["GET"]}}],"collection":[{"href":"http:\/\/www.korhanyilmaz.com\/index.php?rest_route=\/wp\/v2\/posts"}],"about":[{"href":"http:\/\/www.korhanyilmaz.com\/index.php?rest_route=\/wp\/v2\/types\/post"}],"author":[{"embeddable":true,"href":"http:\/\/www.korhanyilmaz.com\/index.php?rest_route=\/wp\/v2\/users\/1"}],"replies":[{"embeddable":true,"href":"http:\/\/www.korhanyilmaz.com\/index.php?rest_route=%2Fwp%2Fv2%2Fcomments&post=33798"}],"version-history":[{"count":0,"href":"http:\/\/www.korhanyilmaz.com\/index.php?rest_route=\/wp\/v2\/posts\/33798\/revisions"}],"wp:attachment":[{"href":"http:\/\/www.korhanyilmaz.com\/index.php?rest_route=%2Fwp%2Fv2%2Fmedia&parent=33798"}],"wp:term":[{"taxonomy":"category","embeddable":true,"href":"http:\/\/www.korhanyilmaz.com\/index.php?rest_route=%2Fwp%2Fv2%2Fcategories&post=33798"},{"taxonomy":"post_tag","embeddable":true,"href":"http:\/\/www.korhanyilmaz.com\/index.php?rest_route=%2Fwp%2Fv2%2Ftags&post=33798"}],"curies":[{"name":"wp","href":"https:\/\/api.w.org\/{rel}","templated":true}]}}