{"id":33794,"date":"2011-05-29T13:31:16","date_gmt":"2011-05-29T10:31:16","guid":{"rendered":"http:\/\/www.korhanyilmaz.com\/?p=33794"},"modified":"2011-05-29T13:31:16","modified_gmt":"2011-05-29T10:31:16","slug":"demirtastan-akpli-adaylara-cagri","status":"publish","type":"post","link":"http:\/\/www.korhanyilmaz.com\/?p=33794","title":{"rendered":"Demirta\u015f&#8217;tan AKP&#8217;li adaylara \u00e7a\u011fr\u0131"},"content":{"rendered":"<p style=\"text-align: justify;\"><a href=\"http:\/\/www.korhanyilmaz.com\/wp-content\/uploads\/2011\/05\/fft27_mf731068.Jpeg.jpg\"  class=\"lightview\"><img loading=\"lazy\" decoding=\"async\" class=\"aligncenter size-full wp-image-33795\" src=\"http:\/\/www.korhanyilmaz.com\/wp-content\/uploads\/2011\/05\/fft27_mf731068.Jpeg.jpg\" alt=\"\" width=\"395\" height=\"107\" \/><\/a><\/p>\n<p style=\"text-align: justify;\">BDP eski Genel Ba\u015fkan\u0131 ve Hakkari ba\u011f\u0131ms\u0131z milletvekili aday\u0131 Selahattin Demirta\u015f, bu ildeki Ak Parti milletvekili adaylar\u0131n\u0131n se\u00e7imden \u00e7ekilmesi \u00e7a\u011fr\u0131s\u0131nda bulundu ve se\u00e7menlerden de iktidar partisine tek bir oy vermemesini istedi.<!--more--><\/p>\n<p style=\"text-align: justify;\">HAKKAR\u0130- Selahattin Demirta\u015fi, Ak Parti\u2019nin en g\u00fc\u00e7l\u00fc oldu\u011fu Zeydan a\u015firetinin k\u00f6ylerine se\u00e7im ziyareti yapt\u0131. Hakkari kent merkezinde 40 ara\u00e7l\u0131k konvoyla yola \u00e7\u0131karak E\u011fercik, Do\u011fanyurt, I\u015f\u0131kl\u0131, Demirta\u015f ve Ak\u00e7al\u0131 k\u00f6ylerine giden Demirta\u015f, PKK\u2019n\u0131n eleba\u015f\u0131 Abdullap \u00d6calan\u2019\u0131n posterlerini ta\u015f\u0131yan \u00e7ocuklarla foto\u011fraf \u00e7ektirdi. K\u00f6ylerde yapt\u0131\u011f\u0131 konu\u015fmalarda Ba\u015fbakan Erdo\u011fan\u2019\u0131n Hakkari halk\u0131n\u0131 korkakl\u0131kla su\u00e7lad\u0131\u011f\u0131n\u0131 ileri s\u00fcren Demirta\u015f, Ak Parti\u2019ye bu ilden tek oy \u00e7\u0131kmamas\u0131 gerekti\u011fini s\u00f6yledi. Selahattin Demirta\u015f, Hakkari\u2019deki Ak Parti milletvekili adaylar\u0131na da b\u00f6yle hassas bir s\u00fcre\u00e7te adayl\u0131ktan \u00e7ekilip gelip kendilerine destek vermeleri \u00e7a\u011fr\u0131s\u0131nda bulundu. Demirta\u015f, bu konuda \u015funlar\u0131 s\u00f6yledi:<\/p>\n<p style=\"text-align: justify;\">&#8220;Biz bug\u00fcne kadar bu topraklarda, bu kadar zorlu\u011fa ra\u011fmen onuruyla dik duran ve kendi halk\u0131n\u0131n yan\u0131nda olan, bug\u00fcn itibariyle de b\u00fct\u00fcn halk\u0131n ittifak\u0131 i\u00e7in, birli\u011fi i\u00e7in elini ta\u015f\u0131n alt\u0131na koyan herkese te\u015fekk\u00fcr etmeye geldik. Sizi tan\u0131mayan\u0131 asla ama asla biz de tan\u0131m\u0131yoruz. Bizi tan\u0131mayan\u0131, bu topraklarda tan\u0131m\u0131yoruz deme d\u00f6nemidir. Bu nedenle bu saatten sonra art\u0131k tek bir oyun ba\u015fka herhangi bir partiye \u00e7\u0131kmamas\u0131 gerekir. \u0130ste\u011fimiz, ricam\u0131z budur. \u00c7\u00fcnk\u00fc o sand\u0131k birli\u011fin, beraberli\u011fin sembol\u00fcd\u00fcr. Siz \u00fc\u00e7te \u00fc\u00e7 yapaca\u011f\u0131n\u0131za eminim. Bunda bir ku\u015fkum da yok.&#8221;<\/p>\n<p style=\"text-align: justify;\">Ak Parti\u2019nin Hakkari milletvekili adaylar\u0131n\u0131n da \u00e7ekilmesini isteyen Selahattin Demirta\u015f, s\u00f6zlerini \u015f\u00f6yle s\u00fcrd\u00fcrd\u00fc:<\/p>\n<p style=\"text-align: justify;\">&#8220;Size kimse demez Necip Zeydan yada Kas\u0131m Demir\u2019e oy vermi\u015fler. B\u00fct\u00fcn d\u00fcnya diyecek ki bunlar Tayyip Erdo\u011fan\u2019a oy veriyorlar. Sizi tan\u0131mayan, gelip Hakkari meydan\u0131nda bu kadar hakaretler ya\u011fd\u0131ran bir Ba\u015fbakan\u0131n partisine buradan tek bir oy \u00e7\u0131kmamal\u0131d\u0131r. Ben buradan \u015fu \u00e7a\u011fr\u0131y\u0131 yap\u0131yorum. Herkes bu blok adaylar\u0131n\u0131n etraf\u0131nda toplanmal\u0131d\u0131r. Di\u011fer partilerin adaylar\u0131na da \u00e7a\u011fr\u0131 yap\u0131yorum. Gerekirse bu ittifak\u0131 g\u00fc\u00e7lendirmek i\u00e7in blo\u011fun lehine gerekirse adayl\u0131ktan \u00e7ekilmelidirler. Halka ger\u00e7ekten hizmet etmek istiyorlarsa ben kendilerine samimi bir \u00e7a\u011fr\u0131 yap\u0131yorum. Kendi iradeleriyle tart\u0131\u015fs\u0131nlar. Gerekirse se\u00e7imden \u00e7ekilmek ve adayl\u0131ktan \u00e7ekilmeyi g\u00f6ze als\u0131nlar ve halk\u0131n\u0131n yan\u0131nda , kendi ailelerinin yan\u0131nda yer als\u0131nlar.&#8221;<\/p>\n<p style=\"text-align: justify;\"><a href=\"http:\/\/www.radikal.com.tr\/Radikal.aspx?aType=RadikalDetayV3&amp;ArticleID=1050988&amp;Date=29.05.2011&amp;CategoryID=78\" target=\"_blank\">Kaynak : Radikal<\/a><\/p>\n","protected":false},"excerpt":{"rendered":"<p style=\"text-align: justify;\">\n<p style=\"text-align: justify;\">BDP eski Genel Ba\u015fkan\u0131 ve Hakkari ba\u011f\u0131ms\u0131z milletvekili aday\u0131 Selahattin Demirta\u015f, bu ildeki Ak Parti milletvekili adaylar\u0131n\u0131n se\u00e7imden \u00e7ekilmesi \u00e7a\u011fr\u0131s\u0131nda bulundu ve se\u00e7menlerden de iktidar partisine tek bir oy vermemesini istedi.<\/p>\n","protected":false},"author":1,"featured_media":0,"comment_status":"open","ping_status":"closed","sticky":false,"template":"","format":"standard","meta":{"footnotes":""},"categories":[105],"tags":[],"class_list":["post-33794","post","type-post","status-publish","format-standard","hentry","category-gundem","odd"],"_links":{"self":[{"href":"http:\/\/www.korhanyilmaz.com\/index.php?rest_route=\/wp\/v2\/posts\/33794","targetHints":{"allow":["GET"]}}],"collection":[{"href":"http:\/\/www.korhanyilmaz.com\/index.php?rest_route=\/wp\/v2\/posts"}],"about":[{"href":"http:\/\/www.korhanyilmaz.com\/index.php?rest_route=\/wp\/v2\/types\/post"}],"author":[{"embeddable":true,"href":"http:\/\/www.korhanyilmaz.com\/index.php?rest_route=\/wp\/v2\/users\/1"}],"replies":[{"embeddable":true,"href":"http:\/\/www.korhanyilmaz.com\/index.php?rest_route=%2Fwp%2Fv2%2Fcomments&post=33794"}],"version-history":[{"count":0,"href":"http:\/\/www.korhanyilmaz.com\/index.php?rest_route=\/wp\/v2\/posts\/33794\/revisions"}],"wp:attachment":[{"href":"http:\/\/www.korhanyilmaz.com\/index.php?rest_route=%2Fwp%2Fv2%2Fmedia&parent=33794"}],"wp:term":[{"taxonomy":"category","embeddable":true,"href":"http:\/\/www.korhanyilmaz.com\/index.php?rest_route=%2Fwp%2Fv2%2Fcategories&post=33794"},{"taxonomy":"post_tag","embeddable":true,"href":"http:\/\/www.korhanyilmaz.com\/index.php?rest_route=%2Fwp%2Fv2%2Ftags&post=33794"}],"curies":[{"name":"wp","href":"https:\/\/api.w.org\/{rel}","templated":true}]}}